{"id":913,"date":"2016-06-15T18:13:19","date_gmt":"2016-06-15T16:13:19","guid":{"rendered":"http:\/\/wolfsreise.d-l-w.de\/?p=913"},"modified":"2018-06-22T15:40:03","modified_gmt":"2018-06-22T13:40:03","slug":"das-einheitshotel-fruehstueck","status":"publish","type":"post","link":"http:\/\/wolfsreise.d-l-w.de\/?p=913","title":{"rendered":"Das Einheitshotel-Fr\u00fchst\u00fcck"},"content":{"rendered":"<p>Viele Hotels gesehen im Alentejo und in Lissabon! Und in jedem, wirklich in jedem, gibt es das gleiche, das exakt identische Fr\u00fchst\u00fcck zum Selberzusammenstellen.<\/p>\n<p>1. suchen, wo das Wasser f\u00fcr den Tee versteckt ist, den Portugal ist ein Kaffeetrinkerland.<\/p>\n<p>2. zwischen den vielen Gesundheitstees den schwarzen Tee entdecken.<\/p>\n<p>3. Brotscheiben in den Toster stecken und m\u00f6glichst nicht vergessen.<\/p>\n<p>4. den Einheitsformschinken in hauchd\u00fcnnen Scheiben und den Einheitsk\u00e4se, ebenso d\u00fcnn geschnitten mit wenig Geschmack auf einen Teller laden und<\/p>\n<p>5. die Abgespackte Butter com sal erwischen, mindestens 3 Packete mitnehmen und den M\u00fcllberg vergr\u00f6\u00dfern.<\/p>\n<p>6. Inzwischen ist der Toast schwarz, ebenso wie der Tee.<\/p>\n<p>7. unter den Yougurtbechern mit k\u00fcnstlichem Geschmacksverst\u00e4rker das &#8222;neutrale&#8220; suchen und eine Klebemarmelade (ebenso k\u00fcnstlich) mit an den Tisch nehmen.<\/p>\n<p>8. endlich Fr\u00fchst\u00fccken oder besser wie alle Portugiesen ins Caf\u00e9 gehen und dort was Sch\u00f6nes aussuchen.<\/p>\n<p>Wer hat die Hotels blo\u00df so beraten? Eine Firma liefert die Fr\u00fchst\u00fcckslebensmittel und hat sich eine goldene Nase verdient? Bom Apetite!<\/p>\n<figure id=\"attachment_916\" aria-describedby=\"caption-attachment-916\" style=\"width: 1000px\" class=\"wp-caption alignnone\"><a href=\"http:\/\/wolfsreise.d-l-w.de\/wp-content\/uploads\/2016\/06\/img_0877.jpg\"><img loading=\"lazy\" decoding=\"async\" class=\"wp-image-916 size-full\" src=\"http:\/\/wolfsreise.d-l-w.de\/wp-content\/uploads\/2016\/06\/img_0877.jpg\" width=\"1000\" height=\"746\" srcset=\"http:\/\/wolfsreise.d-l-w.de\/wp-content\/uploads\/2016\/06\/img_0877.jpg 1000w, http:\/\/wolfsreise.d-l-w.de\/wp-content\/uploads\/2016\/06\/img_0877-150x112.jpg 150w, http:\/\/wolfsreise.d-l-w.de\/wp-content\/uploads\/2016\/06\/img_0877-300x224.jpg 300w, http:\/\/wolfsreise.d-l-w.de\/wp-content\/uploads\/2016\/06\/img_0877-768x573.jpg 768w\" sizes=\"(max-width: 767px) 89vw, (max-width: 1000px) 54vw, (max-width: 1071px) 543px, 580px\" \/><\/a><figcaption id=\"caption-attachment-916\" class=\"wp-caption-text\">wer hat hier beraten? abgesehen vom Einheitsschinken, Einheitsk\u00e4se und der Einheitswurst gibt es Butter nur abgepackt &#8211; viel M\u00fcll + teurer Einkauf<\/figcaption><\/figure>\n","protected":false},"excerpt":{"rendered":"<p>Viele Hotels gesehen im Alentejo und in Lissabon! Und in jedem, wirklich in jedem, gibt es das gleiche, das exakt identische Fr\u00fchst\u00fcck zum Selberzusammenstellen. 1. suchen, wo das Wasser f\u00fcr den Tee versteckt ist, den Portugal ist ein Kaffeetrinkerland. 2. zwischen den vielen Gesundheitstees den schwarzen Tee entdecken. 3. Brotscheiben in den Toster stecken und &hellip; <\/p>\n<p class=\"link-more\"><a href=\"http:\/\/wolfsreise.d-l-w.de\/?p=913\" class=\"more-link\"><span class=\"screen-reader-text\">\u201eDas Einheitshotel-Fr\u00fchst\u00fcck\u201c<\/span> weiterlesen<\/a><\/p>\n","protected":false},"author":2,"featured_media":0,"comment_status":"open","ping_status":"open","sticky":false,"template":"","format":"standard","meta":{"footnotes":""},"categories":[8],"tags":[],"class_list":["post-913","post","type-post","status-publish","format-standard","hentry","category-portugal"],"_links":{"self":[{"href":"http:\/\/wolfsreise.d-l-w.de\/index.php?rest_route=\/wp\/v2\/posts\/913"}],"collection":[{"href":"http:\/\/wolfsreise.d-l-w.de\/index.php?rest_route=\/wp\/v2\/posts"}],"about":[{"href":"http:\/\/wolfsreise.d-l-w.de\/index.php?rest_route=\/wp\/v2\/types\/post"}],"author":[{"embeddable":true,"href":"http:\/\/wolfsreise.d-l-w.de\/index.php?rest_route=\/wp\/v2\/users\/2"}],"replies":[{"embeddable":true,"href":"http:\/\/wolfsreise.d-l-w.de\/index.php?rest_route=%2Fwp%2Fv2%2Fcomments&post=913"}],"version-history":[{"count":5,"href":"http:\/\/wolfsreise.d-l-w.de\/index.php?rest_route=\/wp\/v2\/posts\/913\/revisions"}],"predecessor-version":[{"id":979,"href":"http:\/\/wolfsreise.d-l-w.de\/index.php?rest_route=\/wp\/v2\/posts\/913\/revisions\/979"}],"wp:attachment":[{"href":"http:\/\/wolfsreise.d-l-w.de\/index.php?rest_route=%2Fwp%2Fv2%2Fmedia&parent=913"}],"wp:term":[{"taxonomy":"category","embeddable":true,"href":"http:\/\/wolfsreise.d-l-w.de\/index.php?rest_route=%2Fwp%2Fv2%2Fcategories&post=913"},{"taxonomy":"post_tag","embeddable":true,"href":"http:\/\/wolfsreise.d-l-w.de\/index.php?rest_route=%2Fwp%2Fv2%2Ftags&post=913"}],"curies":[{"name":"wp","href":"https:\/\/api.w.org\/{rel}","templated":true}]}}