{"id":877,"date":"2016-06-13T13:02:05","date_gmt":"2016-06-13T11:02:05","guid":{"rendered":"http:\/\/wolfsreise.d-l-w.de\/?p=877"},"modified":"2018-06-22T15:40:04","modified_gmt":"2018-06-22T13:40:04","slug":"korkeichen-schneiden-aller-9-jahre","status":"publish","type":"post","link":"http:\/\/wolfsreise.d-l-w.de\/?p=877","title":{"rendered":"Korkeichen schneiden &#8211; aller 9 Jahre"},"content":{"rendered":"<figure id=\"attachment_881\" aria-describedby=\"caption-attachment-881\" style=\"width: 401px\" class=\"wp-caption alignleft\"><img loading=\"lazy\" decoding=\"async\" class=\"wp-image-881\" src=\"http:\/\/wolfsreise.d-l-w.de\/wp-content\/uploads\/2016\/06\/DSCF5227-300x225.jpg\" alt=\"DSCF5227\" width=\"401\" height=\"301\" srcset=\"http:\/\/wolfsreise.d-l-w.de\/wp-content\/uploads\/2016\/06\/DSCF5227-300x225.jpg 300w, http:\/\/wolfsreise.d-l-w.de\/wp-content\/uploads\/2016\/06\/DSCF5227-150x113.jpg 150w, http:\/\/wolfsreise.d-l-w.de\/wp-content\/uploads\/2016\/06\/DSCF5227.jpg 640w\" sizes=\"(max-width: 401px) 100vw, 401px\" \/><figcaption id=\"caption-attachment-881\" class=\"wp-caption-text\">Frisch gesch\u00e4lter Korkeichenstamm in hellem Sienarot<\/figcaption><\/figure>\n<p>Der besondere Baum des Alentejo ist und bleibt die Korkeiche. Jede Menge gibt es dar\u00fcber zu lernen. Zum Beispiel das sie erst 40 Jahre alt werden muss, um das erste Mal Kork zu liefern. Dass sie dann aller 9 Jahre gesch\u00e4lt werden darf und dass dies eine verzwickte Angelegenheit ist, die gekonnt sein will. Warum aller 9 Jahre? Dann ist der Kork dick genug und man muss nur eine Ziffer auf den Stamm malen, um sich zu erinnern, wann wieder Sch\u00e4lzeit ist.<\/p>\n<figure id=\"attachment_882\" aria-describedby=\"caption-attachment-882\" style=\"width: 304px\" class=\"wp-caption alignright\"><img loading=\"lazy\" decoding=\"async\" class=\"wp-image-882\" src=\"http:\/\/wolfsreise.d-l-w.de\/wp-content\/uploads\/2016\/06\/DSCF5230-225x300.jpg\" alt=\"DSCF5230\" width=\"304\" height=\"405\" srcset=\"http:\/\/wolfsreise.d-l-w.de\/wp-content\/uploads\/2016\/06\/DSCF5230-225x300.jpg 225w, http:\/\/wolfsreise.d-l-w.de\/wp-content\/uploads\/2016\/06\/DSCF5230-113x150.jpg 113w, http:\/\/wolfsreise.d-l-w.de\/wp-content\/uploads\/2016\/06\/DSCF5230.jpg 480w\" sizes=\"(max-width: 304px) 100vw, 304px\" \/><figcaption id=\"caption-attachment-882\" class=\"wp-caption-text\">Spezialwerkzeug: Leiter und Beil mit Abl\u00f6ser<\/figcaption><\/figure>\n<p>Heute haben wir eine Kolonne getroffen, die die B\u00e4ume gesch\u00e4lt haben. Sie stechen ins Auge mit ihrem sienaroten Stamm, der erst im Laufe des Jahres nachdunkelt. Mit Leiter und Beil &#8211; einem ganz besonderen &#8211; bewaffnet haben ca. 10 Spezialisten sich der B\u00e4ume bem\u00e4chtigt und in Windeseile gro\u00dfe Korkplanken abgesch\u00e4lt. Aber auch kleine St\u00fccke wurde nachgearbeitet. Mit Stolz haben sie ihre Arbeit gezeigt und Fotos machen, dass war ihnen sehr recht. Gerd hat einen L\u00f6ffel aus Kork geschenkt bekommen. Die Suppe kann er nun selbst ausl\u00f6ffeln.<\/p>\n<p>Aber: eine Leiter, ein\u00a0Beil mit einem Stil, der am Ende zum Absch\u00e4len genutzt wird, einem kleine Wasser-Wein-Kanister, einem Transporter und ca. 32 Grad W\u00e4rme trotz Korkeichen-Schatten kein wirklicher Spass. Und auf keinen Fall d\u00fcrfen die B\u00e4ume verletzt werden, denn dann krempeln sie nur noch herum. Und nach dem Sch\u00e4len muss ein sachgerechter Schnitt erfolgen, der m\u00f6glichst viele waagrechte \u00c4ste m\u00f6glich macht, um m\u00f6glichst viel Kork zu ernten.<\/p>\n<p>Der Preis f\u00fcr Kork ist in den letzen Jahren gefallen. Wie weit, wissen wir nicht. Und die Spezialisten werden weniger und weniger. Ema erz\u00e4hlt, dass sie eine schlechte Kolonne engagiert hatten, als der Gro\u00dfvater es nicht mehr selbst machen konnte. Und da die Korkeichen gesch\u00fctzt sind, mussten sie auch noch Strafe f\u00fcr deren schlechten Schnitt zahlen.<\/p>\n<p>Aber andererseits ist Ema&#8217;s Auto vom Erl\u00f6s der Ernte der Korkeichen der Familie bezahlt.<\/p>\n<figure id=\"attachment_883\" aria-describedby=\"caption-attachment-883\" style=\"width: 300px\" class=\"wp-caption alignleft\"><img loading=\"lazy\" decoding=\"async\" class=\"wp-image-883 size-medium\" src=\"http:\/\/wolfsreise.d-l-w.de\/wp-content\/uploads\/2016\/06\/DSCF5232-300x225.jpg\" alt=\"DSCF5232\" width=\"300\" height=\"225\" srcset=\"http:\/\/wolfsreise.d-l-w.de\/wp-content\/uploads\/2016\/06\/DSCF5232-300x225.jpg 300w, http:\/\/wolfsreise.d-l-w.de\/wp-content\/uploads\/2016\/06\/DSCF5232-150x113.jpg 150w, http:\/\/wolfsreise.d-l-w.de\/wp-content\/uploads\/2016\/06\/DSCF5232.jpg 640w\" sizes=\"(max-width: 300px) 100vw, 300px\" \/><figcaption id=\"caption-attachment-883\" class=\"wp-caption-text\">alles auf einem Haufen &#8211; ab auf den Laster<\/figcaption><\/figure>\n<p>100 Korkeichen = 1 ha. Das ist zu wenig, um davon zu profitieren. Aber so what. Sie sind das Potential der Landschaft. Sie sind Arkadien. Sie sind landwirtschaftlich doppelt genutzt durch Getreideuntersaat oder durch Bewegung durch Schafe oder Rinder. Und sie sind das A und das O der Kulturlandschaft des Alentejo.<\/p>\n<p>&nbsp;<\/p>\n","protected":false},"excerpt":{"rendered":"<p>Der besondere Baum des Alentejo ist und bleibt die Korkeiche. Jede Menge gibt es dar\u00fcber zu lernen. Zum Beispiel das sie erst 40 Jahre alt werden muss, um das erste Mal Kork zu liefern. Dass sie dann aller 9 Jahre gesch\u00e4lt werden darf und dass dies eine verzwickte Angelegenheit ist, die gekonnt sein will. Warum &hellip; <\/p>\n<p class=\"link-more\"><a href=\"http:\/\/wolfsreise.d-l-w.de\/?p=877\" class=\"more-link\"><span class=\"screen-reader-text\">\u201eKorkeichen schneiden &#8211; aller 9 Jahre\u201c<\/span> weiterlesen<\/a><\/p>\n","protected":false},"author":2,"featured_media":0,"comment_status":"open","ping_status":"open","sticky":false,"template":"","format":"standard","meta":{"footnotes":""},"categories":[8],"tags":[],"class_list":["post-877","post","type-post","status-publish","format-standard","hentry","category-portugal"],"_links":{"self":[{"href":"http:\/\/wolfsreise.d-l-w.de\/index.php?rest_route=\/wp\/v2\/posts\/877"}],"collection":[{"href":"http:\/\/wolfsreise.d-l-w.de\/index.php?rest_route=\/wp\/v2\/posts"}],"about":[{"href":"http:\/\/wolfsreise.d-l-w.de\/index.php?rest_route=\/wp\/v2\/types\/post"}],"author":[{"embeddable":true,"href":"http:\/\/wolfsreise.d-l-w.de\/index.php?rest_route=\/wp\/v2\/users\/2"}],"replies":[{"embeddable":true,"href":"http:\/\/wolfsreise.d-l-w.de\/index.php?rest_route=%2Fwp%2Fv2%2Fcomments&post=877"}],"version-history":[{"count":7,"href":"http:\/\/wolfsreise.d-l-w.de\/index.php?rest_route=\/wp\/v2\/posts\/877\/revisions"}],"predecessor-version":[{"id":981,"href":"http:\/\/wolfsreise.d-l-w.de\/index.php?rest_route=\/wp\/v2\/posts\/877\/revisions\/981"}],"wp:attachment":[{"href":"http:\/\/wolfsreise.d-l-w.de\/index.php?rest_route=%2Fwp%2Fv2%2Fmedia&parent=877"}],"wp:term":[{"taxonomy":"category","embeddable":true,"href":"http:\/\/wolfsreise.d-l-w.de\/index.php?rest_route=%2Fwp%2Fv2%2Fcategories&post=877"},{"taxonomy":"post_tag","embeddable":true,"href":"http:\/\/wolfsreise.d-l-w.de\/index.php?rest_route=%2Fwp%2Fv2%2Ftags&post=877"}],"curies":[{"name":"wp","href":"https:\/\/api.w.org\/{rel}","templated":true}]}}