{"id":862,"date":"2016-06-12T12:08:12","date_gmt":"2016-06-12T10:08:12","guid":{"rendered":"http:\/\/wolfsreise.d-l-w.de\/?p=862"},"modified":"2018-06-22T15:40:04","modified_gmt":"2018-06-22T13:40:04","slug":"sintre-am-langen-wochenende-um-den-10-juni-sind-schon-alle-da","status":"publish","type":"post","link":"http:\/\/wolfsreise.d-l-w.de\/?p=862","title":{"rendered":"Sintra &#8211; am langen Wochenende um den 10. Juni sind schon alle da!"},"content":{"rendered":"<p>Weltkulturerbe. Was hei\u00dft das? Alle, alle sind schon da. An einem langen Wochenende wollen alle Portugiesen und alle ausl\u00e4ndischen G\u00e4ste die vier in Sintra gebauten Pal\u00e4ste des K\u00f6nigs und seines Gefolges sehen. Disneyland und Neuschwanstein im Gr\u00fcnen, gebaut am steilen Berg, den auch schon die Mauren bebaut haben. Steil geht&#8217;s auf und ab, ein paar 10 Kilometer kann man gut machen. Da das die wenigsten wollen, nimmt die Mahrzahl das Auto oder ein tucktuck. Die Stra\u00dfen sind verstopft, die Parkpl\u00e4tze gef\u00fcllt und wildes Halten ist die Regel. F\u00fcr alles und jedes &#8211; auch f\u00fcr die G\u00e4rten ist ein kr\u00e4ftiger Eintritt f\u00e4llig. Wir verzichten auf Schlange stehen, werfen nur einen abseitigen Blick in die gr\u00fcne H\u00f6lle und finden einen steilen Aufstieg und Abstieg der fast unbelaufen ist. Den nehmen wir, spazieren an einem fast verfallenen Aromagarten vorbei, der im Prospekt noch euphorisch beschrieben ist. Jetzt wird daraus ein Wildkr\u00e4utergarten, der niemanden mehr interessiert.<\/p>\n<p><figure id=\"attachment_870\" aria-describedby=\"caption-attachment-870\" style=\"width: 1000px\" class=\"wp-caption alignnone\"><a href=\"http:\/\/wolfsreise.d-l-w.de\/wp-content\/uploads\/2016\/06\/img_0848.jpg\"><img loading=\"lazy\" decoding=\"async\" width=\"1000\" height=\"746\" alt=\"\" src=\"http:\/\/wolfsreise.d-l-w.de\/wp-content\/uploads\/2016\/06\/img_0848.jpg\" title=\"\" class=\"size-full wp-image-870\" srcset=\"http:\/\/wolfsreise.d-l-w.de\/wp-content\/uploads\/2016\/06\/img_0848.jpg 1000w, http:\/\/wolfsreise.d-l-w.de\/wp-content\/uploads\/2016\/06\/img_0848-150x112.jpg 150w, http:\/\/wolfsreise.d-l-w.de\/wp-content\/uploads\/2016\/06\/img_0848-300x224.jpg 300w, http:\/\/wolfsreise.d-l-w.de\/wp-content\/uploads\/2016\/06\/img_0848-768x573.jpg 768w\" sizes=\"(max-width: 767px) 89vw, (max-width: 1000px) 54vw, (max-width: 1071px) 543px, 580px\" \/><\/a><figcaption id=\"caption-attachment-870\" class=\"wp-caption-text\">Palaco da Prozo oder der  Nationalpalast des K\u00f6nigs<\/figcaption><\/figure><figure id=\"attachment_869\" aria-describedby=\"caption-attachment-869\" style=\"width: 746px\" class=\"wp-caption alignnone\"><a href=\"http:\/\/wolfsreise.d-l-w.de\/wp-content\/uploads\/2016\/06\/img_0855.jpg\"><img loading=\"lazy\" decoding=\"async\" width=\"746\" height=\"1000\" alt=\"\" src=\"http:\/\/wolfsreise.d-l-w.de\/wp-content\/uploads\/2016\/06\/img_0855.jpg\" title=\"\" class=\"size-full wp-image-869\" srcset=\"http:\/\/wolfsreise.d-l-w.de\/wp-content\/uploads\/2016\/06\/img_0855.jpg 746w, http:\/\/wolfsreise.d-l-w.de\/wp-content\/uploads\/2016\/06\/img_0855-112x150.jpg 112w, http:\/\/wolfsreise.d-l-w.de\/wp-content\/uploads\/2016\/06\/img_0855-224x300.jpg 224w\" sizes=\"(max-width: 706px) 89vw, (max-width: 767px) 82vw, 740px\" \/><\/a><figcaption id=\"caption-attachment-869\" class=\"wp-caption-text\">der steile Pfad, den kaum jemand nutzt, vermutlich f\u00fcr die Lieferanten<\/figcaption><\/figure><\/p>\n","protected":false},"excerpt":{"rendered":"<p>Weltkulturerbe. Was hei\u00dft das? Alle, alle sind schon da. An einem langen Wochenende wollen alle Portugiesen und alle ausl\u00e4ndischen G\u00e4ste die vier in Sintra gebauten Pal\u00e4ste des K\u00f6nigs und seines Gefolges sehen. Disneyland und Neuschwanstein im Gr\u00fcnen, gebaut am steilen Berg, den auch schon die Mauren bebaut haben. Steil geht&#8217;s auf und ab, ein paar &hellip; <\/p>\n<p class=\"link-more\"><a href=\"http:\/\/wolfsreise.d-l-w.de\/?p=862\" class=\"more-link\"><span class=\"screen-reader-text\">\u201eSintra &#8211; am langen Wochenende um den 10. Juni sind schon alle da!\u201c<\/span> weiterlesen<\/a><\/p>\n","protected":false},"author":2,"featured_media":0,"comment_status":"open","ping_status":"open","sticky":false,"template":"","format":"standard","meta":{"footnotes":""},"categories":[8],"tags":[],"class_list":["post-862","post","type-post","status-publish","format-standard","hentry","category-portugal"],"_links":{"self":[{"href":"http:\/\/wolfsreise.d-l-w.de\/index.php?rest_route=\/wp\/v2\/posts\/862"}],"collection":[{"href":"http:\/\/wolfsreise.d-l-w.de\/index.php?rest_route=\/wp\/v2\/posts"}],"about":[{"href":"http:\/\/wolfsreise.d-l-w.de\/index.php?rest_route=\/wp\/v2\/types\/post"}],"author":[{"embeddable":true,"href":"http:\/\/wolfsreise.d-l-w.de\/index.php?rest_route=\/wp\/v2\/users\/2"}],"replies":[{"embeddable":true,"href":"http:\/\/wolfsreise.d-l-w.de\/index.php?rest_route=%2Fwp%2Fv2%2Fcomments&post=862"}],"version-history":[{"count":3,"href":"http:\/\/wolfsreise.d-l-w.de\/index.php?rest_route=\/wp\/v2\/posts\/862\/revisions"}],"predecessor-version":[{"id":871,"href":"http:\/\/wolfsreise.d-l-w.de\/index.php?rest_route=\/wp\/v2\/posts\/862\/revisions\/871"}],"wp:attachment":[{"href":"http:\/\/wolfsreise.d-l-w.de\/index.php?rest_route=%2Fwp%2Fv2%2Fmedia&parent=862"}],"wp:term":[{"taxonomy":"category","embeddable":true,"href":"http:\/\/wolfsreise.d-l-w.de\/index.php?rest_route=%2Fwp%2Fv2%2Fcategories&post=862"},{"taxonomy":"post_tag","embeddable":true,"href":"http:\/\/wolfsreise.d-l-w.de\/index.php?rest_route=%2Fwp%2Fv2%2Ftags&post=862"}],"curies":[{"name":"wp","href":"https:\/\/api.w.org\/{rel}","templated":true}]}}