{"id":860,"date":"2016-06-08T15:01:02","date_gmt":"2016-06-08T13:01:02","guid":{"rendered":"http:\/\/wolfsreise.d-l-w.de\/?p=860"},"modified":"2018-06-22T15:40:04","modified_gmt":"2018-06-22T13:40:04","slug":"auf-nach-castelo-de-vide","status":"publish","type":"post","link":"http:\/\/wolfsreise.d-l-w.de\/?p=860","title":{"rendered":"Auf nach Castelo de Vide"},"content":{"rendered":"<figure id=\"attachment_936\" aria-describedby=\"caption-attachment-936\" style=\"width: 421px\" class=\"wp-caption alignright\"><img loading=\"lazy\" decoding=\"async\" class=\"wp-image-936\" src=\"http:\/\/wolfsreise.d-l-w.de\/wp-content\/uploads\/2016\/06\/DSCF5069-300x225.jpg\" alt=\"DSCF5069\" width=\"421\" height=\"316\" srcset=\"http:\/\/wolfsreise.d-l-w.de\/wp-content\/uploads\/2016\/06\/DSCF5069-300x225.jpg 300w, http:\/\/wolfsreise.d-l-w.de\/wp-content\/uploads\/2016\/06\/DSCF5069-150x113.jpg 150w, http:\/\/wolfsreise.d-l-w.de\/wp-content\/uploads\/2016\/06\/DSCF5069-768x576.jpg 768w, http:\/\/wolfsreise.d-l-w.de\/wp-content\/uploads\/2016\/06\/DSCF5069-1024x768.jpg 1024w\" sizes=\"(max-width: 421px) 100vw, 421px\" \/><figcaption id=\"caption-attachment-936\" class=\"wp-caption-text\">ein wenig angestaubt, leicht verwittert &#8211; was wird uns erwarten?<\/figcaption><\/figure>\n<p>Die Crew der Lehrenden und der Studies trifft sich am anderen Morgen verschlafen um 8.00 Uhr vor der Hochschule. Angetreten sind der Dean, die Professorinnen Landschaftsarchitektur, Ema und ihre liebe Freundin Manuela, eine interessierte Stdentin aus Syrien, die in Portugal ihren Master macht und unsere Ladies.<\/p>\n<p>Der Empfang in CdV isst offiziell und das hei\u00dft: warten auf den B\u00fcrgermeister, der uns dann ein Referat \u00fcber seine touristischen Aktivit\u00e4ten h\u00e4lt.<\/p>\n<p>Dann beginnt das Wichtigste. Gemeinsam zu essen und ca. 3 Stunden so zu tun als w\u00fcrde gearbeitet. Nichts geht dem Portugiesen \u00fcber seine Mittagspause. Da kann entweder &#8222;abgeschaltet&#8220; werden oder es handelt sich, wie beim B\u00fcrgermeister immer, um ein Arbeitsessen. Da erstellst aber erst Ca. 20 Minuten sp\u00e4ter mit dem Gefolge eintrifft, m\u00fcssen alle anderen vor der T\u00fcr des Restaurants auf ihn warten. Ein separater B\u00fcrgermeister-Arbeitstisch steht bereit. Ein kurzes Gerangel um die besten Pl\u00e4tze beginnt. Wir, die ausl\u00e4ndischen G\u00e4ste sind nicht unter den Erw\u00e4hlten. F\u00fcr uns kein Problem, da der B\u00fcrgermeister ohnehin nur rudiment\u00e4r Englisch spricht.<\/p>\n<p>Ema Bericht \u00fcber ihn, dass erweitert der aktivsten und kreativen Politiker der Region ist, der im eigentlich links-sozialistischen Alentejo eher die Politik der rechteren Partei &#8230; verfolgt.<\/p>\n<p>Weil solange gegessen wurde, f\u00e4llt der organisierte Stadtrundgang aus. Die Geschichten der Unterk\u00fcnfte ist eine eigene, die sp\u00e4ter erz\u00e4hlt wird.<\/p>\n<p>Wir aber machen uns auf in unser potentielles Planungsgebiet und umrunden die Talsperre per Auto mit Ema, Manuela und den Studierenden, bis die Sonne goldrot hinter den Bergen versinkt.\u00a0Noch verstehen wir wenig von Mensch, Kultur und Landschaft. Aber das wird schon werden.<\/p>\n<p>&nbsp;<\/p>\n","protected":false},"excerpt":{"rendered":"<p>Die Crew der Lehrenden und der Studies trifft sich am anderen Morgen verschlafen um 8.00 Uhr vor der Hochschule. Angetreten sind der Dean, die Professorinnen Landschaftsarchitektur, Ema und ihre liebe Freundin Manuela, eine interessierte Stdentin aus Syrien, die in Portugal ihren Master macht und unsere Ladies. Der Empfang in CdV isst offiziell und das hei\u00dft: &hellip; <\/p>\n<p class=\"link-more\"><a href=\"http:\/\/wolfsreise.d-l-w.de\/?p=860\" class=\"more-link\"><span class=\"screen-reader-text\">\u201eAuf nach Castelo de Vide\u201c<\/span> weiterlesen<\/a><\/p>\n","protected":false},"author":2,"featured_media":0,"comment_status":"open","ping_status":"open","sticky":false,"template":"","format":"standard","meta":{"footnotes":""},"categories":[8],"tags":[],"class_list":["post-860","post","type-post","status-publish","format-standard","hentry","category-portugal"],"_links":{"self":[{"href":"http:\/\/wolfsreise.d-l-w.de\/index.php?rest_route=\/wp\/v2\/posts\/860"}],"collection":[{"href":"http:\/\/wolfsreise.d-l-w.de\/index.php?rest_route=\/wp\/v2\/posts"}],"about":[{"href":"http:\/\/wolfsreise.d-l-w.de\/index.php?rest_route=\/wp\/v2\/types\/post"}],"author":[{"embeddable":true,"href":"http:\/\/wolfsreise.d-l-w.de\/index.php?rest_route=\/wp\/v2\/users\/2"}],"replies":[{"embeddable":true,"href":"http:\/\/wolfsreise.d-l-w.de\/index.php?rest_route=%2Fwp%2Fv2%2Fcomments&post=860"}],"version-history":[{"count":7,"href":"http:\/\/wolfsreise.d-l-w.de\/index.php?rest_route=\/wp\/v2\/posts\/860\/revisions"}],"predecessor-version":[{"id":964,"href":"http:\/\/wolfsreise.d-l-w.de\/index.php?rest_route=\/wp\/v2\/posts\/860\/revisions\/964"}],"wp:attachment":[{"href":"http:\/\/wolfsreise.d-l-w.de\/index.php?rest_route=%2Fwp%2Fv2%2Fmedia&parent=860"}],"wp:term":[{"taxonomy":"category","embeddable":true,"href":"http:\/\/wolfsreise.d-l-w.de\/index.php?rest_route=%2Fwp%2Fv2%2Fcategories&post=860"},{"taxonomy":"post_tag","embeddable":true,"href":"http:\/\/wolfsreise.d-l-w.de\/index.php?rest_route=%2Fwp%2Fv2%2Ftags&post=860"}],"curies":[{"name":"wp","href":"https:\/\/api.w.org\/{rel}","templated":true}]}}