{"id":852,"date":"2016-06-02T09:41:25","date_gmt":"2016-06-02T07:41:25","guid":{"rendered":"http:\/\/wolfsreise.d-l-w.de\/?p=852"},"modified":"2018-06-22T15:40:04","modified_gmt":"2018-06-22T13:40:04","slug":"wieder-in-evora-sonne-empfaengt-uns-heiss","status":"publish","type":"post","link":"http:\/\/wolfsreise.d-l-w.de\/?p=852","title":{"rendered":"Wieder in Evora &#8211; Sonne empf\u00e4ngt uns hei\u00df"},"content":{"rendered":"<p>Als wir aus dem klimatisierten Auto aussteigen, wei\u00dfer wir pl\u00f6tzlich, dass wir wirklich im S\u00fcden gelandet sind. Freiwillig w\u00e4hlen wir die Schattenseite der Stra\u00dfe, um den Treffpunkt mit Ema und ihren Studenten zu erreichen und lechzen nach Wasser. Nach kleinen Verwirrungen sitzen wir dann im Schatten eines Caf\u00e9s und finden die Welt hier in Ordnung.<\/p>\n<figure id=\"attachment_952\" aria-describedby=\"caption-attachment-952\" style=\"width: 371px\" class=\"wp-caption alignnone\"><img loading=\"lazy\" decoding=\"async\" src=\"http:\/\/wolfsreise.d-l-w.de\/wp-content\/uploads\/2016\/06\/IMG_2663-300x200.jpg\" class=\"alignnone wp-image-952\" height=\"247\" alt=\"IMG_2663\" width=\"371\" srcset=\"http:\/\/wolfsreise.d-l-w.de\/wp-content\/uploads\/2016\/06\/IMG_2663-300x200.jpg 300w, http:\/\/wolfsreise.d-l-w.de\/wp-content\/uploads\/2016\/06\/IMG_2663-150x100.jpg 150w, http:\/\/wolfsreise.d-l-w.de\/wp-content\/uploads\/2016\/06\/IMG_2663-768x511.jpg 768w, http:\/\/wolfsreise.d-l-w.de\/wp-content\/uploads\/2016\/06\/IMG_2663-1024x682.jpg 1024w\" sizes=\"(max-width: 371px) 100vw, 371px\" \/><figcaption id=\"caption-attachment-952\" class=\"wp-caption-text\">alle beisammen nach einer Miniweinprobe von Alentejo-Wein &#8211; Ema fehlt, sie muss noch organisieren<\/figcaption><\/figure>\n<p>Peter zeige ich mein Lieblingskaffee, damit die t\u00e4gliche portugiesische Zuckerration stimmt. Dann schlendern wir ersch\u00f6pft zur\u00fcck ins Hotel und fallen erstmal aufs Bett, ehe wir gemeinsam Essen gehen. Ema \u00fcbersetzt die Speisekarte, denn f\u00fcr uns h\u00f6ren sich alle Gerichte nach &#8222;schschsch&#8230;&#8220; an, das typische Ger\u00e4usch portugiesischer Sprache.<\/p>\n<p>Die Stutentinnen werden f\u00fcr den Abend von portugiesischen Studenten in Empfang genommen und in die Fetenkultur der Universit\u00e4t eingef\u00fchrt. Die letzte Woche ist frei und zur Vorbereitung der Examen gedacht. Seit einigen Jahren hat sich daraus eine Feierkultur entwickelt, die sich durch viel Alkohol und lautes Gr\u00f6len durch die Stadt auszeichnet. Viele fl\u00fcchten davor und warten auf besser Zeiten. Und unsere Studierende schlafen im Priesterseminar weg und laut.<\/p>\n<p>Die Vortr\u00e4ge beginnen am n\u00e4chsten Morgen moderat um 10.00 Uhr. Allerdings fehlen die Landschaftsarchitekten, die dann ca. eine halbe Stunde sp\u00e4ter sind zumindest die Studierenden da und h\u00e4ngen Pl\u00e4ne auf.<\/p>\n<figure id=\"attachment_872\" align=\"aligncenter\" width=\"1000\"><a href=\"http:\/\/wolfsreise.d-l-w.de\/wp-content\/uploads\/2016\/06\/img_0830-1.jpg\"><img loading=\"lazy\" decoding=\"async\" src=\"http:\/\/wolfsreise.d-l-w.de\/wp-content\/uploads\/2016\/06\/img_0830-1.jpg\" class=\"alignnone wp-image-872 size-full\" height=\"746\" title=\"\" alt=\"\" width=\"1000\" srcset=\"http:\/\/wolfsreise.d-l-w.de\/wp-content\/uploads\/2016\/06\/img_0830-1.jpg 1000w, http:\/\/wolfsreise.d-l-w.de\/wp-content\/uploads\/2016\/06\/img_0830-1-150x112.jpg 150w, http:\/\/wolfsreise.d-l-w.de\/wp-content\/uploads\/2016\/06\/img_0830-1-300x224.jpg 300w, http:\/\/wolfsreise.d-l-w.de\/wp-content\/uploads\/2016\/06\/img_0830-1-768x573.jpg 768w\" sizes=\"(max-width: 767px) 89vw, (max-width: 1000px) 54vw, (max-width: 1071px) 543px, 580px\" \/><\/a> Ana stellt im Seminarraum der Universit\u00e4t Evoras ihre Arbeitsergebnisse vor.<\/figure>\n<p>Die Studierenden stellen ihre Arbeitsergebnisse vor und versuchen es f\u00fcr uns in Englisch, unterst\u00fctzt von ihren Professorinnen. Ab\u00e4er es bleibt dabei: Ema hat alles organisiert und was sie nicht selbst \u00fcbernommen hatte, muss &#8222;nachgearbeitet werden. Auch Rute hat ihre \u00fcbernommenen Aufgaben nur zum Teil erledigen k\u00f6nnen, so dass Ema, die Arme, seit unserem Eintreffen in der Stadt dauernd am Telefon h\u00e4ngt.<\/p>\n<p>Aber letztlich begreifen wir, dass die Studierenden das Planungsgebiet im M\u00e4rz f\u00fcr ca. 4 Stunden gesehen haben und alles andere am gr\u00fcnen Tisch entstanden ist. Ein detailliertes Ziel k\u00f6nnen wir nicht erkennen. Uns scheinen die Vorschl\u00e4ge willk\u00fcrlich und am Luftbild von Google orientiert. Aber wir d\u00fcrfen alle Pl\u00e4ne mitnehmen und daran weiter oder neu arbeiten.<\/p>\n<p>Ob die Ideen der Studies aus Portugal in Castelo de Vide landen, bleibt offen. Rute meint dazu,&#8220;wenn der B\u00fcrgermeister es sehen will, dann &#8230;&#8220;. Aber woher soll er wissen was gelaufen ist &#8211; au\u00dfer, dass es uns als Finger\u00fcbung f\u00fcr die Studies erscheint.<\/p>\n","protected":false},"excerpt":{"rendered":"<p>Als wir aus dem klimatisierten Auto aussteigen, wei\u00dfer wir pl\u00f6tzlich, dass wir wirklich im S\u00fcden gelandet sind. Freiwillig w\u00e4hlen wir die Schattenseite der Stra\u00dfe, um den Treffpunkt mit Ema und ihren Studenten zu erreichen und lechzen nach Wasser. Nach kleinen Verwirrungen sitzen wir dann im Schatten eines Caf\u00e9s und finden die Welt hier in Ordnung. &hellip; <\/p>\n<p class=\"link-more\"><a href=\"http:\/\/wolfsreise.d-l-w.de\/?p=852\" class=\"more-link\"><span class=\"screen-reader-text\">\u201eWieder in Evora &#8211; Sonne empf\u00e4ngt uns hei\u00df\u201c<\/span> weiterlesen<\/a><\/p>\n","protected":false},"author":2,"featured_media":0,"comment_status":"open","ping_status":"open","sticky":false,"template":"","format":"standard","meta":{"footnotes":""},"categories":[8],"tags":[],"class_list":["post-852","post","type-post","status-publish","format-standard","hentry","category-portugal"],"_links":{"self":[{"href":"http:\/\/wolfsreise.d-l-w.de\/index.php?rest_route=\/wp\/v2\/posts\/852"}],"collection":[{"href":"http:\/\/wolfsreise.d-l-w.de\/index.php?rest_route=\/wp\/v2\/posts"}],"about":[{"href":"http:\/\/wolfsreise.d-l-w.de\/index.php?rest_route=\/wp\/v2\/types\/post"}],"author":[{"embeddable":true,"href":"http:\/\/wolfsreise.d-l-w.de\/index.php?rest_route=\/wp\/v2\/users\/2"}],"replies":[{"embeddable":true,"href":"http:\/\/wolfsreise.d-l-w.de\/index.php?rest_route=%2Fwp%2Fv2%2Fcomments&post=852"}],"version-history":[{"count":12,"href":"http:\/\/wolfsreise.d-l-w.de\/index.php?rest_route=\/wp\/v2\/posts\/852\/revisions"}],"predecessor-version":[{"id":983,"href":"http:\/\/wolfsreise.d-l-w.de\/index.php?rest_route=\/wp\/v2\/posts\/852\/revisions\/983"}],"wp:attachment":[{"href":"http:\/\/wolfsreise.d-l-w.de\/index.php?rest_route=%2Fwp%2Fv2%2Fmedia&parent=852"}],"wp:term":[{"taxonomy":"category","embeddable":true,"href":"http:\/\/wolfsreise.d-l-w.de\/index.php?rest_route=%2Fwp%2Fv2%2Fcategories&post=852"},{"taxonomy":"post_tag","embeddable":true,"href":"http:\/\/wolfsreise.d-l-w.de\/index.php?rest_route=%2Fwp%2Fv2%2Ftags&post=852"}],"curies":[{"name":"wp","href":"https:\/\/api.w.org\/{rel}","templated":true}]}}