{"id":836,"date":"2016-05-31T18:22:34","date_gmt":"2016-05-31T16:22:34","guid":{"rendered":"http:\/\/wolfsreise.d-l-w.de\/?p=836"},"modified":"2018-06-22T15:40:04","modified_gmt":"2018-06-22T13:40:04","slug":"ueber-den-tejo-auf-die-andere-seite-lissabons","status":"publish","type":"post","link":"http:\/\/wolfsreise.d-l-w.de\/?p=836","title":{"rendered":"\u00dcber den Tejo auf die andere Seite Lissabons"},"content":{"rendered":"<p>Mit der F\u00e4hre geht es ganz schnell. 12 Minuten Schiffchen fahren, ein kleines Kurzes Gef\u00fchl von der gro\u00dfen Seefahr und Wind um die Nase, schon ist die Fahrt vorbei: In Cacilhas gelandet.<\/p>\n<p>Die Hafenindustrieanlagen sind inzwischen alt und verrottet, der Fischfang bietet kaum noch eine wirtschaftliche Perspektive und lange Zeit &#8222;d\u00fcmpelte&#8220; diese Seite der Stadt ein wenig vergessen vor sich hin. Inzwischen ist das anders geworden &#8211; aus verschiedenen Gr\u00fcnden<\/p>\n<p>&#8211; um 2000 hat die EU mit zahlreichen Projekten zur regionalen und urbanen Entwicklung dieses Gebiet gef\u00f6rdert,<\/p>\n<p>&#8211; da man dort preiswerter lebt als in Lissabon sind viele Imigranten aus den l\u00e4ndlichen Regionen dort geblieben und pendeln t\u00e4glich in die Hauptstadt (auch auf der Suche nach Arbeit)<\/p>\n<p>&#8211; Neue engagierte Stadtverordnete und ein aktiver B\u00fcgermeister setzten auf Tourismus und bringen die Stadt und ihre Einwohner in Schwung.<\/p>\n<p>Eine der ersten Initiativen war es eine Fu\u00dfg\u00e4ngerzone einzurichten und die Privatbesitzer von H\u00e4usern zu animieren sie zu renovieren und zu modernisieren. Dies aber in einem typischen portugiesischem Stil, um den Charakter und die Identit\u00e4t des Ortes wieder &nbsp;zu beleben. Dabei hilft intensive Beratung durch Architekten und die Unterst\u00fctzung bei der Finanzierung. Noch haben nicht alle die \u00dcberzeugung, dass dies der richtige Weg ist und die Stimmen, die glauben schon jetzt seien zu viele Touristen da, mehren sich.<\/p>\n<p><a href=\"http:\/\/wolfsreise.d-l-w.de\/wp-content\/uploads\/2016\/06\/img_0824.jpg\"><img loading=\"lazy\" decoding=\"async\" src=\"http:\/\/wolfsreise.d-l-w.de\/wp-content\/uploads\/2016\/06\/img_0824.jpg\" alt=\"\" width=\"684\" height=\"1000\" class=\"alignnone size-full wp-image-844\" srcset=\"http:\/\/wolfsreise.d-l-w.de\/wp-content\/uploads\/2016\/06\/img_0824.jpg 684w, http:\/\/wolfsreise.d-l-w.de\/wp-content\/uploads\/2016\/06\/img_0824-103x150.jpg 103w, http:\/\/wolfsreise.d-l-w.de\/wp-content\/uploads\/2016\/06\/img_0824-205x300.jpg 205w\" sizes=\"(max-width: 684px) 100vw, 684px\" \/><\/a><br \/>\nAuf dieser Seite des Tejo leben nicht nur ein paar Menschen. Unmittelbar gegen\u00fcber ist die Bev\u00f6lkerung auf 200.000 gewachsen, in der etwas weiteren Region leben weitere 200.000, ein dicht besiedelter urbaner Raum also. Zersiedlung ist ein zentrales Thema, das auch mit der Erhaltung der Kulturlandschaft konkurriert. Aber was ist das Typische dieser Landschaft?<\/p>\n<p>Noch ringen &nbsp;Engagierte um Kriterien und Instrumente f\u00fcr deren Sicherung, denn Naturschutz, der ausschlie\u00dflich \u00f6kologische Momente anerkennt, wird nicht ausreichen.<\/p>\n","protected":false},"excerpt":{"rendered":"<p>Mit der F\u00e4hre geht es ganz schnell. 12 Minuten Schiffchen fahren, ein kleines Kurzes Gef\u00fchl von der gro\u00dfen Seefahr und Wind um die Nase, schon ist die Fahrt vorbei: In Cacilhas gelandet. Die Hafenindustrieanlagen sind inzwischen alt und verrottet, der Fischfang bietet kaum noch eine wirtschaftliche Perspektive und lange Zeit &#8222;d\u00fcmpelte&#8220; diese Seite der Stadt &hellip; <\/p>\n<p class=\"link-more\"><a href=\"http:\/\/wolfsreise.d-l-w.de\/?p=836\" class=\"more-link\"><span class=\"screen-reader-text\">\u201e\u00dcber den Tejo auf die andere Seite Lissabons\u201c<\/span> weiterlesen<\/a><\/p>\n","protected":false},"author":1,"featured_media":0,"comment_status":"open","ping_status":"open","sticky":false,"template":"","format":"standard","meta":{"footnotes":""},"categories":[8],"tags":[],"class_list":["post-836","post","type-post","status-publish","format-standard","hentry","category-portugal"],"_links":{"self":[{"href":"http:\/\/wolfsreise.d-l-w.de\/index.php?rest_route=\/wp\/v2\/posts\/836"}],"collection":[{"href":"http:\/\/wolfsreise.d-l-w.de\/index.php?rest_route=\/wp\/v2\/posts"}],"about":[{"href":"http:\/\/wolfsreise.d-l-w.de\/index.php?rest_route=\/wp\/v2\/types\/post"}],"author":[{"embeddable":true,"href":"http:\/\/wolfsreise.d-l-w.de\/index.php?rest_route=\/wp\/v2\/users\/1"}],"replies":[{"embeddable":true,"href":"http:\/\/wolfsreise.d-l-w.de\/index.php?rest_route=%2Fwp%2Fv2%2Fcomments&post=836"}],"version-history":[{"count":3,"href":"http:\/\/wolfsreise.d-l-w.de\/index.php?rest_route=\/wp\/v2\/posts\/836\/revisions"}],"predecessor-version":[{"id":849,"href":"http:\/\/wolfsreise.d-l-w.de\/index.php?rest_route=\/wp\/v2\/posts\/836\/revisions\/849"}],"wp:attachment":[{"href":"http:\/\/wolfsreise.d-l-w.de\/index.php?rest_route=%2Fwp%2Fv2%2Fmedia&parent=836"}],"wp:term":[{"taxonomy":"category","embeddable":true,"href":"http:\/\/wolfsreise.d-l-w.de\/index.php?rest_route=%2Fwp%2Fv2%2Fcategories&post=836"},{"taxonomy":"post_tag","embeddable":true,"href":"http:\/\/wolfsreise.d-l-w.de\/index.php?rest_route=%2Fwp%2Fv2%2Ftags&post=836"}],"curies":[{"name":"wp","href":"https:\/\/api.w.org\/{rel}","templated":true}]}}