{"id":814,"date":"2016-05-28T13:35:52","date_gmt":"2016-05-28T11:35:52","guid":{"rendered":"http:\/\/wolfsreise.d-l-w.de\/?p=814"},"modified":"2018-06-22T15:40:04","modified_gmt":"2018-06-22T13:40:04","slug":"auf-in-den-sueden-mit-studierenden-an-einen-unbekannten-ort","status":"publish","type":"post","link":"http:\/\/wolfsreise.d-l-w.de\/?p=814","title":{"rendered":"Auf in den S\u00fcden: mit Studierenden an einen unbekannten Ort"},"content":{"rendered":"<p>Mit der gro\u00dfen Freiheit Projekte und Projektideen selbst entwickeln zu k\u00f6nnen, hatten meine Kollegin Ema von der Universit\u00e4t Evora und ich \u00fcberlegt und beschlossen ein weiteres gemeinsames Projekt zu initiieren, denn<br \/>\n&#8211; gemeinsam zu arbeiten macht uns Freude,<br \/>\n&#8211; wir finden es wichtig f\u00fcr die deutschen und portugiesischen Studierenden internationale Kontakte zu kn\u00fcpfen und andere Kulturen, auch Planungskulturen kennen zu lernen und<br \/>\n&#8211; vielleicht k\u00f6nnen wir mit frischen und \u00fcberraschenden Ideen einen klitzekleinen Beitrag zur touristischen Entwicklung von Castelo deVide, einer l\u00e4ndlichen Region nahe der spanischen Grenze, beitragen: rural sustainable Tourism.<\/p>\n<p>Die Vorbereitungen von unserer Seite waren nicht einfach. An genaue Plangrundlagrn gew\u00f6hnt Scheit es f\u00fcr uns im Moment noch schwierig das Planungsgebiet zu fassen. Sprachliche Probleme lassen dies nicht einfacher werden, denn die Unterlagen, die wir bislang auswerten k\u00f6nnten, weisen noch viele Ungenauigkeiten, Unsch\u00e4rfen und L\u00fccken auf, so dass die Zieldefinition der Aufgabe weiterhin offen, sehr weit offen ist.<br \/>\nWorum wird es voraussichtlich gehen?<br \/>\nEine Talsperre, die vorwiegend zur Energieerzeugung dient, soll touristisch mit dem Ca. 15 Kilometer entfernten Castelo verbunden werden, das wiederum an ein waldreiches Naturreservat angrenzt. Besonderheiten, die sich aus bisheriger Sicht zeigen sind:<br \/>\nOlivenhaine, Korkeichenw\u00e4lder, Menire und Rundsteinh\u00e4user, die vermutlich fr\u00fcher von Hirten und ihren Tieren genutzt wurden und heute verfallen, Aussichtspunkte von h\u00f6heren Bergh\u00e4ngen, Wander-, Rad- und Reitwege, historische Geb\u00e4ude, j\u00fcdische und maurische Kultur, Wasserfl\u00e4chen und vielleicht Wassersport, Energieerzeugung aus nat\u00fcrlichen Ressourcen, einen gigantischen Sternenhimmel, Natur eben.<br \/>\nWir denken nach \u00fcber &#8222;Wohnen an ungew\u00f6hnlichen Orten&#8220;, &#8222;Natur hautnah &#8211; die Hize des Tages, 1000 Sterne in der Nacht&#8220;, &#8222;Spuren der Hirten- in der Steinzeit&#8220; und hoffentlich noch viel mehr.<\/p>\n<p>Was werden wir noch entdecken &nbsp;? Morgen geht&#8217;s los!<\/p>\n","protected":false},"excerpt":{"rendered":"<p>Mit der gro\u00dfen Freiheit Projekte und Projektideen selbst entwickeln zu k\u00f6nnen, hatten meine Kollegin Ema von der Universit\u00e4t Evora und ich \u00fcberlegt und beschlossen ein weiteres gemeinsames Projekt zu initiieren, denn &#8211; gemeinsam zu arbeiten macht uns Freude, &#8211; wir finden es wichtig f\u00fcr die deutschen und portugiesischen Studierenden internationale Kontakte zu kn\u00fcpfen und andere &hellip; <\/p>\n<p class=\"link-more\"><a href=\"http:\/\/wolfsreise.d-l-w.de\/?p=814\" class=\"more-link\"><span class=\"screen-reader-text\">\u201eAuf in den S\u00fcden: mit Studierenden an einen unbekannten Ort\u201c<\/span> weiterlesen<\/a><\/p>\n","protected":false},"author":2,"featured_media":0,"comment_status":"open","ping_status":"open","sticky":false,"template":"","format":"standard","meta":{"footnotes":""},"categories":[8],"tags":[],"class_list":["post-814","post","type-post","status-publish","format-standard","hentry","category-portugal"],"_links":{"self":[{"href":"http:\/\/wolfsreise.d-l-w.de\/index.php?rest_route=\/wp\/v2\/posts\/814"}],"collection":[{"href":"http:\/\/wolfsreise.d-l-w.de\/index.php?rest_route=\/wp\/v2\/posts"}],"about":[{"href":"http:\/\/wolfsreise.d-l-w.de\/index.php?rest_route=\/wp\/v2\/types\/post"}],"author":[{"embeddable":true,"href":"http:\/\/wolfsreise.d-l-w.de\/index.php?rest_route=\/wp\/v2\/users\/2"}],"replies":[{"embeddable":true,"href":"http:\/\/wolfsreise.d-l-w.de\/index.php?rest_route=%2Fwp%2Fv2%2Fcomments&post=814"}],"version-history":[{"count":4,"href":"http:\/\/wolfsreise.d-l-w.de\/index.php?rest_route=\/wp\/v2\/posts\/814\/revisions"}],"predecessor-version":[{"id":819,"href":"http:\/\/wolfsreise.d-l-w.de\/index.php?rest_route=\/wp\/v2\/posts\/814\/revisions\/819"}],"wp:attachment":[{"href":"http:\/\/wolfsreise.d-l-w.de\/index.php?rest_route=%2Fwp%2Fv2%2Fmedia&parent=814"}],"wp:term":[{"taxonomy":"category","embeddable":true,"href":"http:\/\/wolfsreise.d-l-w.de\/index.php?rest_route=%2Fwp%2Fv2%2Fcategories&post=814"},{"taxonomy":"post_tag","embeddable":true,"href":"http:\/\/wolfsreise.d-l-w.de\/index.php?rest_route=%2Fwp%2Fv2%2Ftags&post=814"}],"curies":[{"name":"wp","href":"https:\/\/api.w.org\/{rel}","templated":true}]}}