{"id":801,"date":"2015-06-04T21:15:57","date_gmt":"2015-06-04T19:15:57","guid":{"rendered":"http:\/\/wolfsreise.d-l-w.de\/?p=801"},"modified":"2018-06-22T15:40:04","modified_gmt":"2018-06-22T13:40:04","slug":"byte-bye-alentejo","status":"publish","type":"post","link":"http:\/\/wolfsreise.d-l-w.de\/?p=801","title":{"rendered":"Bye bye Alentejo"},"content":{"rendered":"<p>die Zeit ist vorbei. Einerseits lang, andererseits kurz, sind die Monate,vergangen. Der Abschied, vor allem von Ema, ist schwer gefallen. Und obwohl ich noch immer nicht portugiesisch spreche, ist es ein Land, das es zu lieben lohnt. Die Menschen, die landschaft, der Lebensrhythmus, der zumeist blaue Himmel und die verl\u00e4ssliche Sonne. Die Hitze des Sommers, von der ich nur einen kleinen Vorgeschmack sp\u00fcren konnte, bestimmt das Leben, seine Langsamkeit um die Mittagszeit und die langen N\u00e4chte.<\/p>\n<p>Ich habe reichlich Kleingeld aufmerksam Stra\u00dfe gefunden, ein sicheres Zeichen f\u00fcr eine Wiederkehr. Darauf hoffe ich und freue mich auf 2016 &#8211; zur\u00fcck im Alentejo.<\/p>\n","protected":false},"excerpt":{"rendered":"<p>die Zeit ist vorbei. Einerseits lang, andererseits kurz, sind die Monate,vergangen. Der Abschied, vor allem von Ema, ist schwer gefallen. Und obwohl ich noch immer nicht portugiesisch spreche, ist es ein Land, das es zu lieben lohnt. Die Menschen, die landschaft, der Lebensrhythmus, der zumeist blaue Himmel und die verl\u00e4ssliche Sonne. Die Hitze des Sommers, &hellip; <\/p>\n<p class=\"link-more\"><a href=\"http:\/\/wolfsreise.d-l-w.de\/?p=801\" class=\"more-link\"><span class=\"screen-reader-text\">\u201eBye bye Alentejo\u201c<\/span> weiterlesen<\/a><\/p>\n","protected":false},"author":2,"featured_media":0,"comment_status":"open","ping_status":"open","sticky":false,"template":"","format":"standard","meta":{"footnotes":""},"categories":[8],"tags":[],"class_list":["post-801","post","type-post","status-publish","format-standard","hentry","category-portugal"],"_links":{"self":[{"href":"http:\/\/wolfsreise.d-l-w.de\/index.php?rest_route=\/wp\/v2\/posts\/801"}],"collection":[{"href":"http:\/\/wolfsreise.d-l-w.de\/index.php?rest_route=\/wp\/v2\/posts"}],"about":[{"href":"http:\/\/wolfsreise.d-l-w.de\/index.php?rest_route=\/wp\/v2\/types\/post"}],"author":[{"embeddable":true,"href":"http:\/\/wolfsreise.d-l-w.de\/index.php?rest_route=\/wp\/v2\/users\/2"}],"replies":[{"embeddable":true,"href":"http:\/\/wolfsreise.d-l-w.de\/index.php?rest_route=%2Fwp%2Fv2%2Fcomments&post=801"}],"version-history":[{"count":2,"href":"http:\/\/wolfsreise.d-l-w.de\/index.php?rest_route=\/wp\/v2\/posts\/801\/revisions"}],"predecessor-version":[{"id":803,"href":"http:\/\/wolfsreise.d-l-w.de\/index.php?rest_route=\/wp\/v2\/posts\/801\/revisions\/803"}],"wp:attachment":[{"href":"http:\/\/wolfsreise.d-l-w.de\/index.php?rest_route=%2Fwp%2Fv2%2Fmedia&parent=801"}],"wp:term":[{"taxonomy":"category","embeddable":true,"href":"http:\/\/wolfsreise.d-l-w.de\/index.php?rest_route=%2Fwp%2Fv2%2Fcategories&post=801"},{"taxonomy":"post_tag","embeddable":true,"href":"http:\/\/wolfsreise.d-l-w.de\/index.php?rest_route=%2Fwp%2Fv2%2Ftags&post=801"}],"curies":[{"name":"wp","href":"https:\/\/api.w.org\/{rel}","templated":true}]}}