{"id":750,"date":"2015-05-17T16:09:17","date_gmt":"2015-05-17T14:09:17","guid":{"rendered":"http:\/\/wolfsreise.d-l-w.de\/?p=750"},"modified":"2018-06-22T15:40:04","modified_gmt":"2018-06-22T13:40:04","slug":"das-eine-dorf-geht-unter-renaissance-an-einem-anderen-ort","status":"publish","type":"post","link":"http:\/\/wolfsreise.d-l-w.de\/?p=750","title":{"rendered":"Das alte Dorf geht unter &#8211; Renaissance an einem anderen Ort"},"content":{"rendered":"<p>Vor ca. 60 Jahren noch unter der Salazar-Diktatur entstanden Pl\u00e4ne im Nordosten des Alentejo eine gro\u00dfe Talsperre Barrage de Alqueva zu bauen. Ziel war es, die dortige trockene Region zwischen den beiden Fl\u00fcssen Rio Guadiana\u00a0und Rio de Godelim und weiterer kleinerer Zufl\u00fcsse landwirtschaftlich zu entwickeln und gleichzeitig einen gro\u00dfen Teil der Elektrizit\u00e4t so zu gewinnen. Dass damit D\u00f6rfer, Orte und St\u00e4dtchen &#8222;absaufen&#8220; w\u00fcrden, wurde billigend in Kauf genommen. Das Prokejt konnte jedoch erst realisiert werden, als Portugal schon l\u00e4nger Mitglied der EU war und endlich gen\u00fcgend Geld floss. Inzwischen hatte sich das Land weiterentwickelt und die landwirtschaftliche Produktion steckte in einer Krise, wie auch sonst \u00fcberall in Europa einem harten Konkurrenzdruck ausgesetzt. Dennoch, geplant ist geplant, projektiert ist projektiert. Das Projekt ist mit vielen Versprechungen \u00fcber bessere Lebensbedingungen gestartet, bis der Baugesellschaft das Geld ausging und vieles inmitten gut gemeinter Ideen steckenblieb.<\/p>\n<p>Seit 12 Jahren ist der See nun geflutet, am Schluss musste alles schneller gehen als vorgesehen, denn es standen mal wieder Wahlen an und die Furcht des Regionalpolitikers nicht zu gewinnen, was wom\u00f6glich bedeutet h\u00e4tte, dass das Projekt &#8222;gestorben&#8220; w\u00e4re, machte das vorgezogene Fluten notwendig. Wenn das Wasser erst einmal l\u00e4uft, gibt es kein zur\u00fcck.\u00a0<a href=\"http:\/\/wolfsreise.d-l-w.de\/wp-content\/uploads\/2015\/05\/DSCF4100.jpg\"><img decoding=\"async\" src=\"http:\/\/wolfsreise.d-l-w.de\/wp-content\/uploads\/2015\/05\/DSCF4100.jpg\" alt=\"\" \/><\/a>\u00a0\u00a0<span style=\"line-height: 28px;\">\u00a0<\/span>\u00a0<a href=\"http:\/\/wolfsreise.d-l-w.de\/wp-content\/uploads\/2015\/05\/DSCF4105-0.jpg\"><img decoding=\"async\" src=\"http:\/\/wolfsreise.d-l-w.de\/wp-content\/uploads\/2015\/05\/DSCF4105-0.jpg\" alt=\"\" \/><\/a><\/p>\n<p><i>Die Struktur erhalten, der Raum \u00fcberdimensioniert und tot \u00a0<\/i><\/p>\n<p>Wie erging es den Menschen, die ihre Heimat verloren und wie geht es ihnen heute?<\/p>\n<p>Der neue Ort Luz, in seiner Struktur exakt aufgebaut, wie das alte Luz, ist ein Produkt Schweizer und portugiesischer Architelten. Sie haben angeblich die W\u00fcnsche der Bewohner an ihr neues Zuhause gesammelt und &#8222;so weit&#8220; m\u00f6glich, umgesetzt. Alle H\u00e4user wurden &#8222;klassifiziert&#8220;, so dass die Familien &#8222;ihren Standard&#8220; wieder erhielten. Da aber schon seit 1995 Baustopp f\u00fcr das alte Luz verf\u00fcgt war, mussten die jungen Familien, die nicht mit den Eltern oder Schwiegereltern unter einem Dach leben wollen, den Heimatort oder gar die Region verlassen. Zur\u00fcck blieben wie immer die Alten und wenige, die noch von der Landwirtschaft lebten und leben k\u00f6nnen.<\/p>\n<p>Ema, Soziologin, hier an der Hochschule veranwortlich f\u00fcr touristische Fragen, ist gerufen worden, um das schwierige Verh\u00e4ltnis zwischen dem neu entstandenen Heimatmuseum und den Bewohnern von Luz &#8222;zu verbessern&#8220;, eine gute Gelegenheit auch einen &#8218;fremden&#8216; Blick auf den Freiraum und die Umgebung zu werfen, denn Emas \u00a0und Antonios (Fotograph) Eindruck ihres ersten Besuches war, dass es ein totes Dorf ist, ganz ohne Gr\u00fcn.<\/p>\n<p>Und der Schildb\u00fcrgerstreich schlechthin ist, dass die Ex-B\u00fcrger von Luz noch heute f\u00fcr abgerissene und geflutete H\u00e4user, f\u00fcr \u00fcberschwemmtes Land Steuern zu zahlen haben. Wieso machen sie das?<\/p>\n<p>Andere, wie die gro\u00dfen Supermarktketten mit Ausnahme von Intermarch\u00e9 hingegen schaffen es, die Kommunen zu erpressen und keine Steuern zu zahlen. Was f\u00fcr ein System. Und als Randnotiz: nur Intermarch\u00e9 erlaubt den einzelnen Filialen das Kaufen regionaler Produkte, alle anderen lassen zentral einkaufen. Und wir reden \u00fcber Regionalentwicklung, geschlossene Wirtschaftskreisl\u00e4ufe und gute, qualit\u00e4tvolle Nahrungsmittel!<\/p>\n<p><span style=\"color: rgba(0, 0, 0, 0.701961); font-family: UICTFontTextStyleBody; font-size: 17px; line-height: normal; -webkit-tap-highlight-color: rgba(26, 26, 26, 0.301961); -webkit-composition-fill-color: rgba(130, 98, 83, 0.0980392); text-decoration: -webkit-letterpress;\">Die \u00a0ersten Eindr\u00fccke und Ideen nach einem sehr hei\u00dfen schattenlosen Rundgang.<\/span><\/p>\n<p><span style=\"-webkit-tap-highlight-color: rgba(26, 26, 26, 0.301961); color: rgba(0, 0, 0, 0.701961); font-family: UICTFontTextStyleBody; font-size: 17px; line-height: normal; -webkit-composition-fill-color: rgba(130, 98, 83, 0.0980392); text-decoration: -webkit-letterpress;\">Die Architekten haben auf dem &#8222;Papier&#8220; gearbeitet, ohne die Topographie der Umgebung und des Gel\u00e4ndes ausreichend zu beachten. Das alte Dorf war &#8222;eingebettet&#8220; in ein T\u00e4lchen, umgeben von sanfter Reliefierung ( so der Eindruck von den Fotos). Dieser Fehler bewirkt ein &#8222;zur Schau stellen&#8220; des Neuen, verst\u00e4rkt durch die Forscher und Jounalisten, die \u00fcber viele Jahre wissen wollen, wie es den alten B\u00fcrgern in ihrer neuen Umgebung ergeht und gef\u00e4llt. Und da sie keine Forschungsobjete sein wollen, reagieren sie inzwischen verst\u00e4ndlicherweise zugekn\u00f6pft und abweisend. Und sie wollen auch nichts mit den Museumsleuten zu tun haben, von denen keine Unterst\u00fctzung und keine frischen Ideen kommen.<\/span><\/p>\n<div style=\"color: rgba(0, 0, 0, 0.701961); font-family: UICTFontTextStyleBody; font-size: 17px; line-height: normal; -webkit-tap-highlight-color: rgba(26, 26, 26, 0.301961); -webkit-composition-fill-color: rgba(130, 98, 83, 0.0980392); text-decoration: -webkit-letterpress;\">Die Differenziertheit der alten H\u00e4userstruktur ist nicht aufgenommen worden (verschiedene Dachh\u00f6hen, unterschiedlicher Stand der Fassaden zur Stra\u00dfe, andere Fenster- und T\u00fcranschl\u00e4ge, &#8230;), so dass der Eindruck neuer Monotonie nicht vermieden wurde.\u00a0<span style=\"-webkit-tap-highlight-color: rgba(26, 26, 26, 0.301961);\">Der Stra\u00dfenraum ist weit \u00fcberdimensioniert. Die Stra\u00dfen sind fast so breit wie in Lissabon, die B\u00fcrgersteige in jedem Fall. Das ist f\u00fcr ein Dorf mit aktuell 300 bis 350 Einwohnern nicht die richtige Dimension. Besser und neu w\u00e4re ein Konzept des &#8222;shared space&#8220;, alle Verkehrsteilnehmer teilen den Freiraum und nehmen aufeinander R\u00fccksicht. Das w\u00fcrde Platz freimachen f\u00fcr eine konsequente Gr\u00fcnstruktur im Ort (Baumreihen, Alleen, Hecken), f\u00fcr die die Bewohner unter Anleitung (?) langfristig die Verantwortung und Pflege \u00fcbernehmen k\u00f6nnen und vielleicht auch wollen. Damit k\u00f6nnte m\u00f6glicherweise auch eine neue Gespr\u00e4chskultur wachsen.<\/span><\/div>\n<div style=\"color: rgba(0, 0, 0, 0.701961); font-family: UICTFontTextStyleBody; font-size: 17px; line-height: normal; -webkit-tap-highlight-color: rgba(26, 26, 26, 0.301961); -webkit-composition-fill-color: rgba(130, 98, 83, 0.0980392); text-decoration: -webkit-letterpress;\">\u00a0<a href=\"http:\/\/wolfsreise.d-l-w.de\/wp-content\/uploads\/2015\/05\/DSCF4126.jpg\"><img decoding=\"async\" src=\"http:\/\/wolfsreise.d-l-w.de\/wp-content\/uploads\/2015\/05\/DSCF4126.jpg\" alt=\"\" \/><\/a>\u00a0<span style=\"font-size: 16px; line-height: 28px; color: #2d2d2d; font-family: OpenSans, sans-serif;\">\u00a0<\/span><span style=\"-webkit-tap-highlight-color: rgba(26, 26, 26, 0.301961);\"><br \/>\n<\/span><\/div>\n<p><a href=\"http:\/\/wolfsreise.d-l-w.de\/wp-content\/uploads\/2015\/05\/DSCF4123.jpg\"><img decoding=\"async\" src=\"http:\/\/wolfsreise.d-l-w.de\/wp-content\/uploads\/2015\/05\/DSCF4123.jpg\" alt=\"\" \/><\/a><\/p>\n<p><i style=\"color: rgba(0, 0, 0, 0.701961); font-family: UICTFontTextStyleBody; font-size: 17px; line-height: normal; -webkit-composition-fill-color: rgba(130, 98, 83, 0.0980392); text-decoration: -webkit-letterpress;\">Fotos des alten Dorfes und der Hausstrukturen, die nicht so wieder hergestellt worden ist<\/i><\/p>\n<div style=\"color: rgba(0, 0, 0, 0.701961); font-family: UICTFontTextStyleBody; font-size: 17px; line-height: normal; -webkit-tap-highlight-color: rgba(26, 26, 26, 0.301961); -webkit-composition-fill-color: rgba(130, 98, 83, 0.0980392); text-decoration: -webkit-letterpress;\"><span style=\"-webkit-tap-highlight-color: rgba(26, 26, 26, 0.301961);\">Die Gartenbesitzer, die es ja schon gibt, mit ihren \u00fcppigen und sch\u00f6nen G\u00e4rten h\u00e4tten vielleicht sogar<\/span><span style=\"-webkit-tap-highlight-color: rgba(26, 26, 26, 0.301961);\">\u00a0an einem Tag im Jahr durch das &#8222;offene Tor&#8220; Spa\u00df daran ihre &#8222;Sch\u00e4tze&#8220; zu zeigen und andere zu begeistern. Vielleicht gibt es sogar einen Kaffee im Garen oder eine selbst gegrillte Sardine.<\/span><\/div>\n<div style=\"color: rgba(0, 0, 0, 0.701961); font-family: UICTFontTextStyleBody; font-size: 17px; line-height: normal; -webkit-tap-highlight-color: rgba(26, 26, 26, 0.301961); -webkit-composition-fill-color: rgba(130, 98, 83, 0.0980392); text-decoration: -webkit-letterpress;\"><span style=\"-webkit-tap-highlight-color: rgba(26, 26, 26, 0.301961);\"><br \/>\n<\/span><\/div>\n<div style=\"color: rgba(0, 0, 0, 0.701961); font-family: UICTFontTextStyleBody; font-size: 17px; line-height: normal; -webkit-tap-highlight-color: rgba(26, 26, 26, 0.301961); -webkit-composition-fill-color: rgba(130, 98, 83, 0.0980392); text-decoration: -webkit-letterpress;\">\n<p><a href=\"http:\/\/wolfsreise.d-l-w.de\/wp-content\/uploads\/2015\/05\/DSCF4112.jpg\"><img loading=\"lazy\" decoding=\"async\" class=\"alignnone\" src=\"http:\/\/wolfsreise.d-l-w.de\/wp-content\/uploads\/2015\/05\/DSCF4112.jpg\" alt=\"\" width=\"750\" height=\"1000\" \/><\/a><\/p>\n<p><em><span style=\"-webkit-tap-highlight-color: rgba(26, 26, 26, 0.301961);\">Der Stolz der G\u00e4rtner ist bei so viel \u00dcppigkeit un\u00fcbersehbar. Der alte Herr erz\u00e4hlt \u00fcber seine Arbeit in Augsburg und verschenkt volle Arme reifer Zitronen.<\/span><\/em><\/p>\n<\/div>\n<div style=\"color: rgba(0, 0, 0, 0.701961); font-family: UICTFontTextStyleBody; font-size: 17px; line-height: normal; -webkit-tap-highlight-color: rgba(26, 26, 26, 0.301961); -webkit-composition-fill-color: rgba(130, 98, 83, 0.0980392); text-decoration: -webkit-letterpress;\">Der weiter vorhandene reichlich bemessene \u00f6ffentliche Raum braucht andere und neue Funktionen. welche dies sein k\u00f6nnten, ist mit den Bewohnern und ihren W\u00fcnschen und Vorstellungen gemeinsam zu entwickeln. Dieser Prozess Bedarf de Zeit und kann zwischen zwei und f\u00fcnf Jahre in Anspruch nehmen. Dann aber, wenn alle beteiligt sind, wenn alle mit den Ver\u00e4nderungen mitgehen, besteht die Chance der Realisierung, der \u00a0Akzeptanz und der gemeinsamen Umsetzung.<\/div>\n<div style=\"color: rgba(0, 0, 0, 0.701961); font-family: UICTFontTextStyleBody; font-size: 17px; line-height: normal; -webkit-tap-highlight-color: rgba(26, 26, 26, 0.301961); -webkit-composition-fill-color: rgba(130, 98, 83, 0.0980392); text-decoration: -webkit-letterpress;\">Das Museum ist ein Apendix, kein Teil von Luz. Ein Miteinander zu entwickeln &#8211; nach Langer Zeit gegenseitiger Ignoranz oder gar Abneigung, wird es f\u00fcr beide Seiten schwer sein, Vertrauen zu gewinnen.<\/div>\n<div style=\"color: rgba(0, 0, 0, 0.701961); font-family: UICTFontTextStyleBody; font-size: 17px; line-height: normal; -webkit-tap-highlight-color: rgba(26, 26, 26, 0.301961); -webkit-composition-fill-color: rgba(130, 98, 83, 0.0980392); text-decoration: -webkit-letterpress;\"><\/div>\n<div style=\"color: rgba(0, 0, 0, 0.701961); font-family: UICTFontTextStyleBody; font-size: 17px; line-height: normal; -webkit-tap-highlight-color: rgba(26, 26, 26, 0.301961); -webkit-composition-fill-color: rgba(130, 98, 83, 0.0980392); text-decoration: -webkit-letterpress;\">Vielleicht ist ein Ansatzpunkt, die existierenden Vereine und Organisationen und ihre Zielsetzung zu ermitteln und pr\u00fcfen, ob diese f\u00fcr ein Zusammenwirken mit Freiraum, sozialem Leben, Handwerk, Tradition und Gemeinschaft wichtig sein k\u00f6nnen. Denn die alten Techniken der b\u00e4uerlichen Kultur, wie K\u00e4se machen, Fischen gehen, die traditionellen Gerichte und die im Dorf gekannten Spezialit\u00e4ten (wir haben als Tapas am Mittag gekochten Schweinebauch und dicke Bohnen gesehen und vor allem gerochen), kenne weder die Schulkinder noch die wenigen Touristen, die dort stranden. Die gibt es, denn es existiert ein Wohnmobilplatz und wir erfahren, dass es G\u00e4ste gibt, die immer wieder kommen. Noch kennen wir ihre Motive nicht.<\/div>\n<div style=\"color: rgba(0, 0, 0, 0.701961); font-family: UICTFontTextStyleBody; font-size: 17px; line-height: normal; -webkit-tap-highlight-color: rgba(26, 26, 26, 0.301961); -webkit-composition-fill-color: rgba(130, 98, 83, 0.0980392); text-decoration: -webkit-letterpress;\"><\/div>\n<div style=\"color: rgba(0, 0, 0, 0.701961); font-family: UICTFontTextStyleBody; font-size: 17px; line-height: normal; -webkit-tap-highlight-color: rgba(26, 26, 26, 0.301961); -webkit-composition-fill-color: rgba(130, 98, 83, 0.0980392); text-decoration: -webkit-letterpress;\">Dass es in Luz von eine Schule gibt, eine Grund- und sogar eine weiter f\u00fchrende Schule, kann ein weiterer Ansatz f\u00fcr eine neue Zusammenarbeit werden, zumal die B\u00fcrgermeisterin dem Ganzen positiv gegen\u00fcber steht, auch wenn es der einzige Ort des Alentejo ist, der konservativ w\u00e4hlt und sich so gegen die &#8222;anderen Interessen&#8220; behaupten muss.<\/div>\n<div style=\"color: rgba(0, 0, 0, 0.701961); font-family: UICTFontTextStyleBody; font-size: 17px; line-height: normal; -webkit-tap-highlight-color: rgba(26, 26, 26, 0.301961); -webkit-composition-fill-color: rgba(130, 98, 83, 0.0980392); text-decoration: -webkit-letterpress;\">Antonio hat noch viele Fotos der Region vor der Flutung, von den Menschen und auch aus den anderen Orten, die betroffen waren und sind.<\/div>\n<div style=\"color: rgba(0, 0, 0, 0.701961); font-family: UICTFontTextStyleBody; font-size: 17px; line-height: normal; -webkit-tap-highlight-color: rgba(26, 26, 26, 0.301961); -webkit-composition-fill-color: rgba(130, 98, 83, 0.0980392); text-decoration: -webkit-letterpress;\">Auf der R\u00fcckfahrt Spinnen und tr\u00e4umen wir von einem gemeinsamen studentischen Workshop von Anthropologen und Landschaftsachitekten, wenn wir Deutsche daf\u00fcr Geld auftreiben k\u00f6nnen. Vielleicht haben Peter und ich dann noch einmal eine gemeinsame Chance?<\/div>\n<div style=\"color: rgba(0, 0, 0, 0.701961); font-family: UICTFontTextStyleBody; font-size: 17px; line-height: normal; -webkit-tap-highlight-color: rgba(26, 26, 26, 0.301961); -webkit-composition-fill-color: rgba(130, 98, 83, 0.0980392); text-decoration: -webkit-letterpress;\"><\/div>\n<div style=\"color: rgba(0, 0, 0, 0.701961); font-family: UICTFontTextStyleBody; font-size: 17px; line-height: normal; -webkit-tap-highlight-color: rgba(26, 26, 26, 0.301961); -webkit-composition-fill-color: rgba(130, 98, 83, 0.0980392); text-decoration: -webkit-letterpress;\">\u00a0Mehrere Wege sind denkbar:<\/div>\n<div style=\"text-decoration: -webkit-letterpress;\">\n<ul>\n<li style=\"color: rgba(0, 0, 0, 0.701961); font-family: UICTFontTextStyleBody; font-size: 17px; line-height: normal; -webkit-composition-fill-color: rgba(130, 98, 83, 0.0980392); -webkit-tap-highlight-color: rgba(26, 26, 26, 0.301961);\"><span style=\"-webkit-tap-highlight-color: rgba(26, 26, 26, 0.301961);\">Fotoprojekt von Antonio mit den Bewohnern, historischen Fotos, neuen Erfahrungen der Bewohner,<\/span><\/li>\n<li style=\"color: rgba(0, 0, 0, 0.701961); font-family: UICTFontTextStyleBody; font-size: 17px; line-height: normal; -webkit-composition-fill-color: rgba(130, 98, 83, 0.0980392); -webkit-tap-highlight-color: rgba(26, 26, 26, 0.301961);\"><span style=\"-webkit-tap-highlight-color: rgba(26, 26, 26, 0.301961);\">Alte Handwerkstechniken neu entdecken (K\u00e4se u.a. herstellen, Fischen gehen, &#8230;, mit den Kindern der Schule und sp\u00e4ter f\u00fcr die Touristen) und diese im Museum zeigen und ausstellen<\/span><\/li>\n<li style=\"color: rgba(0, 0, 0, 0.701961); font-family: UICTFontTextStyleBody; font-size: 17px; line-height: normal; -webkit-composition-fill-color: rgba(130, 98, 83, 0.0980392); -webkit-tap-highlight-color: rgba(26, 26, 26, 0.301961);\"><span style=\"-webkit-tap-highlight-color: rgba(26, 26, 26, 0.301961);\">Oral history &#8211; erlebte Geschichte: erz\u00e4hlt von den &#8222;Alten&#8220;, aufgeschrieben von den Jungen,<\/span><\/li>\n<li style=\"color: rgba(0, 0, 0, 0.701961); font-family: UICTFontTextStyleBody; font-size: 17px; line-height: normal; -webkit-composition-fill-color: rgba(130, 98, 83, 0.0980392); -webkit-tap-highlight-color: rgba(26, 26, 26, 0.301961);\"><span style=\"-webkit-tap-highlight-color: rgba(26, 26, 26, 0.301961);\">Das Dorf ergr\u00fcnt, Biodiversit\u00e4t ist nicht nur &#8222;drau\u00dfen&#8220;,<\/span><\/li>\n<li style=\"color: rgba(0, 0, 0, 0.701961); font-family: UICTFontTextStyleBody; font-size: 17px; line-height: normal; -webkit-composition-fill-color: rgba(130, 98, 83, 0.0980392);\"><span style=\"-webkit-tap-highlight-color: rgba(26, 26, 26, 0.301961);\">Shared Space &#8211; Modellprojekt in Portugal,<\/span><\/li>\n<li><span style=\"line-height: normal; -webkit-text-size-adjust: auto; background-color: rgba(255, 255, 255, 0);\">Eine bessere r\u00e4umliche Anbindung des Museums an den Ort durch eine andere gr\u00fcne Struktur,<\/span><\/li>\n<li style=\"color: rgba(0, 0, 0, 0.701961); font-family: UICTFontTextStyleBody; font-size: 17px; line-height: normal; -webkit-composition-fill-color: rgba(130, 98, 83, 0.0980392);\"><span style=\"-webkit-tap-highlight-color: rgba(26, 26, 26, 0.301961);\">&#8230;<\/span><\/li>\n<\/ul>\n<\/div>\n<div style=\"color: rgba(0, 0, 0, 0.701961); font-family: UICTFontTextStyleBody; font-size: 17px; line-height: normal; -webkit-tap-highlight-color: rgba(26, 26, 26, 0.301961); -webkit-composition-fill-color: rgba(130, 98, 83, 0.0980392); text-decoration: -webkit-letterpress;\">Das Museum von Luz<\/div>\n<div style=\"color: rgba(0, 0, 0, 0.701961); font-family: UICTFontTextStyleBody; font-size: 17px; line-height: normal; -webkit-tap-highlight-color: rgba(26, 26, 26, 0.301961); -webkit-composition-fill-color: rgba(130, 98, 83, 0.0980392); text-decoration: -webkit-letterpress;\"><\/div>\n<div style=\"color: rgba(0, 0, 0, 0.701961); font-family: UICTFontTextStyleBody; font-size: 17px; line-height: normal; -webkit-tap-highlight-color: rgba(26, 26, 26, 0.301961); -webkit-composition-fill-color: rgba(130, 98, 83, 0.0980392); text-decoration: -webkit-letterpress;\">Es bedarf einer neuen Museumsp\u00e4dagogik, indem es die Bewohner von Luz nicht als Ausstellungsst\u00fccke betrachtet, sondern Konzepte mit ihnen gemeinsam erarbeitet und Altes mit Neuem koppelt. Zudem fehlt bislang e<span style=\"-webkit-tap-highlight-color: rgba(26, 26, 26, 0.301961);\">ine Auseinandersetzung mit dem Projekt &#8222;Stausee&#8220;:\u00a0<\/span><\/div>\n<div style=\"color: rgba(0, 0, 0, 0.701961); font-family: UICTFontTextStyleBody; font-size: 17px; line-height: normal; -webkit-tap-highlight-color: rgba(26, 26, 26, 0.301961); -webkit-composition-fill-color: rgba(130, 98, 83, 0.0980392); text-decoration: -webkit-letterpress;\">\n<ul>\n<li><span style=\"-webkit-tap-highlight-color: rgba(26, 26, 26, 0.301961);\">sehr alte Planung, Zielsetzung f\u00fcr heute pr\u00fcfen, \u00c4nderungen der Lebensverh\u00e4ltnisse der l\u00e4ndlichen Bev\u00f6lkerung, Sinnhaftigkeit, &#8230;<\/span><\/li>\n<li><span style=\"-webkit-tap-highlight-color: rgba(26, 26, 26, 0.301961);\">Kl\u00e4rung an welche Zielgruppen sich das Museum wenden will,<\/span><\/li>\n<li><span style=\"-webkit-tap-highlight-color: rgba(26, 26, 26, 0.301961);\">Herausfinden, was Luz zu etwas Besonderem macht und ein Gesamtkonzept entwickeln, dass die anderen von der Talsperre &#8222;betroffenen&#8220; Orte mit einbindet, um daraus Angebote f\u00fcr Touristen zu entwerfen und gemeinsam zu vermarkten.<\/span><\/li>\n<\/ul>\n<p>Ein tolles Thema f\u00fcr einen internationalen Workshop &#8220; Luz 2020&#8243; und vielleicht eine Chance f\u00fcr Peter und mich, das zusammen zu stemmen, wenn wir es schaffen, daf\u00fcr Geld zu organisieren.<\/p>\n<\/div>\n<p>Literatur: Wateau, Fabienne: Querem Fazer um Mar &#8230;, Lissabon 2014, auch auf franz\u00f6sisch (werde mich darum k\u00fcmmern)<\/p>\n<div style=\"color: rgba(0, 0, 0, 0.701961); font-family: UICTFontTextStyleBody; font-size: 17px; line-height: normal; -webkit-tap-highlight-color: rgba(26, 26, 26, 0.301961); -webkit-composition-fill-color: rgba(130, 98, 83, 0.0980392); text-decoration: -webkit-letterpress;\"><\/div>\n","protected":false},"excerpt":{"rendered":"<p>Vor ca. 60 Jahren noch unter der Salazar-Diktatur entstanden Pl\u00e4ne im Nordosten des Alentejo eine gro\u00dfe Talsperre Barrage de Alqueva zu bauen. Ziel war es, die dortige trockene Region zwischen den beiden Fl\u00fcssen Rio Guadiana\u00a0und Rio de Godelim und weiterer kleinerer Zufl\u00fcsse landwirtschaftlich zu entwickeln und gleichzeitig einen gro\u00dfen Teil der Elektrizit\u00e4t so zu gewinnen. &hellip; <\/p>\n<p class=\"link-more\"><a href=\"http:\/\/wolfsreise.d-l-w.de\/?p=750\" class=\"more-link\"><span class=\"screen-reader-text\">\u201eDas alte Dorf geht unter &#8211; Renaissance an einem anderen Ort\u201c<\/span> weiterlesen<\/a><\/p>\n","protected":false},"author":2,"featured_media":0,"comment_status":"open","ping_status":"open","sticky":false,"template":"","format":"standard","meta":{"footnotes":""},"categories":[8],"tags":[],"class_list":["post-750","post","type-post","status-publish","format-standard","hentry","category-portugal"],"_links":{"self":[{"href":"http:\/\/wolfsreise.d-l-w.de\/index.php?rest_route=\/wp\/v2\/posts\/750"}],"collection":[{"href":"http:\/\/wolfsreise.d-l-w.de\/index.php?rest_route=\/wp\/v2\/posts"}],"about":[{"href":"http:\/\/wolfsreise.d-l-w.de\/index.php?rest_route=\/wp\/v2\/types\/post"}],"author":[{"embeddable":true,"href":"http:\/\/wolfsreise.d-l-w.de\/index.php?rest_route=\/wp\/v2\/users\/2"}],"replies":[{"embeddable":true,"href":"http:\/\/wolfsreise.d-l-w.de\/index.php?rest_route=%2Fwp%2Fv2%2Fcomments&post=750"}],"version-history":[{"count":20,"href":"http:\/\/wolfsreise.d-l-w.de\/index.php?rest_route=\/wp\/v2\/posts\/750\/revisions"}],"predecessor-version":[{"id":779,"href":"http:\/\/wolfsreise.d-l-w.de\/index.php?rest_route=\/wp\/v2\/posts\/750\/revisions\/779"}],"wp:attachment":[{"href":"http:\/\/wolfsreise.d-l-w.de\/index.php?rest_route=%2Fwp%2Fv2%2Fmedia&parent=750"}],"wp:term":[{"taxonomy":"category","embeddable":true,"href":"http:\/\/wolfsreise.d-l-w.de\/index.php?rest_route=%2Fwp%2Fv2%2Fcategories&post=750"},{"taxonomy":"post_tag","embeddable":true,"href":"http:\/\/wolfsreise.d-l-w.de\/index.php?rest_route=%2Fwp%2Fv2%2Ftags&post=750"}],"curies":[{"name":"wp","href":"https:\/\/api.w.org\/{rel}","templated":true}]}}