{"id":729,"date":"2015-05-13T19:22:07","date_gmt":"2015-05-13T17:22:07","guid":{"rendered":"http:\/\/wolfsreise.d-l-w.de\/?p=729"},"modified":"2018-06-22T15:40:04","modified_gmt":"2018-06-22T13:40:04","slug":"volkslieder-des-alentejo-der-etwas-andere-gesang","status":"publish","type":"post","link":"http:\/\/wolfsreise.d-l-w.de\/?p=729","title":{"rendered":"Volkslieder des Alentejo, der etwas andere Gesang"},"content":{"rendered":"<p><span style=\"line-height: normal; -webkit-text-size-adjust: auto; background-color: rgba(255, 255, 255, 0);\">&nbsp;<a href=\"http:\/\/www.kommunisten.ch\/index.php?article_id=1277\">Cante alentejano als UNESCO-Kulturerbe der Menschheit anerkannt<\/a><\/span><\/p>\n<p><span style=\"line-height: normal; -webkit-text-size-adjust: auto; background-color: rgba(255, 255, 255, 0);\">Der \u201cCante Alentejano\u201d oder schlicht \u201ccante\u201d (Dialektwort f\u00fcr das portugiesische \u201ccanto\u201d, Gesang) , ein polyphoner Gesang aus dem S\u00fcden Portugals mit unverwechselbaren musikalischen Eigent\u00fcmlichkeiten, der tief in der Volkskultur dieser l\u00e4ndlichen Gegend verwurzelt ist, wurde am 27. November 2014 von der&nbsp;<span class=\"caps\">UNESCO<\/span>&nbsp;in die Liste des immateriellen Weltkulturerbes eingetragen.&nbsp;<\/span><\/p>\n<div class=\"floatLeft\" style=\"float: left; margin: 4px 12px 6px 0px;\"><span style=\"line-height: normal; -webkit-text-size-adjust: auto; background-color: rgba(255, 255, 255, 0);\"><img decoding=\"async\" src=\"http:\/\/www.kommunisten.ch\/files\/monumento-casevel.png\" title=\"Monumento ao Cante, Casevel\" alt=\"Monumento ao Cante, Casevel\" style=\"border: none; padding: 1px; display: inline;\"><\/span><\/div>\n<p style=\"margin-right: 0px; margin-bottom: 0px; margin-left: 0px; padding: 0px 0px 0.6em;\"><span style=\"line-height: normal; -webkit-text-size-adjust: auto; background-color: rgba(255, 255, 255, 0);\">Beim Cante handelt sich um einen Wechselgesang von Vors\u00e4nger (Ponto), zweitem Solist (Alto) und Chor nach bestimmten Regeln. In den D\u00f6rfern des Alentejo hat sich bis auf den heutigen Tag ein Reichtum an modalen Liedern gegen die uniformierende Wirkung der kommerziellen Musikproduktion behaupten k\u00f6nnen. Lydische, mixolydische (gelegentlich phrygisch) anmutende Passagen finden sich ebenso wie plagale Schlusswendungen. H\u00e4ufig weichen die S\u00e4nger bei einzelnen Tonstufen mehr oder weniger stark von der (harmonischen) Durleiter ab. Alle diese Elemente machen eine neue unverwechselbare Tonwelt erlebbar. Die historischen Wurzeln des Cante liegen im Dunkeln. Die Bauern s\u00fcdlich des Tejo wurden relativ sp\u00e4t christianisiert. Um 1500 wurden massenweise aus Spanien gefl\u00fcchtete und in Portugal zwangsgetaufte Juden im Alentejo angesiedelt. Es wird nicht ausgeblieben sein, dass diese \u201cneuen Christen\u201d mit maurischen und j\u00fcdischen Vorfahren Vieles aus ihrem angestammten Liedgut in die Volkskultur einbrachten, die den Cante hervorgebracht hat. Seit antiken Zeiten&nbsp;haben&nbsp;sehr viele V\u00f6lkerschaften unterschiedlichster Herkunft in Portugal angesiedelt, und da die Randlage des Landes kein Weiterziehen m\u00f6glich macht, bleiben und Spuren ihrer Traditionen bis heute h\u00f6rbar<\/span><span style=\"line-height: normal; -webkit-text-size-adjust: auto; background-color: rgba(255, 255, 255, 0);\">.<\/span><\/p>\n<p style=\"margin-right: 0px; margin-bottom: 0px; margin-left: 0px; padding: 0px 0px 0.6em;\"><span style=\"line-height: normal; -webkit-text-size-adjust: auto; background-color: rgba(255, 255, 255, 0); font-size: medium;\">1971 suchte Michel Giacometti, Sammler von Volksliedern des Alentejo, &nbsp;einen der letzten Spieler der alten Generation auf. Eine der vielen Rarit\u00e4ten aus seiner Sammlung:<\/span><span style=\"line-height: normal; -webkit-text-size-adjust: auto; background-color: rgba(255, 255, 255, 0); font-size: medium;\">&nbsp;<\/span><a href=\"https:\/\/www.youtube.com\/watch?v=DIhh-zdltT4\" style=\"line-height: normal; -webkit-text-size-adjust: auto; background-color: rgba(255, 255, 255, 0);\">Viola campani\u00e7a<\/a><span style=\"line-height: normal; -webkit-text-size-adjust: auto; background-color: rgba(255, 255, 255, 0); font-size: medium;\">&nbsp;(Youtube-Video).<\/span><\/p>\n<p style=\"margin-right: 0px; margin-bottom: 0px; margin-left: 0px; padding: 0px 0px 0.6em;\"><span style=\"line-height: normal; -webkit-text-size-adjust: auto; background-color: rgba(255, 255, 255, 0); font-size: medium;\">(Siehe Portugalforum.com)<\/span><\/p>\n<h3 style=\"margin: 0px; padding: 0.9em 0px 0.6em;\"><font size=\"3\"><span style=\"line-height: normal; -webkit-text-size-adjust: auto; background-color: rgba(255, 255, 255, 0);\">Kleine Auswahl von Video-Dokumenten zum Cante (<span class=\"caps\">EXTERNE<\/span>&nbsp;<span class=\"caps\">LINKS<\/span>):<\/span><\/font><\/h3>\n<h4 style=\"margin: 0px; padding: 0.7em 0px 0.4em;\"><span class=\"caps\" style=\"line-height: normal; -webkit-text-size-adjust: auto; background-color: rgba(255, 255, 255, 0);\">CANTE<\/span><\/h4>\n<ul style=\"margin-top: 0px; padding-top: 0px;\">\n<li style=\"margin-left: -24px;\"><a href=\"http:\/\/www.youtube.com\/watch?v=InKCQeVahmg\" style=\"line-height: normal; -webkit-text-size-adjust: auto; background-color: rgba(255, 255, 255, 0);\"><font color=\"#2d2d2d\">Grupo Coral de Baleiz\u00e3o \u2013 Oh Baleiz\u00e3o, Baleiz\u00e3o<\/font><\/a><\/li>\n<li style=\"margin-left: -24px;\"><a href=\"http:\/\/www.youtube.com\/watch?v=E1kke5Vpsd8#t=72\" style=\"line-height: normal; -webkit-text-size-adjust: auto; background-color: rgba(255, 255, 255, 0);\"><font color=\"#2d2d2d\">Grupo coral do sindicato dos Mineiros de Aljustrel \u2013 Nas minas de Aljustrel<\/font><\/a><\/li>\n<li style=\"margin-left: -24px;\"><a href=\"http:\/\/www.youtube.com\/watch?v=cpOIr-rhvE4\" style=\"line-height: normal; -webkit-text-size-adjust: auto; background-color: rgba(255, 255, 255, 0);\"><font color=\"#2d2d2d\">Grupo Coral Cardadores da Sete \u2013 Reforma agr\u00e1ria<\/font><\/a><\/li>\n<li style=\"margin-left: -24px;\"><a href=\"http:\/\/www.youtube.com\/watch?v=LcDBRdLZ5mg\" style=\"line-height: normal; -webkit-text-size-adjust: auto; background-color: rgba(255, 255, 255, 0);\"><font color=\"#2d2d2d\">Grupo Coral Os Ganh\u00f5es de Castro Verde \u2013 Pelo toque da viola<\/font><\/a><\/li>\n<li style=\"margin-left: -24px;\"><a href=\"http:\/\/www.youtube.com\/watch?v=uscIlkMJMZs\" style=\"line-height: normal; -webkit-text-size-adjust: auto; background-color: rgba(255, 255, 255, 0);\"><font color=\"#2d2d2d\">Grupo Coral Os Ganh\u00f5es de Castro Verde \u2013 Andei a guardar o gado<\/font><\/a><\/li>\n<li style=\"margin-left: -24px;\"><a href=\"http:\/\/www.youtube.com\/watch?v=AMujslVCdb8\" style=\"line-height: normal; -webkit-text-size-adjust: auto; background-color: rgba(255, 255, 255, 0);\"><font color=\"#2d2d2d\">Grupo Coral Os Ganh\u00f5es de Castro Verde \u2013 \u00d4 luar da meia noite<\/font><\/a><\/li>\n<li style=\"margin-left: -24px;\"><a href=\"http:\/\/www.youtube.com\/watch?v=sOxZHPIslUY\" style=\"line-height: normal; -webkit-text-size-adjust: auto; background-color: rgba(255, 255, 255, 0);\"><font color=\"#2d2d2d\">Grupo Coral As Camponesas de Castro \u2013 Rosa branca desmaiada<\/font><\/a><\/li>\n<li style=\"margin-left: -24px;\"><a href=\"http:\/\/www.youtube.com\/watch?v=7zpzbdMUPJQ\" style=\"line-height: normal; -webkit-text-size-adjust: auto; background-color: rgba(255, 255, 255, 0);\"><font color=\"#2d2d2d\">Grupo Coral As Ceifeiras de Entradas \u2013 Ao romper da bela aurora<\/font><\/a><\/li>\n<\/ul>\n<p><span style=\"line-height: normal; -webkit-text-size-adjust: auto; background-color: rgba(255, 255, 255, 0);\">&nbsp;<\/span><\/p>\n","protected":false},"excerpt":{"rendered":"<p>&nbsp;Cante alentejano als UNESCO-Kulturerbe der Menschheit anerkannt Der \u201cCante Alentejano\u201d oder schlicht \u201ccante\u201d (Dialektwort f\u00fcr das portugiesische \u201ccanto\u201d, Gesang) , ein polyphoner Gesang aus dem S\u00fcden Portugals mit unverwechselbaren musikalischen Eigent\u00fcmlichkeiten, der tief in der Volkskultur dieser l\u00e4ndlichen Gegend verwurzelt ist, wurde am 27. November 2014 von der&nbsp;UNESCO&nbsp;in die Liste des immateriellen Weltkulturerbes eingetragen.&nbsp; Beim &hellip; <\/p>\n<p class=\"link-more\"><a href=\"http:\/\/wolfsreise.d-l-w.de\/?p=729\" class=\"more-link\"><span class=\"screen-reader-text\">\u201eVolkslieder des Alentejo, der etwas andere Gesang\u201c<\/span> weiterlesen<\/a><\/p>\n","protected":false},"author":2,"featured_media":0,"comment_status":"open","ping_status":"open","sticky":false,"template":"","format":"standard","meta":{"footnotes":""},"categories":[8],"tags":[],"class_list":["post-729","post","type-post","status-publish","format-standard","hentry","category-portugal"],"_links":{"self":[{"href":"http:\/\/wolfsreise.d-l-w.de\/index.php?rest_route=\/wp\/v2\/posts\/729"}],"collection":[{"href":"http:\/\/wolfsreise.d-l-w.de\/index.php?rest_route=\/wp\/v2\/posts"}],"about":[{"href":"http:\/\/wolfsreise.d-l-w.de\/index.php?rest_route=\/wp\/v2\/types\/post"}],"author":[{"embeddable":true,"href":"http:\/\/wolfsreise.d-l-w.de\/index.php?rest_route=\/wp\/v2\/users\/2"}],"replies":[{"embeddable":true,"href":"http:\/\/wolfsreise.d-l-w.de\/index.php?rest_route=%2Fwp%2Fv2%2Fcomments&post=729"}],"version-history":[{"count":6,"href":"http:\/\/wolfsreise.d-l-w.de\/index.php?rest_route=\/wp\/v2\/posts\/729\/revisions"}],"predecessor-version":[{"id":744,"href":"http:\/\/wolfsreise.d-l-w.de\/index.php?rest_route=\/wp\/v2\/posts\/729\/revisions\/744"}],"wp:attachment":[{"href":"http:\/\/wolfsreise.d-l-w.de\/index.php?rest_route=%2Fwp%2Fv2%2Fmedia&parent=729"}],"wp:term":[{"taxonomy":"category","embeddable":true,"href":"http:\/\/wolfsreise.d-l-w.de\/index.php?rest_route=%2Fwp%2Fv2%2Fcategories&post=729"},{"taxonomy":"post_tag","embeddable":true,"href":"http:\/\/wolfsreise.d-l-w.de\/index.php?rest_route=%2Fwp%2Fv2%2Ftags&post=729"}],"curies":[{"name":"wp","href":"https:\/\/api.w.org\/{rel}","templated":true}]}}