{"id":696,"date":"2015-05-08T23:07:18","date_gmt":"2015-05-08T21:07:18","guid":{"rendered":"http:\/\/wolfsreise.d-l-w.de\/?p=696"},"modified":"2018-06-22T15:40:04","modified_gmt":"2018-06-22T13:40:04","slug":"ein-land-der-felder-waelder-und-der-baeuerlichen-landwirtschaft","status":"publish","type":"post","link":"http:\/\/wolfsreise.d-l-w.de\/?p=696","title":{"rendered":"Ein Land der Felder, W\u00e4lder und der b\u00e4uerlichen Landwirtschaft"},"content":{"rendered":"<p><span style=\"line-height: normal; -webkit-text-size-adjust: auto; background-color: rgba(255, 255, 255, 0);\">Der bedeutendste Wirtschaftsbereich in Portugal ist die Landwirtschaft. Durch die seit Jahren andauernde Landflucht gleitet dieser Bereich un\u00fcbersehbar in die Ineffizienz \u00fcber. Viele Landwirtschaftsbetriebe werden aufgegeben bzw. in touristenreichen Regionen in Ferienwohnsitze umgebaut, die sich dann die meiste Zeit de s Jahres selbst \u00fcberlassen bleiben. Landflucht ist eines der bestimmenden Themen im Alentejo.&nbsp;<\/span><\/p>\n<p><span style=\"line-height: normal; -webkit-text-size-adjust: auto; background-color: rgba(255, 255, 255, 0);\">Die Landwirtschaft macht nur etwa 5% des Bruttoinlandproduktes (BIP) aus, obwohl mehr als 15% aller Arbeitskr\u00e4fte in diesem Bereich t\u00e4tig sind.&nbsp;<\/span><span style=\"line-height: normal; -webkit-text-size-adjust: auto; background-color: rgba(255, 255, 255, 0);\">Dazu im Vergleich: der Anteil der Landwirtschaft am Bruttoinlandsprodukt in Deutschland im Jahr 2014 betrug nur noch 0,8% mit inzwischen h\u00f6chstens 1% der Besch\u00e4ftigten (Statistika 2015, internet 27.4.15)&nbsp;<\/span>&nbsp;<a href=\"http:\/\/wolfsreise.d-l-w.de\/wp-content\/uploads\/2015\/05\/IMG_0509.jpg\"><img decoding=\"async\" src=\"http:\/\/wolfsreise.d-l-w.de\/wp-content\/uploads\/2015\/05\/IMG_0509.jpg\" alt=\"\"><\/a>&nbsp;<\/p>\n<p><i><span style=\"line-height: normal; -webkit-text-size-adjust: auto; background-color: rgba(255, 255, 255, 0);\">Exkurs:&nbsp;<\/span><span style=\"line-height: normal; -webkit-text-size-adjust: auto; background-color: rgba(255, 255, 255, 0);\"><span style=\"line-height: normal;\">&nbsp;Landwirtschaftliche Wertsch\u00f6pfung pro Arbeiter ist ein Ma\u00dfstab der landwirtschaftlichen Produktivit\u00e4t. Die Wertsch\u00f6pfung in der Landwirtschaft mi\u00dft den Arbeitsertrag des Landwirtschaftssektors (ISIC Kategorien 1-5) abz\u00fcglic h der Werte der eingesetzten Zwischenressourcen. Landwirtschaft schlie\u00dft die Wertsch\u00f6pfung von Waldwirtschaft, Jagd, Fischerei sowie den Ackerbau und die Viehhaltung ein. Die Daten sind in konstanten Werten von US Dollar von 2011. (Quelle: Weltbank), d.h. f\u00fcr Portugal einen Wert unter 10.000 \u20ac&nbsp;pro Betrieb im&nbsp;<\/span><\/span><\/i><span><i><span style=\"line-height: normal;\">Durchschnitt, wobei nat\u00fcrlich die Zunahme gr\u00f6\u00dferer&nbsp;Betriebseinheiten festzustellen.<\/span><\/i><\/span><\/p>\n<p><span style=\"line-height: normal; -webkit-text-size-adjust: auto; background-color: rgba(255, 255, 255, 0);\">Heute muss Portugal mehr als die H\u00e4lfte der ben\u00f6tigten Nahrungsmittel aus dem Ausland importieren. Eine gro\u00dfe Krise wurde in der portugiesischen Landwirtschaft, und v.a. im Bereich des Mandelanbaus, durch die Konkurrenz in den Niedriglohnl\u00e4ndern ausgel\u00f6st, obwohl es doch im Gesamteurop\u00e4ischen Kontext selbst als Billiglohnland erscheint &#8211; noch nicht billig genug? Auch die Korkeichenplantagen sind davon betroffen.&nbsp;<\/span><span style=\"line-height: normal; -webkit-text-size-adjust: auto; background-color: rgba(255, 255, 255, 0);\">Das einzige, wovon Portugal in pflanzlicher Richtung profitiert ist der Anbau von Eukalyptus (Zellstoffindustrie) als mittlerweile wichtigster Wirtschaftszweig des Landes. Der Anbau f\u00fchrt rasch zur Devastierung des Bodens und verdr\u00e4ngt Teile der Tierwelt und den autochtonen Wald eine der nicht nachhaltigen und kurzsichtigen Alternativen.<\/span><\/p>\n<p><span style=\"line-height: normal; -webkit-text-size-adjust: auto; background-color: rgba(255, 255, 255, 0);\">Noch ist mehr als ein Drittel Portugals ist bewaldet. Die daraus gewonnen Waldprodukte und Fr\u00fcchte finden in der portugiesischen Industrie Verwendung. Die Nachfrage nach Kork, Harzen und Kiefernholz ist in der letzten Zeit gestiegen. Die&nbsp;<\/span><span style=\"line-height: normal; -webkit-text-size-adjust: auto; background-color: rgba(255, 255, 255, 0);\">Weinproduktion w\u00e4chst, den ersten Platz in der Welt nimmt das Land mit dem Export von Tomatenmark ein. Durch diese Einnahmen k\u00f6nnen die Kosten f\u00fcr die fehlenden Fleisch- und Getreidevorr\u00e4te durch Import fast ausgeglichen werden.&nbsp;<\/span><span style=\"line-height: normal; -webkit-text-size-adjust: auto; background-color: rgba(255, 255, 255, 0);\">Au\u00dferdem werden gro\u00dfe Ertr\u00e4ge bei Kartoffeln, Getreide und Oliven sowie Tomaten als Fr\u00fcchte erwirtschaftet. Lange K\u00fcsten und reiches Fischvorkommen beg\u00fcnstigen die Fischindustrie, v.a. Thunfisch, Sardellen und Sardinen, inzwischen auch wieder Kabeljau im Nordatlantik. (siehe dazu&nbsp;<\/span><span style=\"line-height: normal; -webkit-text-size-adjust: auto; background-color: rgba(255, 255, 255, 0);\">auch:&nbsp;<\/span><span style=\"line-height: normal; -webkit-text-size-adjust: auto; background-color: rgba(255, 255, 255, 0);\">www.ict-ccast.eu 2012, 27.4.15)<\/span><\/p>\n<p><span style=\"line-height: normal; -webkit-text-size-adjust: auto; background-color: rgba(255, 255, 255, 0);\">Auch:&nbsp;<\/span><span style=\"cursor: pointer; word-wrap: break-word; line-height: normal; background-color: rgba(255, 255, 255, 0); font-size: medium;\"><a style=\"cursor: pointer; word-wrap: break-word; line-height: normal; -webkit-text-size-adjust: auto; background-color: rgba(255, 255, 255, 0);\" href=\"https:\/\/www.landwirtschaft-bw.info\/pb\/site\/lel\/get\/documents\/MLR.LEL\/PB5Documents\/lel\/pdf\/p\/Portugal%20-%20das%20Land%20des%20Weines%20und%20der%20Korkeichen%20-%20Dr.%20Ulrich%20Ro%C3%9Fwag,%20RP%20Karlsruhe.pdf\">Portugal &#8211; das Land des Weines und der Korkeichen<\/a>&nbsp;(<\/span><span style=\"line-height: normal; -webkit-text-size-adjust: auto; background-color: rgba(255, 255, 255, 0);\">https:\/\/www.<\/span><b style=\"line-height: normal; -webkit-text-size-adjust: auto; background-color: rgba(255, 255, 255, 0);\">landwirtschaft<\/b><span style=\"line-height: normal; -webkit-text-size-adjust: auto; background-color: rgba(255, 255, 255, 0);\">-bw.info\/&#8230;\/<\/span><b style=\"line-height: normal; -webkit-text-size-adjust: auto; background-color: rgba(255, 255, 255, 0);\">Portugal<\/b><span style=\"line-height: normal; -webkit-text-size-adjust: auto; background-color: rgba(255, 255, 255, 0);\">%20-%20das%20Land%20d&#8230;)<\/span><\/p>\n","protected":false},"excerpt":{"rendered":"<p>Der bedeutendste Wirtschaftsbereich in Portugal ist die Landwirtschaft. Durch die seit Jahren andauernde Landflucht gleitet dieser Bereich un\u00fcbersehbar in die Ineffizienz \u00fcber. Viele Landwirtschaftsbetriebe werden aufgegeben bzw. in touristenreichen Regionen in Ferienwohnsitze umgebaut, die sich dann die meiste Zeit de s Jahres selbst \u00fcberlassen bleiben. Landflucht ist eines der bestimmenden Themen im Alentejo.&nbsp; Die Landwirtschaft &hellip; <\/p>\n<p class=\"link-more\"><a href=\"http:\/\/wolfsreise.d-l-w.de\/?p=696\" class=\"more-link\"><span class=\"screen-reader-text\">\u201eEin Land der Felder, W\u00e4lder und der b\u00e4uerlichen Landwirtschaft\u201c<\/span> weiterlesen<\/a><\/p>\n","protected":false},"author":2,"featured_media":0,"comment_status":"open","ping_status":"open","sticky":false,"template":"","format":"standard","meta":{"footnotes":""},"categories":[8],"tags":[],"class_list":["post-696","post","type-post","status-publish","format-standard","hentry","category-portugal"],"_links":{"self":[{"href":"http:\/\/wolfsreise.d-l-w.de\/index.php?rest_route=\/wp\/v2\/posts\/696"}],"collection":[{"href":"http:\/\/wolfsreise.d-l-w.de\/index.php?rest_route=\/wp\/v2\/posts"}],"about":[{"href":"http:\/\/wolfsreise.d-l-w.de\/index.php?rest_route=\/wp\/v2\/types\/post"}],"author":[{"embeddable":true,"href":"http:\/\/wolfsreise.d-l-w.de\/index.php?rest_route=\/wp\/v2\/users\/2"}],"replies":[{"embeddable":true,"href":"http:\/\/wolfsreise.d-l-w.de\/index.php?rest_route=%2Fwp%2Fv2%2Fcomments&post=696"}],"version-history":[{"count":10,"href":"http:\/\/wolfsreise.d-l-w.de\/index.php?rest_route=\/wp\/v2\/posts\/696\/revisions"}],"predecessor-version":[{"id":720,"href":"http:\/\/wolfsreise.d-l-w.de\/index.php?rest_route=\/wp\/v2\/posts\/696\/revisions\/720"}],"wp:attachment":[{"href":"http:\/\/wolfsreise.d-l-w.de\/index.php?rest_route=%2Fwp%2Fv2%2Fmedia&parent=696"}],"wp:term":[{"taxonomy":"category","embeddable":true,"href":"http:\/\/wolfsreise.d-l-w.de\/index.php?rest_route=%2Fwp%2Fv2%2Fcategories&post=696"},{"taxonomy":"post_tag","embeddable":true,"href":"http:\/\/wolfsreise.d-l-w.de\/index.php?rest_route=%2Fwp%2Fv2%2Ftags&post=696"}],"curies":[{"name":"wp","href":"https:\/\/api.w.org\/{rel}","templated":true}]}}