{"id":672,"date":"2015-05-06T11:50:19","date_gmt":"2015-05-06T09:50:19","guid":{"rendered":"http:\/\/wolfsreise.d-l-w.de\/?p=672"},"modified":"2018-06-22T15:40:04","modified_gmt":"2018-06-22T13:40:04","slug":"oekologisches-grundlagenwissen-und-rechtliche-voraussetzungen-fuer-die-planung-alles-da-aber-die-umsetzung-ist-kompliziert","status":"publish","type":"post","link":"http:\/\/wolfsreise.d-l-w.de\/?p=672","title":{"rendered":"\u00d6kologisches Grundlagenwissen und rechtliche Voraussetzungen f\u00fcr die Planung &#8211; alles da, aber die Umsetzung ist kompliziert"},"content":{"rendered":"<p><span style=\"text-decoration: -webkit-letterpress; line-height: normal; -webkit-text-size-adjust: auto; background-color: rgba(255, 255, 255, 0);\">Eine Bestandsaufnahme des gesamten Landes, beruhend auf einem Datenbestand von 2000 bis 2009 liegt fl\u00e4chendeckend in unterschiedlichen Ma\u00dfst\u00e4ben vor. Dort wird auch aufgezeigt, wie die verschiedenen Planungsebenen und -instrumente ineinander greifen und wie &#8222;abgeschichtet&#8220;, also Aussagen und Ma\u00dfnahmen f\u00fcr die nachfolgenden Ebenen konkretisiert werden k\u00f6nnen. Die Integration Portugals in das Europ\u00e4ische Netzwerk Natura 2000 steht au\u00dfer Frage.&nbsp;<\/span><\/p>\n<p><span style=\"text-decoration: -webkit-letterpress; line-height: normal; -webkit-text-size-adjust: auto; background-color: rgba(255, 255, 255, 0);\">Da Portugal ein sog. Zentralstaat ist und die Regionen zwar jeweils \u00fcber &#8222;Au\u00dfenstellen&#8220; der Ministerien verf\u00fcgen, laufen Entscheidungen zu Fragen des Naturschutzes in Lissabon zusammen. Die Kommunen haben insofern relative Planungshoheit, als sie \u00fcber ihre kommunale Entwickung selbst bestimmen (Baugebietsausweisungen, Infrastrukturausbau etc.). Das k\u00f6nnen sie nat\u00fcrlich nur, wenn Mittel zur Verf\u00fcgung stehen und auf der Grundlage eines politisch beschlossenen Entwicklungsplanes, der auch \u00f6kologische Anforderungen ber\u00fccksichtigen sollte. F\u00fcr Lissabon liegt ein solches Konzept vor, viele andere Kommunen verf\u00fcgen noch nicht dar\u00fcber.<\/span><\/p>\n<p><a href=\"http:\/\/wolfsreise.d-l-w.de\/wp-content\/uploads\/2015\/05\/IMG_0494.jpg\"><img decoding=\"async\" src=\"http:\/\/wolfsreise.d-l-w.de\/wp-content\/uploads\/2015\/05\/IMG_0494.jpg\" alt=\"\"><\/a>&nbsp;<span style=\"text-decoration: -webkit-letterpress; line-height: normal; -webkit-text-size-adjust: auto; background-color: rgba(255, 255, 255, 0);\"><br \/>\n<\/span><\/p>\n<p><span style=\"color: rgba(0, 0, 0, 0.701961); font-family: UICTFontTextStyleBody; font-size: 17px; line-height: normal; -webkit-tap-highlight-color: rgba(26, 26, 26, 0.301961); -webkit-composition-fill-color: rgba(130, 98, 83, 0.0980392); text-decoration: -webkit-letterpress;\">Lissabons Sicherungskonzept \u00f6kologischer Achsen f\u00fcr Frisch- und Kaltluft, f\u00fcr eine Biotopvernetzung auch hinein in die Landschaft, aus: Magalaes, Manuel Raposo 2013: Estrutura Ecologica Nationa, uma Proposta de Delimitacao e Regulaentacao, Centro Estudos de Architectura Paisagista &#8222;Professor Caldeira Cabral&#8220;, Universidade Lisboa, Seite 184.<\/span><\/p>\n<p><span style=\"color: rgba(0, 0, 0, 0.701961); font-family: UICTFontTextStyleBody; font-size: 17px; line-height: normal; -webkit-tap-highlight-color: rgba(26, 26, 26, 0.301961); -webkit-composition-fill-color: rgba(130, 98, 83, 0.0980392); text-decoration: -webkit-letterpress;\">Das Instrumentarium der Landschaftsplanung und die Vorgehensweise entspricht dem deutschen Systen, da der &#8222;Begr\u00fcnder&#8220; der Landschaftsplanung in Deutschland studiert hat. Nat\u00fcrlich fehlt hier die Mittelebene, es fehlt auch an systematisierten Bewertungsverfahren, v.a. zur Landschaftsbildbewertung, obwohl gerade hier im Alentejo den Planerinnen und Planern ihre historische Kulturlandschaft bewu\u00dft ist und ihr Verlust rasant voran schreitet. Viele Olivenhaine werden aufgegeben, Korkeichenw\u00e4lder werden nur noch teilweise gepflegt und bewirtschaftet. Die Nutzung von Kork erlebt gerade durch den Tourismus neuen (kitschigen) Aufschwung. Immerhin.<\/span><\/p>\n<p><span style=\"color: rgba(0, 0, 0, 0.701961); font-family: UICTFontTextStyleBody; font-size: 17px; line-height: normal; -webkit-tap-highlight-color: rgba(26, 26, 26, 0.301961); -webkit-composition-fill-color: rgba(130, 98, 83, 0.0980392); text-decoration: -webkit-letterpress;\">Rural Tourism hei\u00dft, wie fr\u00fcher bei uns, noch viel zu oft alte, abgew\u00f6hnte M\u00f6bel in einen ungenutzten Teil des Hauses zu stellen u d auf schnelles Geld hoffen. Dass die G\u00e4ste inzwischen anspruchsvoller geworden sind, diese Erkenntnis sickert langsam durch. Klar, das ist nicht einfach zu realisieren in einer Zeit der Krise, wo jeder Euro zweimal umgedreht werden muss. Aber es ist der einzige Weg, auch der Zusammenschluss und die Zusammenarbeit an einem gemeinsamen Tourismusprodukt fehlt noch weitgehend. Gute Beispiele gibt es nat\u00fcrlich, vereinzelt.<\/span><\/p>\n<p><span style=\"color: rgba(0, 0, 0, 0.701961); font-family: UICTFontTextStyleBody; font-size: 17px; line-height: normal; -webkit-tap-highlight-color: rgba(26, 26, 26, 0.301961); -webkit-composition-fill-color: rgba(130, 98, 83, 0.0980392); text-decoration: -webkit-letterpress;\">Grundlage daf\u00fcr sollten nat\u00fcrlich die Voraussetzungen des Naturhaushaltes sein, damit es nicht so endet wie an der zugebauten K\u00fcste mit Wohnburgen und nur noch wenigen naturnahen Strandabschnitten.<\/span><\/p>\n<p><a href=\"http:\/\/wolfsreise.d-l-w.de\/wp-content\/uploads\/2015\/05\/IMG_0480.jpg\"><img decoding=\"async\" src=\"http:\/\/wolfsreise.d-l-w.de\/wp-content\/uploads\/2015\/05\/IMG_0480.jpg\" alt=\"\"><\/a><\/p>\n<p>Nationalparks und Naturschutzgebiete auf Grundlage der CBD, zus\u00e4tzlich existiert noch die Schutzkategorie &#8222;Regional Park&#8220;, ebenso wie in Deutschland zum Schutz der Kulturlandschaft, ebenda., Seite 154.<\/p>\n<p><span style=\"line-height: 28px;\">Leider stand mir kein Scanner zur Verf\u00fcgung, daher vorl\u00e4ufig unbearbeitete Fotos.&nbsp;<\/span>&nbsp;<span style=\"color: rgba(0, 0, 0, 0.701961); font-family: UICTFontTextStyleBody; font-size: 17px; line-height: normal; -webkit-tap-highlight-color: rgba(26, 26, 26, 0.301961); -webkit-composition-fill-color: rgba(130, 98, 83, 0.0980392); text-decoration: -webkit-letterpress;\"><br \/>\n<\/span><\/p>\n<div style=\"color: rgba(0, 0, 0, 0.701961); font-family: UICTFontTextStyleBody; font-size: 17px; line-height: normal; -webkit-tap-highlight-color: rgba(26, 26, 26, 0.301961); -webkit-composition-fill-color: rgba(130, 98, 83, 0.0980392); text-decoration: -webkit-letterpress;\"><\/div>\n<div style=\"color: rgba(0, 0, 0, 0.701961); font-family: UICTFontTextStyleBody; font-size: 17px; line-height: normal; -webkit-tap-highlight-color: rgba(26, 26, 26, 0.301961); -webkit-composition-fill-color: rgba(130, 98, 83, 0.0980392); text-decoration: -webkit-letterpress;\"><\/div>\n","protected":false},"excerpt":{"rendered":"<p>Eine Bestandsaufnahme des gesamten Landes, beruhend auf einem Datenbestand von 2000 bis 2009 liegt fl\u00e4chendeckend in unterschiedlichen Ma\u00dfst\u00e4ben vor. Dort wird auch aufgezeigt, wie die verschiedenen Planungsebenen und -instrumente ineinander greifen und wie &#8222;abgeschichtet&#8220;, also Aussagen und Ma\u00dfnahmen f\u00fcr die nachfolgenden Ebenen konkretisiert werden k\u00f6nnen. Die Integration Portugals in das Europ\u00e4ische Netzwerk Natura 2000 steht &hellip; <\/p>\n<p class=\"link-more\"><a href=\"http:\/\/wolfsreise.d-l-w.de\/?p=672\" class=\"more-link\"><span class=\"screen-reader-text\">\u201e\u00d6kologisches Grundlagenwissen und rechtliche Voraussetzungen f\u00fcr die Planung &#8211; alles da, aber die Umsetzung ist kompliziert\u201c<\/span> weiterlesen<\/a><\/p>\n","protected":false},"author":2,"featured_media":0,"comment_status":"open","ping_status":"open","sticky":false,"template":"","format":"standard","meta":{"footnotes":""},"categories":[8],"tags":[],"class_list":["post-672","post","type-post","status-publish","format-standard","hentry","category-portugal"],"_links":{"self":[{"href":"http:\/\/wolfsreise.d-l-w.de\/index.php?rest_route=\/wp\/v2\/posts\/672"}],"collection":[{"href":"http:\/\/wolfsreise.d-l-w.de\/index.php?rest_route=\/wp\/v2\/posts"}],"about":[{"href":"http:\/\/wolfsreise.d-l-w.de\/index.php?rest_route=\/wp\/v2\/types\/post"}],"author":[{"embeddable":true,"href":"http:\/\/wolfsreise.d-l-w.de\/index.php?rest_route=\/wp\/v2\/users\/2"}],"replies":[{"embeddable":true,"href":"http:\/\/wolfsreise.d-l-w.de\/index.php?rest_route=%2Fwp%2Fv2%2Fcomments&post=672"}],"version-history":[{"count":6,"href":"http:\/\/wolfsreise.d-l-w.de\/index.php?rest_route=\/wp\/v2\/posts\/672\/revisions"}],"predecessor-version":[{"id":681,"href":"http:\/\/wolfsreise.d-l-w.de\/index.php?rest_route=\/wp\/v2\/posts\/672\/revisions\/681"}],"wp:attachment":[{"href":"http:\/\/wolfsreise.d-l-w.de\/index.php?rest_route=%2Fwp%2Fv2%2Fmedia&parent=672"}],"wp:term":[{"taxonomy":"category","embeddable":true,"href":"http:\/\/wolfsreise.d-l-w.de\/index.php?rest_route=%2Fwp%2Fv2%2Fcategories&post=672"},{"taxonomy":"post_tag","embeddable":true,"href":"http:\/\/wolfsreise.d-l-w.de\/index.php?rest_route=%2Fwp%2Fv2%2Ftags&post=672"}],"curies":[{"name":"wp","href":"https:\/\/api.w.org\/{rel}","templated":true}]}}