{"id":647,"date":"2015-05-01T20:43:22","date_gmt":"2015-05-01T18:43:22","guid":{"rendered":"http:\/\/wolfsreise.d-l-w.de\/?p=647"},"modified":"2018-06-22T15:40:05","modified_gmt":"2018-06-22T13:40:05","slug":"heraus-am-ersten-mai-hoch-die-internationale-solidaritaet","status":"publish","type":"post","link":"http:\/\/wolfsreise.d-l-w.de\/?p=647","title":{"rendered":"Heraus zum ersten Mai &#8211; Hoch die internationale Solidarit\u00e4t"},"content":{"rendered":"<p>Das Plakat k\u00fcndigt an, Realit\u00e4t ist eine andere. Auf dem Zentralplatz spricht die Gerwerkschaft \u00fcber soziale Gerechtigkeit und Arbeitslosigkeit, oder so \u00e4hnlich, vor wenigen Menschen, sicherlich unter Hundert. Es gibt noch jede Menge freier St\u00fchle. Davon war auf dem Plakat zum ersten Mai nichts zu lesen. Auf dem Platz des 1. Mai soll ab 10.30 Musik spielen, gegen 12.30 Uhr beginnt der sound check, eine lange Tafel ist aufgebaut, der Grill ist angeschmissen und das Bier l\u00e4uft. Diejenigen, die der Kundgebung vom Morgen zugeh\u00f6rt haben, tragen Tische und St\u00fchle in den Schatten und gehen zwei wichtigen portugiesischen Besch\u00e4ftigungen nach: Essen und trinken und reden!<\/p>\n<p>Die gro\u00dfe Kundgebung auf dem Theaterplatz beginnt laut Ank\u00fcndigung 14.30 Uhr, etwa eine Stunde Aufstellung in praller Hitze, 500 Leutchen und fast so viele rote Fahnen sind angetreten, ich bin eine davon; nat\u00fcrlich keine rote Fahne. Warten bei Blechmusik aus einem Lautsprecher auf dem Auto und dann eine geschriehene Kurzansprache. Der selbe Weg wie zur Osterprozession wird &#8222;marschiert&#8220;, das Ende ist allerdings ein anderes. Auf dem Platz 1. Mai steht schon seit gestern eine \u00fcberschaubare B\u00fchne.<\/p>\n<p><a href=\"http:\/\/wolfsreise.d-l-w.de\/wp-content\/uploads\/2015\/05\/DSCF4076-1.jpg\"><img decoding=\"async\" src=\"http:\/\/wolfsreise.d-l-w.de\/wp-content\/uploads\/2015\/05\/DSCF4076-1.jpg\" alt=\"\" \/><\/a>\u00a0\u00a0<a href=\"http:\/\/wolfsreise.d-l-w.de\/wp-content\/uploads\/2015\/05\/DSCF4078-1.jpg\"><img decoding=\"async\" src=\"http:\/\/wolfsreise.d-l-w.de\/wp-content\/uploads\/2015\/05\/DSCF4078-1.jpg\" alt=\"\" \/><\/a>\u00a0<i>Rote Fahnen sieht man besser, auch heute noch<\/i><\/p>\n<p>Zwei geschlagene Stunden reden mindesten 6 Leute, aber es ist die erste Maidemo mit St\u00fchlen und Tischen. Viele habe ihr Picknick mitgebracht, ansonsten hei\u00dft es in einer irre langen Schlange anstehen. Stuhl oder Schlange ist die Entscheidung. Meine f\u00e4llt f\u00fcr den Stuhl aus. Ab 17.00 Uhr spielt dann Grupo Banza. Wer mith\u00f6ren will: <a href=\"http:\/\/www.grupobanza.net\">www.grupobanza.net<\/a>.\u00a0Musical popul\u00e4r Alentejo, genau so ist es. Fast alle k\u00f6nnen alles mitsingen, von kleinen Witzchen zwischendurch sind alle begeistert, ich bin drau\u00dfen.<\/p>\n<p><a href=\"http:\/\/wolfsreise.d-l-w.de\/wp-content\/uploads\/2015\/05\/DSCF4080-0.jpg\"><img decoding=\"async\" src=\"http:\/\/wolfsreise.d-l-w.de\/wp-content\/uploads\/2015\/05\/DSCF4080-0.jpg\" alt=\"\" \/><\/a><i>Kleine M\u00e4dchen mit rosa Schleifen im Haar schwingen rote Fahnen der Gewerkschaft oder doch nur wegen der Kekse<\/i><\/p>\n<p>Nach zwei Stunden Musik gehen alle brav nach Hause, heute ohne grandola, villa morena.\u00a0<a href=\"http:\/\/wolfsreise.d-l-w.de\/wp-content\/uploads\/2015\/05\/DSCF4073-0.jpg\"><img decoding=\"async\" src=\"http:\/\/wolfsreise.d-l-w.de\/wp-content\/uploads\/2015\/05\/DSCF4073-0.jpg\" alt=\"\" \/><\/a><i>Der Stammtisch der traditionellen &#8222;Alten&#8220; des Alentejo.\u00a0<\/i><\/p>\n<p>Nachtrag:<\/p>\n<p>Paroli- Paroli &#8230;<span style=\"line-height: 28px;\">\u00a0<\/span><\/p>\n<p><a href=\"http:\/\/wolfsreise.d-l-w.de\/wp-content\/uploads\/2015\/05\/IMG_0358.jpg\"><img decoding=\"async\" src=\"http:\/\/wolfsreise.d-l-w.de\/wp-content\/uploads\/2015\/05\/IMG_0358.jpg\" alt=\"\" \/><\/a><\/p>\n<p>Zum mitsingen, -schreien, -gr\u00f6len<\/p>\n","protected":false},"excerpt":{"rendered":"<p>Das Plakat k\u00fcndigt an, Realit\u00e4t ist eine andere. Auf dem Zentralplatz spricht die Gerwerkschaft \u00fcber soziale Gerechtigkeit und Arbeitslosigkeit, oder so \u00e4hnlich, vor wenigen Menschen, sicherlich unter Hundert. Es gibt noch jede Menge freier St\u00fchle. Davon war auf dem Plakat zum ersten Mai nichts zu lesen. Auf dem Platz des 1. Mai soll ab 10.30 &hellip; <\/p>\n<p class=\"link-more\"><a href=\"http:\/\/wolfsreise.d-l-w.de\/?p=647\" class=\"more-link\"><span class=\"screen-reader-text\">\u201eHeraus zum ersten Mai &#8211; Hoch die internationale Solidarit\u00e4t\u201c<\/span> weiterlesen<\/a><\/p>\n","protected":false},"author":2,"featured_media":0,"comment_status":"open","ping_status":"open","sticky":false,"template":"","format":"standard","meta":{"footnotes":""},"categories":[8],"tags":[],"class_list":["post-647","post","type-post","status-publish","format-standard","hentry","category-portugal"],"_links":{"self":[{"href":"http:\/\/wolfsreise.d-l-w.de\/index.php?rest_route=\/wp\/v2\/posts\/647"}],"collection":[{"href":"http:\/\/wolfsreise.d-l-w.de\/index.php?rest_route=\/wp\/v2\/posts"}],"about":[{"href":"http:\/\/wolfsreise.d-l-w.de\/index.php?rest_route=\/wp\/v2\/types\/post"}],"author":[{"embeddable":true,"href":"http:\/\/wolfsreise.d-l-w.de\/index.php?rest_route=\/wp\/v2\/users\/2"}],"replies":[{"embeddable":true,"href":"http:\/\/wolfsreise.d-l-w.de\/index.php?rest_route=%2Fwp%2Fv2%2Fcomments&post=647"}],"version-history":[{"count":8,"href":"http:\/\/wolfsreise.d-l-w.de\/index.php?rest_route=\/wp\/v2\/posts\/647\/revisions"}],"predecessor-version":[{"id":703,"href":"http:\/\/wolfsreise.d-l-w.de\/index.php?rest_route=\/wp\/v2\/posts\/647\/revisions\/703"}],"wp:attachment":[{"href":"http:\/\/wolfsreise.d-l-w.de\/index.php?rest_route=%2Fwp%2Fv2%2Fmedia&parent=647"}],"wp:term":[{"taxonomy":"category","embeddable":true,"href":"http:\/\/wolfsreise.d-l-w.de\/index.php?rest_route=%2Fwp%2Fv2%2Fcategories&post=647"},{"taxonomy":"post_tag","embeddable":true,"href":"http:\/\/wolfsreise.d-l-w.de\/index.php?rest_route=%2Fwp%2Fv2%2Ftags&post=647"}],"curies":[{"name":"wp","href":"https:\/\/api.w.org\/{rel}","templated":true}]}}