{"id":638,"date":"2015-04-30T22:53:20","date_gmt":"2015-04-30T20:53:20","guid":{"rendered":"http:\/\/wolfsreise.d-l-w.de\/?p=638"},"modified":"2018-06-22T15:40:05","modified_gmt":"2018-06-22T13:40:05","slug":"landesweiter-sportwettbewerb-zwischen-den-schulen-dieses-mal-in-evora","status":"publish","type":"post","link":"http:\/\/wolfsreise.d-l-w.de\/?p=638","title":{"rendered":"Landesweiter Sportwettbewerb zwischen den Schulen &#8211; dieses Mal in Evora"},"content":{"rendered":"<p>aufmarsch, ein zu gro\u00dfes Wort, eher ein Schreiendes Treffen der Schulen, die sich an Lautst\u00e4rke zu \u00fcberbieten suchen, ihre &#8222;Schuluniform&#8220; tragen und sich gegenseitig &#8222;anheizen&#8220; und den Namen der Stadt rausschreien, aus der sie kommen. Alle treffen sich auf dem zentralen Platz und, gepuscht von einem &#8222;Marktschreier&#8220; der die einzelnen Schulen aufruft, ziehen sie nach kurzer Sammlung in die &#8222;Arena&#8220;, um ihre Teams zu pr\u00e4sentieren. Aber es wird kein Gladiatorenk\u00e4mpfe ausgetragen, auch wenn sich die sanierten Namen fast so anh\u00f6ren. F\u00fchlt sich ein bi\u00dfchen amerikanisch an, der Chearleader ist allerdings dick und unsportlich, aber laut genug mit seinem Micro, morgen, bei der Maidemo wird er keine Stimme mehr haben.<\/p>\n<p>Er organisiert die Reihenfolge des Zuges, der fr\u00f6hlich und eigentlich unorganisiert in Stadion h\u00fcpft. Zwischendurch machen die M\u00e4dchen die Jungen an, die Jungen schubsen die M\u00e4dchen vorw\u00e4rts und Eltern sind begeistert von ihrem Nachwuchs.&nbsp;<\/p>\n<p>Grazien in langen Glitzerkleidern folgen dem Zug, einige Damen haben ein Minicocktailkleidchen an, ich meinen Kaschmirpullover. Wer sch\u00f6n sein will, muss frieren.<\/p>\n<p>Morgen geht es also &#8222;heraus zum ersten Mai&#8220;. Der startet moderat: 10.30 erstmal Musik, dann Fr\u00fchst\u00fcck, wir w\u00fcrden vielleicht Fr\u00fchschoppen sagen, 14.30 dann Manifestation im Park. Vermutlich werden viele im sch\u00f6nen Parkkaffee verschwinden, aber davon dann mehr. Ich werde zwar nix versehen, aber meine Solidarit\u00e4t ist ihnen gewi\u00df, bei 34% Jugendarbeitslosigkeit gar keine Frage.<\/p>\n<p>Was wohl gesungen wird? Denn gesungen wird in jedem Fall, das ist ganz portugiesisch. &#8222;Br\u00fcder (Schwestern) zur Sonne, zur Freiheit &#8230;&#8220; wird&#8217;s wohl nicht sein.<\/p>\n<p><a href=\"http:\/\/wolfsreise.d-l-w.de\/wp-content\/uploads\/2015\/04\/IMG_0353.jpg\"><img decoding=\"async\" src=\"http:\/\/wolfsreise.d-l-w.de\/wp-content\/uploads\/2015\/04\/IMG_0353.jpg\" alt=\"\"><\/a>&nbsp;<br \/>\n<i>Das ist das Team aus Porto &#8230; Who will be the winner &#8230;?<\/i><\/p>\n","protected":false},"excerpt":{"rendered":"<p>aufmarsch, ein zu gro\u00dfes Wort, eher ein Schreiendes Treffen der Schulen, die sich an Lautst\u00e4rke zu \u00fcberbieten suchen, ihre &#8222;Schuluniform&#8220; tragen und sich gegenseitig &#8222;anheizen&#8220; und den Namen der Stadt rausschreien, aus der sie kommen. Alle treffen sich auf dem zentralen Platz und, gepuscht von einem &#8222;Marktschreier&#8220; der die einzelnen Schulen aufruft, ziehen sie nach &hellip; <\/p>\n<p class=\"link-more\"><a href=\"http:\/\/wolfsreise.d-l-w.de\/?p=638\" class=\"more-link\"><span class=\"screen-reader-text\">\u201eLandesweiter Sportwettbewerb zwischen den Schulen &#8211; dieses Mal in Evora\u201c<\/span> weiterlesen<\/a><\/p>\n","protected":false},"author":2,"featured_media":0,"comment_status":"open","ping_status":"open","sticky":false,"template":"","format":"standard","meta":{"footnotes":""},"categories":[8],"tags":[],"class_list":["post-638","post","type-post","status-publish","format-standard","hentry","category-portugal"],"_links":{"self":[{"href":"http:\/\/wolfsreise.d-l-w.de\/index.php?rest_route=\/wp\/v2\/posts\/638"}],"collection":[{"href":"http:\/\/wolfsreise.d-l-w.de\/index.php?rest_route=\/wp\/v2\/posts"}],"about":[{"href":"http:\/\/wolfsreise.d-l-w.de\/index.php?rest_route=\/wp\/v2\/types\/post"}],"author":[{"embeddable":true,"href":"http:\/\/wolfsreise.d-l-w.de\/index.php?rest_route=\/wp\/v2\/users\/2"}],"replies":[{"embeddable":true,"href":"http:\/\/wolfsreise.d-l-w.de\/index.php?rest_route=%2Fwp%2Fv2%2Fcomments&post=638"}],"version-history":[{"count":5,"href":"http:\/\/wolfsreise.d-l-w.de\/index.php?rest_route=\/wp\/v2\/posts\/638\/revisions"}],"predecessor-version":[{"id":644,"href":"http:\/\/wolfsreise.d-l-w.de\/index.php?rest_route=\/wp\/v2\/posts\/638\/revisions\/644"}],"wp:attachment":[{"href":"http:\/\/wolfsreise.d-l-w.de\/index.php?rest_route=%2Fwp%2Fv2%2Fmedia&parent=638"}],"wp:term":[{"taxonomy":"category","embeddable":true,"href":"http:\/\/wolfsreise.d-l-w.de\/index.php?rest_route=%2Fwp%2Fv2%2Fcategories&post=638"},{"taxonomy":"post_tag","embeddable":true,"href":"http:\/\/wolfsreise.d-l-w.de\/index.php?rest_route=%2Fwp%2Fv2%2Ftags&post=638"}],"curies":[{"name":"wp","href":"https:\/\/api.w.org\/{rel}","templated":true}]}}