{"id":625,"date":"2015-05-06T11:16:52","date_gmt":"2015-05-06T09:16:52","guid":{"rendered":"http:\/\/wolfsreise.d-l-w.de\/?p=625"},"modified":"2018-06-22T15:40:04","modified_gmt":"2018-06-22T13:40:04","slug":"dichter-denker-philosophen-und-anderes-geschriebenes-portugiesisch-fuehlen-traeumen-weinen-lachen-und-vor-allem-essen","status":"publish","type":"post","link":"http:\/\/wolfsreise.d-l-w.de\/?p=625","title":{"rendered":"Dichter, Denker, Philosophen und anderes Geschriebenes &#8211; Portugiesisch f\u00fchlen, tr\u00e4umen, weinen, lachen und vor allem essen &#8230;"},"content":{"rendered":"<p>Eine kleine pers\u00f6nliche Auswahl, allzuviel ist auf deutsch nicht zu bekommen, als e-Book noch weniger. Nat\u00fcrlich Pessoa, auf den hier nicht verwiesen wird.<\/p>\n<p>&nbsp;<a href=\"http:\/\/wolfsreise.d-l-w.de\/wp-content\/uploads\/2015\/05\/DSCF4151.jpg\"><img decoding=\"async\" src=\"http:\/\/wolfsreise.d-l-w.de\/wp-content\/uploads\/2015\/05\/DSCF4151.jpg\" alt=\"\"><\/a>&nbsp;<br \/>\n<i>Pessoa sitzt immer noch in Lissabon&#8217;s Cafegarten herum<\/i><\/p>\n<p>Antonio Tabucchi, Lissabonner Requiem, M\u00fcnchen 1991<\/p>\n<p><i>Zw\u00f6lf Stunden an einem sehr hei\u00dfen Sommertag in Lissabon zwischen Traum und Realit\u00e4t, Vergangenheit und Gegenwart, verschwimmen Zeit, Raum und Personen in einem unaufl\u00f6sbaren Fluss und enden an der Mole des Tejo, nat\u00fcrlich mit Pessoa bei Vollmond. So morbide wie die Stadt selbst.<\/i><\/p>\n<p><i>&nbsp;<\/i>Annegret Heinold, 111Gr\u00fcnde Portugal zu lieben, eine Liebeserkl\u00e4rung an das Sch\u00f6nste Land der Welt, Berlin 2014<\/p>\n<p><i>Leitete 20 Jahre ein G\u00e4ste- und Seminarhaus, wohnt jetzt seit 2005 in Nordportugal auf einem Bauernhof und schreibt. Viele intersannte Hinweise, Tips und intime Infos \u00fcber das Land, v.a. zu Lissabon und aus dem Allt\u00e4glichen. Ganz leicht wegzulegen und manchen auch nachzuleben; eine Reisebuch zum Mitnehmen.<\/i><\/p>\n<p><i>&nbsp;<\/i>Jorge, Paradies ohne Grenze, Frankfurt am Main 1997<\/p>\n<p><i>Ein sehr schr\u00e4ges Buch im Aussteigermillieu Lissabons der 80er Jahre. In einem zum Abbruch bestimmten Hauses leben sechs junge Leute, die nichts mit ihrer Vergangenheit zu tun haben wollen. Alle gehen bis an ihre Grenzen ohne R\u00fccksichtnahme auf andere oder gesellschaftlichen Konventionen. Einer der riskanten Wege endet mit dem Tod eines im Mittelpunkt stehenden jungen Mannes. Damit sind die Grenzen tats\u00e4chlich \u00fcberschritten. Beobachtend beschrieben von einer &#8222;Schriftstellerin&#8220;, die lediglich als Beobachterin &#8218;von au\u00dfen&#8216; zusehen will, aber bereits mitten drin steckt. Nichts zum einfach weglegen.<\/i><\/p>\n<p>Lidia Jorge, Die K\u00fcste des Raunens,&nbsp;<span style=\"line-height: normal; -webkit-text-size-adjust: auto; background-color: rgba(255, 255, 255, 0);\">Frankfurt am Main 1993<\/span><i><br \/>\n<\/i><\/p>\n<p><span style=\"line-height: normal; -webkit-text-size-adjust: auto;\"><i>&#8222;Ein unertr\u00e4gliches \u00dcberma\u00df&#8220; an Harmonie in einem Koloniealhotel im indischen Ozean entwickelt sich zum politischen Krimi, der Portugals Kolonialgeschichteaufgreift. Erz\u00e4hlt von der tiefen Traurigkeit auf der einen Seite, auf der anderen von der grenzenlosen Blau\u00e4ugigkeit und Arroganz einer Kolonialmacht.<\/i><\/span><\/p>\n<p><span style=\"line-height: normal; -webkit-text-size-adjust: auto;\">&nbsp;Jos\u00e9 Saramago, Die Stadt der Blinden, Hamburg, 1997<\/span><\/p>\n<p><span style=\"line-height: normal; -webkit-text-size-adjust: auto;\"><i>Menschen erblinden, als&nbsp;sie in der N\u00e4he eines erblindeten&nbsp;Autofahrer waren. Blindheit breitet sich als Epidemie aus. Ein Staat reagiert brutal und interniert die Erblindeten, wo sie sich selbst \u00fcberlassen bleiben. Eine Liebende scheint Hoffnung bringen zu k\u00f6nnen und ein Ausbruch soll alles ver\u00e4ndern. Ein Motiv fast wie aus Verdi&#8217;s Aida.<\/i><\/span><\/p>\n<p><span style=\"line-height: normal; -webkit-text-size-adjust: auto; background-color: rgba(255, 255, 255, 0);\">Antonio Tabucchi, Erkl\u00e4rt Pereira, M\u00fcnchen 1997<br \/>\n<\/span><\/p>\n<p><em>(studierte Geisteswissenschaften in Paris und Pisa, Professor f\u00fcr die portugiesische Sprache und Literatur an der Uni Genua;&nbsp;lebte in der&nbsp;Toskana&nbsp;und in&nbsp;Portugal, wo er 2012 starb.&nbsp;Erkl\u00e4rt Pereira&nbsp;(Sostiene Pereira, 1994), in der Zeit der&nbsp;Salazar-Diktatur, ist&nbsp;bis heute seine wichtigste Arbeit)&nbsp;<\/em><\/p>\n<p><span style=\"line-height: normal; -webkit-text-size-adjust: auto;\"><i>Pereira, ein Kulturjournalist, jahrelang Lokalreporter, ger\u00e4t an drei junge Menschen, die seine anf\u00e4ngliche naive Hilfsbereitschaft, vielleicht aufgrund seiner Einsamkeit leicht gegeben, fordert am Ende eine Entscheidung, die sein Weltbild auf den Kopf stellt und ihn letztlich zwingt das diktatorische Salazarportugal zu verlassen. Eine philosophische Auseinandersetzung mit den eigenen Werten und dem &#8222;aufrechten Gang&#8220;.<\/i><\/span><\/p>\n<p><span style=\"line-height: normal; -webkit-text-size-adjust: auto; background-color: rgba(255, 255, 255, 0);\">Ralph Duti, Soutines letzte Fahrt, G\u00f6ttingen 2013<\/span><\/p>\n<p><span style=\"line-height: normal; -webkit-text-size-adjust: auto;\"><i>\u00dcber das besetzte Paris, die Krankheit des russisch-j\u00fcdischen Malers Chaim Soutines, eine letzte Fahrt, die 24 Stunden dauert und dem Traum von der Anerkennung und pl\u00f6tzlichem Erfolg &#8211; \u00fcber Repressionen und Furcht vor Entdeckung &#8222;vor der Zeit&#8220;.<\/i><\/span><\/p>\n<p><span style=\"line-height: normal; -webkit-text-size-adjust: auto;\">Sylvia Roth, Ein Jahr in Lissabon, Reise in den Alltag, Freiburg im Breisgau 2012 &#8211; e-Book<\/span><\/p>\n<p><span style=\"line-height: normal; -webkit-text-size-adjust: auto;\"><i>Jedem Monat wird ein besonderes Erlebnis gewidmet. Sie hat ein Jahr in Lissabon gelebt, so dass die Erz\u00e4hlungen vor allem von dort stammen. Ein Buch, das darauf vorbereitet Portugal mit gro\u00dfer Gelassenheit zu begegnen. Mitzunehmen, wenn man Lissabon entdecken will.<\/i><\/span><\/p>\n<p><span style=\"line-height: normal; -webkit-text-size-adjust: auto;\">Simon Kamm, Portugal: ein L\u00e4nderportr\u00e4t, Berlin 2014<\/span><\/p>\n<p><span style=\"line-height: normal; -webkit-text-size-adjust: auto;\"><i>Auch ein e-Book, das &#8222;intime&#8220; Informationen \u00fcber das Land gibt und eher den Charakter eines Reisef\u00fchrers hat. Lohnt, weil es einfach mitzunehmen ist auf dem i-P\u00e4d.<\/i><\/span><\/p>\n<p><span style=\"line-height: normal; -webkit-text-size-adjust: auto;\">Und doch noch ein &#8222;Standard&#8220; der Weltliteratur:<\/span><\/p>\n<p><span style=\"line-height: normal; -webkit-text-size-adjust: auto;\">Fernando Pessoa, Oh Lissabon, meine Heimat: Der Dichter als Flaneur, auch als e-Book &#8211; vor allem mit Tollen Zeichnungen.<\/span><\/p>\n<p><span style=\"line-height: normal; -webkit-text-size-adjust: auto;\"><i>Dar\u00fcber muss nichts gesagt werden! ein Pappmaschee-Pessoa im sch\u00f6nsten Buchladen von Evora.<\/i><\/span><\/p>\n<p><a href=\"http:\/\/wolfsreise.d-l-w.de\/wp-content\/uploads\/2015\/05\/IMG_0503.jpg\"><img decoding=\"async\" src=\"http:\/\/wolfsreise.d-l-w.de\/wp-content\/uploads\/2015\/05\/IMG_0503.jpg\" alt=\"\"><\/a>&nbsp;<span style=\"line-height: normal; -webkit-text-size-adjust: auto;\"><i><br \/>\n<\/i><\/span><\/p>\n<p><span style=\"line-height: normal; -webkit-text-size-adjust: auto;\">Reisef\u00fchrer ohne Ende, auch noch unendlich viel weitere Weltliteratur und eine Menge toller Filme, v.a. nat\u00fcrlich \u00fcber Lissabon. Gern erwarte ich Erg\u00e4nzungen.<\/span><\/p>\n<p><span style=\"line-height: normal; -webkit-text-size-adjust: auto;\"><br \/>\n<\/span><\/p>\n<p><span style=\"line-height: normal; -webkit-text-size-adjust: auto; background-color: rgba(255, 255, 255, 0);\"><br \/>\n<\/span><\/p>\n<p><span style=\"line-height: normal; -webkit-text-size-adjust: auto; background-color: rgba(255, 255, 255, 0);\"><br \/>\n<\/span><\/p>\n","protected":false},"excerpt":{"rendered":"<p>Eine kleine pers\u00f6nliche Auswahl, allzuviel ist auf deutsch nicht zu bekommen, als e-Book noch weniger. Nat\u00fcrlich Pessoa, auf den hier nicht verwiesen wird. &nbsp;&nbsp; Pessoa sitzt immer noch in Lissabon&#8217;s Cafegarten herum Antonio Tabucchi, Lissabonner Requiem, M\u00fcnchen 1991 Zw\u00f6lf Stunden an einem sehr hei\u00dfen Sommertag in Lissabon zwischen Traum und Realit\u00e4t, Vergangenheit und Gegenwart, verschwimmen &hellip; <\/p>\n<p class=\"link-more\"><a href=\"http:\/\/wolfsreise.d-l-w.de\/?p=625\" class=\"more-link\"><span class=\"screen-reader-text\">\u201eDichter, Denker, Philosophen und anderes Geschriebenes &#8211; Portugiesisch f\u00fchlen, tr\u00e4umen, weinen, lachen und vor allem essen &#8230;\u201c<\/span> weiterlesen<\/a><\/p>\n","protected":false},"author":2,"featured_media":0,"comment_status":"open","ping_status":"open","sticky":false,"template":"","format":"standard","meta":{"footnotes":""},"categories":[8],"tags":[],"class_list":["post-625","post","type-post","status-publish","format-standard","hentry","category-portugal"],"_links":{"self":[{"href":"http:\/\/wolfsreise.d-l-w.de\/index.php?rest_route=\/wp\/v2\/posts\/625"}],"collection":[{"href":"http:\/\/wolfsreise.d-l-w.de\/index.php?rest_route=\/wp\/v2\/posts"}],"about":[{"href":"http:\/\/wolfsreise.d-l-w.de\/index.php?rest_route=\/wp\/v2\/types\/post"}],"author":[{"embeddable":true,"href":"http:\/\/wolfsreise.d-l-w.de\/index.php?rest_route=\/wp\/v2\/users\/2"}],"replies":[{"embeddable":true,"href":"http:\/\/wolfsreise.d-l-w.de\/index.php?rest_route=%2Fwp%2Fv2%2Fcomments&post=625"}],"version-history":[{"count":23,"href":"http:\/\/wolfsreise.d-l-w.de\/index.php?rest_route=\/wp\/v2\/posts\/625\/revisions"}],"predecessor-version":[{"id":805,"href":"http:\/\/wolfsreise.d-l-w.de\/index.php?rest_route=\/wp\/v2\/posts\/625\/revisions\/805"}],"wp:attachment":[{"href":"http:\/\/wolfsreise.d-l-w.de\/index.php?rest_route=%2Fwp%2Fv2%2Fmedia&parent=625"}],"wp:term":[{"taxonomy":"category","embeddable":true,"href":"http:\/\/wolfsreise.d-l-w.de\/index.php?rest_route=%2Fwp%2Fv2%2Fcategories&post=625"},{"taxonomy":"post_tag","embeddable":true,"href":"http:\/\/wolfsreise.d-l-w.de\/index.php?rest_route=%2Fwp%2Fv2%2Ftags&post=625"}],"curies":[{"name":"wp","href":"https:\/\/api.w.org\/{rel}","templated":true}]}}