{"id":521,"date":"2015-04-25T21:23:14","date_gmt":"2015-04-25T19:23:14","guid":{"rendered":"http:\/\/wolfsreise.d-l-w.de\/?p=521"},"modified":"2018-06-22T15:40:05","modified_gmt":"2018-06-22T13:40:05","slug":"25-april-vor-41-jahren","status":"publish","type":"post","link":"http:\/\/wolfsreise.d-l-w.de\/?p=521","title":{"rendered":"25. April &#8211; vor 41 Jahren"},"content":{"rendered":"<p><a href=\"http:\/\/wolfsreise.d-l-w.de\/wp-content\/uploads\/2015\/04\/IMG_0274.jpg\"><img decoding=\"async\" src=\"http:\/\/wolfsreise.d-l-w.de\/wp-content\/uploads\/2015\/04\/IMG_0274.jpg\" alt=\"\"><\/a><\/p>\n<p><span style=\"line-height: normal; -webkit-text-size-adjust: auto; background-color: rgba(255, 255, 255, 0);\"><i>Ihren Namen hat die Revolution von dem Symbol der portugiesischen Streitkr\u00e4fte: die rote Nelke (Wissen.de, 25.4.15)<\/i><\/span><\/p>\n<p class=\"p--standard\" style=\"margin-right: 0px; margin-bottom: 0px; margin-left: 0px; padding: 0px; border: 0px; vertical-align: baseline;\"><span style=\"line-height: normal; -webkit-text-size-adjust: auto; background-color: rgba(255, 255, 255, 0);\">Am 25. April 1974 st\u00fcrzten linksliberale Milit\u00e4rs, die &#8218;Bewegung der Streitkr\u00e4fte&#8216; (MFA) die portugiesische Diktatur und beendeten die seit 1933 existierende und von Salazar gr\u00fcndet Schreckensherrschaft. Die Nelkenrevolution machte den Weg frei f\u00fcr soziale und wirtschaftliche Ver\u00e4nderungen im Land. Insbesondere kam es im Alentejo zu einer gravierenden Bodenreform, die aus ehemaligen abh\u00e4ngigen Bauern, die noch fast als Leibeigene lebten, freie Bauern. Das portugiesische Volk hatte fast 50 Jahre lang von der \u00fcbrigen Welt nahezu abgeschnitten gelebt, was sich nicht nur im Bildungs- und Sozialsystem zeigte, sondern auch in der Wirtschaft insgesamt. So war die Landwirtschaft auf einem r\u00fcckst\u00e4ndigen Stand, Pfl\u00fcgen mit dem Ochsen- oder Eselsgespann die Regel. Auch die gro\u00dfen Hazienda-Besitzer wirtschafteten &#8211; besser lie\u00dfen wirtschaften &#8211; mit einfachsten Mitteln. Die kleinb\u00e4uerlichen Wirtschaften produzierten f\u00fcr den Eigengebrauch, meist konnten die Menschen weder lesen noch schreiben. Ein vorsorgendes &#8218;intaktes&#8216; Gesundheitssystem war unbekannt.&nbsp;<\/span><\/p>\n<p class=\"p--standard\" style=\"margin-right: 0px; margin-bottom: 0px; margin-left: 0px; padding: 0px; border: 0px; vertical-align: baseline;\"><span style=\"line-height: normal; -webkit-text-size-adjust: auto; background-color: rgba(255, 255, 255, 0);\">&#8222;Die MFA wollte nach dem Sturz des faschistischen Regimes die Politik zun\u00e4chst nach sozialistischen Grundz\u00fcgen gestalten. Die einschneidendsten Ver\u00e4nderungen bestanden in der Verstaatlichung gr\u00f6\u00dferer Wirtschaftsunternehmen und der Enteignung des Gro\u00dfgrundbesitzes.&#8220; (Wissen.de, 25.4.15)<\/span><\/p>\n<p class=\"p--standard\" style=\"margin-right: 0px; margin-bottom: 0px; margin-left: 0px; padding: 0px; border: 0px; vertical-align: baseline;\"><span style=\"line-height: normal; -webkit-text-size-adjust: auto; background-color: rgba(255, 255, 255, 0);\"><br \/>\n<\/span><\/p>\n<p class=\"p--standard\" style=\"margin-right: 0px; margin-bottom: 0px; margin-left: 0px; padding: 0px; border: 0px; vertical-align: baseline;\">&#8222;<span style=\"line-height: normal; -webkit-text-size-adjust: auto; background-color: rgba(255, 255, 255, 0);\">Es war genau 0:30 Uhr als im Radio Renascen\u00e7a das Lied Gr\u00e2ndola, Vila Morena von Jos\u00e9 Afonso ert\u00f6nte. Das Lied stand f\u00fcr das Ende der konservativ-autorit\u00e4ren Diktatur unter Salazar und Caetano. Dennoch war unklar in welche Richtung sich das Land entwickeln sollte. Die erste Regierung, bestehend aus der linksgerichteten MFA und der kommunistischen Partei PCP, verabschiedete eine Verfaaung mit sozialistischen Grundprinzip. Dazu geh\u00f6rte die Verstaatlichung vieler Unternehmen. Diese sozialistische Regierung hielt nicht lang. Das Land war sofort mit einer gravierenden Wirtschaftskrise konfrontiert, die keinen Spielraum f\u00fcr eine sozialistische Wirtschaftspolitik lie\u00df. Zum einen verlie\u00dfen die Reichen, die in der Diktatur profitiert hatten, das Land, da sie sich ihr Verm\u00f6gen nicht enteignen lassen wollten. Zudem hatten die langen Kolonialkriege (Angola, Mosambik) Portugal &#8222;ausgeblutet&#8220;. Portugal brauchte dringend Kredite, die die GeldgeberInnen einer Regierung mit kommunistischer Leitung nicht gew\u00e4hren wollten.<\/span><\/p>\n<p style=\"margin-right: 0px; margin-bottom: 15px; margin-left: 0px; padding: 0px; border: 0px; vertical-align: baseline;\"><span style=\"line-height: normal; -webkit-text-size-adjust: auto; background-color: rgba(255, 255, 255, 0);\">Die&nbsp; Bev\u00f6lkerung hatte Angst vor der Instabilit\u00e4t und der Wiederkehr einer autorit\u00e4ren Diktatur. Somit kam es bei den Parlamentswahlen 1976 zu Mehrheiten der Sozialdemokratischen Partei PS und den konservativen Parteien PSD und CDS-PP. Der erste frei gew\u00e4hlte Ministerpr\u00e4sident Mario Soares wollte vor allem Stabilit\u00e4t f\u00fcr Portugal, das er der NATO anschloss. Frieden und Stabilit\u00e4t hatten erste Priorit\u00e4t.&nbsp;<\/span><\/p>\n<p style=\"margin-right: 0px; margin-bottom: 15px; margin-left: 0px; padding: 0px; border: 0px; vertical-align: baseline;\"><span style=\"line-height: normal; -webkit-text-size-adjust: auto; background-color: rgba(255, 255, 255, 0);\">Viele hofften darauf, dass es m\u00f6glich sei k\u00f6nnte einen demokratischen Sozialismus aufzubauen und hofften auf die Unterst\u00fctzung, zumindest aber auf die Duldung durch die USA, damit Portugal nicht unter den Einfluss der Sowjetunion geraten.&nbsp;<\/span><\/p>\n<p style=\"margin-right: 0px; margin-bottom: 15px; margin-left: 0px; padding: 0px; border: 0px; vertical-align: baseline;\"><span style=\"line-height: normal; -webkit-text-size-adjust: auto; background-color: rgba(255, 255, 255, 0);\">Kredite aber wollte man Portugal nur gew\u00e4hren, wenn es eine neoliberale Wirtschaftspolitik verfolgen w\u00fcrde. Portugal selbst hoffte wohl auf eine gewisse Stabilisierung, um sp\u00e4ter eine sozialistische Richtung einschlagen zu k\u00f6nnen.<\/span><\/p>\n<p style=\"margin-right: 0px; margin-bottom: 15px; margin-left: 0px; padding: 0px; border: 0px; vertical-align: baseline;\"><span style=\"line-height: normal; -webkit-text-size-adjust: auto; background-color: rgba(255, 255, 255, 0);\">Die Entwicklung war eine Andere. Die kapitalistischen Wirtschaftsma\u00dfnahmen waren b<\/span><span style=\"line-height: normal; -webkit-text-size-adjust: auto; background-color: rgba(255, 255, 255, 0);\">esonders in den 80er und 90er Jahren erfolgreich, es kam zu hohem Wirtschaftswachstum und zu steigendem Wohlstand in der Bev\u00f6lkerung. Die zu der Zeit agierenden Regierungen (mit st\u00e4ndigem Wechsel zwischen PS, PSD und CDS-PP) entschieden aus Portugal ein Billiglohnland zu machen, das stark vom Export abh\u00e4ngig ist und somit attraktiv&nbsp;f\u00fcr ausl\u00e4ndische Investoren. Zudem wurden gro\u00dfe Teile der Unternehmen wieder privatisiert. Neben der neoliberalen Wirtschaftspolitik kam es nebenbei zur Annullierung sozialistischer Gesellschaftsvorstellungen, die in der Verfassung verankert waren.<\/span><\/p>\n<p style=\"margin-right: 0px; margin-bottom: 15px; margin-left: 0px; padding: 0px; border: 0px; vertical-align: baseline;\"><span style=\"line-height: normal; -webkit-text-size-adjust: auto; background-color: rgba(255, 255, 255, 0);\">Da der wachsende Wohlstand und die politische Stabilit\u00e4t keinen Grund zum Protest gab, konnte dieser Kurs problemlos weiter verfolgt werden.<\/span><\/p>\n<p style=\"margin-right: 0px; margin-bottom: 15px; margin-left: 0px; padding: 0px; border: 0px; vertical-align: baseline;\"><span style=\"line-height: normal; -webkit-text-size-adjust: auto; background-color: rgba(255, 255, 255, 0);\">Diese wirtschaftspolitische Ausrichtung hat sich in den letzten Jahren stark ger\u00e4cht. Die EU-Osterweiterung und die Abwanderung ausl\u00e4ndischer Investoren in noch &#8222;billigere&#8220; Staaten haben Portugal in eine tiefe Wirtschaftskrise gest\u00fctzt, da au\u00dferdem die Einf\u00fchrung des Euros die eigene W\u00e4hrung stark geschw\u00e4cht hat.<\/span><\/p>\n<p style=\"margin-right: 0px; margin-bottom: 15px; margin-left: 0px; padding: 0px; border: 0px; vertical-align: baseline;\"><span style=\"line-height: normal; -webkit-text-size-adjust: auto; background-color: rgba(255, 255, 255, 0);\">Gebeutelt von einer hohen Arbeitslosigkeit und den h\u00e4rtesten Sparma\u00dfnahmen seit 45 Jahren herrscht Unmut. Proteste richten sich haupts\u00e4chlich gegen die Austerit\u00e4tspolitik der Troika. Beorderst betroffen ist die junge Bev\u00f6lkerung. Das bei uns eher unbekannte Netzwerk \u201eQue Se Lixe a Troika! Queremos as Nossas Vidas!\u201c schafft es Hunderttausende auf die Stra\u00dfe zu bewegen.&nbsp;<\/span><\/p>\n<p style=\"margin-right: 0px; margin-bottom: 15px; margin-left: 0px; padding: 0px; border: 0px; vertical-align: baseline;\"><span style=\"line-height: normal; -webkit-text-size-adjust: auto; background-color: rgba(255, 255, 255, 0);\">Obwohl ein Hauch &#8222;Nelkenrevolution&#8220; zu sp\u00fcren ist, fehlt es an starken Netzwerken, die l\u00e4ngerfristig sich gegen den Kampf der neoliberalen Politik organisieren. Daher haben die Demonstrationen bisher keinen starken politischen Charakter und dienen eher dazu um den Frust abzulassen. Auch das Wahlverhalten der Portugiesen f\u00fchrt dazu, das es keine gro\u00dfe linke Opposition existiert. Bei den letzten Parlamentswahlen kamen die Kommunisten und der Linksblock gemeinsam auf nur ca. 13%.<\/span><\/p>\n<p style=\"margin-right: 0px; margin-bottom: 15px; margin-left: 0px; padding: 0px; border: 0px; vertical-align: baseline;\"><span style=\"line-height: normal; -webkit-text-size-adjust: auto; background-color: rgba(255, 255, 255, 0);\">Weiterhin ist es schwer absehbar, ob neue soziale Bewegungen entstehen und ob sie nachhaltig sind.<\/span><\/p>\n<p style=\"margin-right: 0px; margin-bottom: 15px; margin-left: 0px; padding: 0px; border: 0px; vertical-align: baseline;\"><span style=\"line-height: normal; -webkit-text-size-adjust: auto; background-color: rgba(255, 255, 255, 0);\">Dennoch ist es allgemein schwer vorhersehbar ob neue soziale Bewegungen entstehen und wie nachhaltig sie sind. Die Unzufriedenheit gegen\u00fcber den andauernden Sparma\u00dfnahmen ist zum gr\u00f6\u00dften Teil in der Bev\u00f6lkerung vorhanden. Somit kann jede weitere Reform zu Ungunsten der Bev\u00f6lkerung der Tropfen sein, der das Fass zum \u00dcberlaufen bringt.&#8220; (Andr\u00e9 Arauro Soares, 40 Jahre Nelkenrevolution &#8211; ein R\u00fcckblick, ver\u00f6ffentlich im FREITAG, 25.4.2014, st\u00e4rker ver\u00e4ndert)<\/span><\/p>\n<p class=\"p--standard\" style=\"margin-right: 0px; margin-bottom: 0px; margin-left: 0px; padding: 0px; border: 0px; vertical-align: baseline;\"><span style=\"line-height: normal; -webkit-text-size-adjust: auto; background-color: rgba(255, 255, 255, 0);\">Heute ist von revolution\u00e4rer Aufbruchstimmung nichts mehr oder fast nichts mehr zu sp\u00fcren. Die Krise Portugals hat den bis dahin m\u00f6glichen Aufstieg und die Aufstiegschancen der kaum entstandenen Mittelschicht zunichte gemacht. Die Jugendarbeitslosigkeit ist hoch (34,5% im November 2014), die Perspektiven sind auch f\u00fcr gut Ausgebildete gering. Viele der Kinder, die studieren konnten, sind gezwungen ihr Land zu verlassen, vorzugsweise in Richtung Brasilien. Viele aber k\u00f6nnen dies nicht, denn sie tragen die Verantwortung f\u00fcr ihre Eltern, manches Mal auch f\u00fcr die Gro\u00dfeltern, deren Renten zum Leben h\u00e4ufig nicht ausreichen. Und wenn sie gar arbeitslos gewesen oder geworden sind, hilft hier keine staatliche Sicherung.<\/span><\/p>\n<p class=\"p--standard\" style=\"margin-right: 0px; margin-bottom: 0px; margin-left: 0px; padding: 0px; border: 0px; vertical-align: baseline;\"><span style=\"line-height: normal; -webkit-text-size-adjust: auto; background-color: rgba(255, 255, 255, 0);\">Dennoch ist eines der Prinzipien m\u00f6glichst lange den erreichten sozialen Status nach au\u00dfen aufrecht zu erhalten. Ein Auto muss sein (auf dem Land tats\u00e4chlich unerl\u00e4sslich), die Kinder aus dem Ei gepellt mit den neuesten Sachen, die Studiengeb\u00fchren oft als Kredit.&nbsp;<\/span><\/p>\n<p class=\"p--standard\" style=\"margin-right: 0px; margin-bottom: 0px; margin-left: 0px; padding: 0px; border: 0px; vertical-align: baseline;\"><span style=\"line-height: normal; -webkit-text-size-adjust: auto; background-color: rgba(255, 255, 255, 0);\">Und eine sozialistische Perspektive gibt es derzeit auch hier nicht. Wahlen stehen vor der T\u00fcr, die Portugiesen scheinen ein duldsames Volk zu sein. B\u00f6se Zungen behaupten, die Jungen w\u00fcrden unter 25. Abril die gro\u00dfe Br\u00fccke \u00fcber den Tejo in Lissabon kennen und sonst nichts.<\/span><\/p>\n<p class=\"p--standard\" style=\"margin-right: 0px; margin-bottom: 0px; margin-left: 0px; padding: 0px; border: 0px; vertical-align: baseline;\"><a href=\"http:\/\/wolfsreise.d-l-w.de\/?attachment_id=590#main\" rel=\"attachment wp-att-590\"><img loading=\"lazy\" decoding=\"async\" class=\"alignnone wp-image-590 size-large\" src=\"http:\/\/wolfsreise.d-l-w.de\/wp-content\/uploads\/2015\/04\/IMG_1374-553x1024.jpeg\" alt=\"IMG_1374\" width=\"553\" height=\"1024\" srcset=\"http:\/\/wolfsreise.d-l-w.de\/wp-content\/uploads\/2015\/04\/IMG_1374-553x1024.jpeg 553w, http:\/\/wolfsreise.d-l-w.de\/wp-content\/uploads\/2015\/04\/IMG_1374-81x150.jpeg 81w, http:\/\/wolfsreise.d-l-w.de\/wp-content\/uploads\/2015\/04\/IMG_1374-162x300.jpeg 162w, http:\/\/wolfsreise.d-l-w.de\/wp-content\/uploads\/2015\/04\/IMG_1374.jpeg 691w\" sizes=\"(max-width: 553px) 100vw, 553px\" \/><\/a><\/p>\n<p class=\"p--standard\" style=\"margin-right: 0px; margin-bottom: 0px; margin-left: 0px; padding: 0px; border: 0px; vertical-align: baseline;\"><span style=\"line-height: normal; -webkit-text-size-adjust: auto; background-color: rgba(255, 255, 255, 0);\"><br \/>\n<\/span><\/p>\n<p class=\"p--standard\" style=\"margin-right: 0px; margin-bottom: 0px; margin-left: 0px; padding: 0px; border: 0px; vertical-align: baseline;\"><span style=\"line-height: normal; -webkit-text-size-adjust: auto; background-color: rgba(255, 255, 255, 0);\">Auch:&nbsp;<span style=\"margin: 0px; padding: 0px; border: 0px; vertical-align: baseline;\">Ismail K\u00fcpeli 2013: N<span id=\"btAsinTitle\" style=\"margin: 0px; padding: 0px; border: 0px; vertical-align: baseline;\">elkenrevolution reloaded? Krise und soziale K\u00e4mpfe in Portugal, Edition assemblage, M\u00fcnster.<\/span><\/span><\/span><\/p>\n<p class=\"p--standard\" style=\"margin-right: 0px; margin-bottom: 0px; margin-left: 0px; padding: 0px; border: 0px; vertical-align: baseline;\"><span style=\"line-height: normal; -webkit-text-size-adjust: auto; background-color: rgba(255, 255, 255, 0);\"><span style=\"margin: 0px; padding: 0px; border: 0px; vertical-align: baseline;\"><span style=\"margin: 0px; padding: 0px; border: 0px; vertical-align: baseline;\"><br \/>\n<\/span><\/span><\/span><\/p>\n","protected":false},"excerpt":{"rendered":"<p>Ihren Namen hat die Revolution von dem Symbol der portugiesischen Streitkr\u00e4fte: die rote Nelke (Wissen.de, 25.4.15) Am 25. April 1974 st\u00fcrzten linksliberale Milit\u00e4rs, die &#8218;Bewegung der Streitkr\u00e4fte&#8216; (MFA) die portugiesische Diktatur und beendeten die seit 1933 existierende und von Salazar gr\u00fcndet Schreckensherrschaft. Die Nelkenrevolution machte den Weg frei f\u00fcr soziale und wirtschaftliche Ver\u00e4nderungen im Land. &hellip; <\/p>\n<p class=\"link-more\"><a href=\"http:\/\/wolfsreise.d-l-w.de\/?p=521\" class=\"more-link\"><span class=\"screen-reader-text\">\u201e25. April &#8211; vor 41 Jahren\u201c<\/span> weiterlesen<\/a><\/p>\n","protected":false},"author":2,"featured_media":0,"comment_status":"open","ping_status":"open","sticky":false,"template":"","format":"standard","meta":{"footnotes":""},"categories":[8],"tags":[],"class_list":["post-521","post","type-post","status-publish","format-standard","hentry","category-portugal"],"_links":{"self":[{"href":"http:\/\/wolfsreise.d-l-w.de\/index.php?rest_route=\/wp\/v2\/posts\/521"}],"collection":[{"href":"http:\/\/wolfsreise.d-l-w.de\/index.php?rest_route=\/wp\/v2\/posts"}],"about":[{"href":"http:\/\/wolfsreise.d-l-w.de\/index.php?rest_route=\/wp\/v2\/types\/post"}],"author":[{"embeddable":true,"href":"http:\/\/wolfsreise.d-l-w.de\/index.php?rest_route=\/wp\/v2\/users\/2"}],"replies":[{"embeddable":true,"href":"http:\/\/wolfsreise.d-l-w.de\/index.php?rest_route=%2Fwp%2Fv2%2Fcomments&post=521"}],"version-history":[{"count":14,"href":"http:\/\/wolfsreise.d-l-w.de\/index.php?rest_route=\/wp\/v2\/posts\/521\/revisions"}],"predecessor-version":[{"id":597,"href":"http:\/\/wolfsreise.d-l-w.de\/index.php?rest_route=\/wp\/v2\/posts\/521\/revisions\/597"}],"wp:attachment":[{"href":"http:\/\/wolfsreise.d-l-w.de\/index.php?rest_route=%2Fwp%2Fv2%2Fmedia&parent=521"}],"wp:term":[{"taxonomy":"category","embeddable":true,"href":"http:\/\/wolfsreise.d-l-w.de\/index.php?rest_route=%2Fwp%2Fv2%2Fcategories&post=521"},{"taxonomy":"post_tag","embeddable":true,"href":"http:\/\/wolfsreise.d-l-w.de\/index.php?rest_route=%2Fwp%2Fv2%2Ftags&post=521"}],"curies":[{"name":"wp","href":"https:\/\/api.w.org\/{rel}","templated":true}]}}