{"id":486,"date":"2015-04-24T18:43:13","date_gmt":"2015-04-24T16:43:13","guid":{"rendered":"http:\/\/wolfsreise.d-l-w.de\/?p=486"},"modified":"2015-04-25T21:38:29","modified_gmt":"2015-04-25T19:38:29","slug":"die-walfahrtskirche-nossa-senhora-daires","status":"publish","type":"post","link":"http:\/\/wolfsreise.d-l-w.de\/?p=486","title":{"rendered":"Die Wallfahrtskirche Nossa Senhora d&#8217;Aires"},"content":{"rendered":"<p>in der Pamap zwischen Viana do Alentejo und Alvito steht die barocke Kirche. Keine Menschenseele treibt sich herum, zumindest auf den ersten Blick. Das Auto unter den Schatten eines Baumes geparkt, ausgestiegen und wir werden eines Besseren belehrt. Eine Madame mit grimmigem Blick hat unser Kommen genau beobachtet und sie <span style=\"line-height: normal; -webkit-text-size-adjust: auto; background-color: rgba(255, 255, 255, 0);\">schlei\u00dft wortlos mit&nbsp;<\/span>einem alten Schl\u00fcssel die Kirche auf, verschwindet ebenso kommentarlos in ihrem Haus und l\u00e4sst uns mit aller katholischen Pracht allein. &nbsp;<a href=\"http:\/\/wolfsreise.d-l-w.de\/wp-content\/uploads\/2015\/04\/DSCF3952-0.jpg\"><img decoding=\"async\" src=\"http:\/\/wolfsreise.d-l-w.de\/wp-content\/uploads\/2015\/04\/DSCF3952-0.jpg\" alt=\"\"><\/a><i>Die barocke Kirche auf dem flachen Lande \u00f6stlich Nossa Senhora d&#8217;Aires, jedes Jahr im September findet diiiiie Wallfahrt zum Marienbildnis statt, Tausende werden kommen. Ende April gibt es ein Spektakel zu Pferd, f\u00fcr das ebenfalls schon Ungez\u00e4hlte Parkpl\u00e4tze bereit stehen.<\/i><\/p>\n<p>Imposanter als in Alt\u00f6tting und dort ist es schon &#8218;unglaublich&#8216;, geraten wir in einen Nebenraum, in einen weiteren und noch einen weiteren, der den Chohr der Kirche umg\u00fcrtet. Alle W\u00e4nde hinauf bis unter die Decke und hinunter bis zum Boden sind beh\u00e4ngt, geschm\u00fcckt, verkleidet mit Votivbildern, die den besonderen Segen dieser Maria erflehen. Die \u00e4ltesten Bilder, die wir entdecken, stammen aus dem 18. Jahrhundert, die j\u00fcngsten sind wenige Wochen alt. Neben Bildern werden Votivgaben aus Wachs geopfert, deren Gabe auf be\u00dftimmte Leiden und W\u00fcnsche fokussieren.&nbsp;<a href=\"http:\/\/wolfsreise.d-l-w.de\/wp-content\/uploads\/2015\/04\/DSCF3949-0.jpg\"><img decoding=\"async\" src=\"http:\/\/wolfsreise.d-l-w.de\/wp-content\/uploads\/2015\/04\/DSCF3949-0.jpg\" alt=\"\"><\/a><\/p>\n<p><a href=\"http:\/\/wolfsreise.d-l-w.de\/wp-content\/uploads\/2015\/04\/DSCF3946.jpg\"><img decoding=\"async\" src=\"http:\/\/wolfsreise.d-l-w.de\/wp-content\/uploads\/2015\/04\/DSCF3946.jpg\" alt=\"\"><br \/>\n<\/a><a href=\"http:\/\/wolfsreise.d-l-w.de\/wp-content\/uploads\/2015\/04\/DSCF3945-0.jpg\"><img decoding=\"async\" src=\"http:\/\/wolfsreise.d-l-w.de\/wp-content\/uploads\/2015\/04\/DSCF3945-0.jpg\" alt=\"\"><\/a><span style=\"line-height: 28px;\">&nbsp;<\/span>&nbsp;&nbsp;<span style=\"line-height: 28px;\">&nbsp;<\/span><br \/>\n<i>Sie helfen bestimmt und die W\u00fcnsche werden erh\u00f6rt: verschiedene Voitvgaben, gesammelt aus zwei Jahrhunderten&nbsp;<\/i><\/p>\n<p>Schwankend zwischen Erfurcht, Bewunderung und Grusel verlaufen wir uns in den Opferg\u00e4ngen und wollen dann doch schnell an die &#8222;frische Luft&#8220; zur\u00fcck.<\/p>\n<p>Die kirchenbewacherin hat da genau im Blick. Als wir nach einem Rundgang im NiemAndsland zwischen Nirgendwo und Nichts, zwischen Parkpl\u00e4tzen und Zelten f\u00fcr Tausende, die am kommenden Wochenende erwartet werden, ins Auto steigen, steckt sie ihren Kopf aus der T\u00fcr. Siebter Sinn? Wir verabschieden uns rasch &#8230;<\/p>\n","protected":false},"excerpt":{"rendered":"<p>in der Pamap zwischen Viana do Alentejo und Alvito steht die barocke Kirche. Keine Menschenseele treibt sich herum, zumindest auf den ersten Blick. Das Auto unter den Schatten eines Baumes geparkt, ausgestiegen und wir werden eines Besseren belehrt. Eine Madame mit grimmigem Blick hat unser Kommen genau beobachtet und sie schlei\u00dft wortlos mit&nbsp;einem alten Schl\u00fcssel &hellip; <\/p>\n<p class=\"link-more\"><a href=\"http:\/\/wolfsreise.d-l-w.de\/?p=486\" class=\"more-link\"><span class=\"screen-reader-text\">\u201eDie Wallfahrtskirche Nossa Senhora d&#8217;Aires\u201c<\/span> weiterlesen<\/a><\/p>\n","protected":false},"author":2,"featured_media":0,"comment_status":"open","ping_status":"open","sticky":false,"template":"","format":"standard","meta":{"footnotes":""},"categories":[3],"tags":[],"class_list":["post-486","post","type-post","status-publish","format-standard","hentry","category-evora"],"_links":{"self":[{"href":"http:\/\/wolfsreise.d-l-w.de\/index.php?rest_route=\/wp\/v2\/posts\/486"}],"collection":[{"href":"http:\/\/wolfsreise.d-l-w.de\/index.php?rest_route=\/wp\/v2\/posts"}],"about":[{"href":"http:\/\/wolfsreise.d-l-w.de\/index.php?rest_route=\/wp\/v2\/types\/post"}],"author":[{"embeddable":true,"href":"http:\/\/wolfsreise.d-l-w.de\/index.php?rest_route=\/wp\/v2\/users\/2"}],"replies":[{"embeddable":true,"href":"http:\/\/wolfsreise.d-l-w.de\/index.php?rest_route=%2Fwp%2Fv2%2Fcomments&post=486"}],"version-history":[{"count":8,"href":"http:\/\/wolfsreise.d-l-w.de\/index.php?rest_route=\/wp\/v2\/posts\/486\/revisions"}],"predecessor-version":[{"id":535,"href":"http:\/\/wolfsreise.d-l-w.de\/index.php?rest_route=\/wp\/v2\/posts\/486\/revisions\/535"}],"wp:attachment":[{"href":"http:\/\/wolfsreise.d-l-w.de\/index.php?rest_route=%2Fwp%2Fv2%2Fmedia&parent=486"}],"wp:term":[{"taxonomy":"category","embeddable":true,"href":"http:\/\/wolfsreise.d-l-w.de\/index.php?rest_route=%2Fwp%2Fv2%2Fcategories&post=486"},{"taxonomy":"post_tag","embeddable":true,"href":"http:\/\/wolfsreise.d-l-w.de\/index.php?rest_route=%2Fwp%2Fv2%2Ftags&post=486"}],"curies":[{"name":"wp","href":"https:\/\/api.w.org\/{rel}","templated":true}]}}