{"id":476,"date":"2015-04-21T15:31:06","date_gmt":"2015-04-21T13:31:06","guid":{"rendered":"http:\/\/wolfsreise.d-l-w.de\/?p=476"},"modified":"2018-06-22T15:40:05","modified_gmt":"2018-06-22T13:40:05","slug":"der-zufallsfund-marvao","status":"publish","type":"post","link":"http:\/\/wolfsreise.d-l-w.de\/?p=476","title":{"rendered":"Der Zufallsfund: Marvao"},"content":{"rendered":"<p>Das touristische Highlight wenige Kilometer, die sich aber ziehen und ziehen, n\u00f6rdlich von Portualegre, wird vom Baedeker mit wenigen Worten erw\u00e4hnt. Etwa so: von diesem Castelo bietet sich ein weiter Blick \u00fcber die Bergkette der Sao Mamede. Man verfolgt einen gem\u00e4\u00dfigten Tourismus und der B\u00fcrgermeister lie\u00dft Blumen pflanzen und Blument\u00f6pfe an die Mauern h\u00e4ngen. Die Burgmauer ist noch vollst\u00e4ndig erhalten.&#8220;<\/p>\n<p>Welches Kleinod sich hinter diesen d\u00fcrren Worten verbirgt, verr\u00e4t diese Beschreibung jedenfalls nicht. Wir treten ein in die mittelalterliche Anlage, k\u00f6nnen im Tourismusb\u00fcro Informationen in sechs Sprachen, dieses Mal auch in Deutsch erhalten, und Stromern durch die Gassen, auf dem Weg zum h\u00f6chsten Punkt. Fast alle H\u00e4user sind &#8222;herausgeputzt&#8220; und renoviert. Einige brauchen noch Zuwendung. Schon der Spaziergang durch das St\u00e4dtchen und der Blick in alle Himmelsrichtungen ist spektakul\u00e4r. Wir haben das Gef\u00fchl bis ans Meer schauen zu k\u00f6nnen. Fast vers\u00e4umen wir den Besuch des Castelo, das ganz am Ende, auf der h\u00f6chsten Spitze tront, weil wir schon soooo viel gesehen haben. Und erleben eine gro\u00dfe \u00dcberraschung f\u00fcr 2 \u20ac pro Nase.<\/p>\n<p><img decoding=\"async\" src=\"http:\/\/wolfsreise.d-l-w.de\/wp-content\/uploads\/2015\/04\/DSCF3924.jpg\" alt=\"\">&nbsp;<span style=\"line-height: 28px;\">&nbsp;<\/span><\/p>\n<p><img decoding=\"async\" src=\"http:\/\/wolfsreise.d-l-w.de\/wp-content\/uploads\/2015\/04\/DSCF3925.jpg\" alt=\"\">&nbsp;<\/p>\n<p><i>Impressionen<\/i>&nbsp;<\/p>\n<p>Ein gepflegter franz\u00f6sischer Garten l\u00e4dt ein, wir folgen den in Fels geschlagenen Stufen und ein Weiter Burghof \u00f6ffnet sich. Auch hier ist ein Garten Angelegt, Zitronen und Orangen F\u00e4llen von den B\u00e4umen, Kaffee und drei Kitschl\u00e4den erwarten Besucher(str\u00f6me), die heute ausgeblieben sind. Ein paar holl\u00e4ndische und franz\u00f6sische G\u00e4ster verlaufen sich. Wir f\u00fchlen uns als Burgherrinnen. Ein stiller Ort der Meditation, der vergessen l\u00e4sst, wie hart das Leben, auch f\u00fcr die Priveligierten im fr\u00fchen bis sp\u00e4ten Mittelalter war.<\/p>\n<p>&nbsp;<img decoding=\"async\" src=\"http:\/\/wolfsreise.d-l-w.de\/wp-content\/uploads\/2015\/04\/DSCF3930.jpg\" alt=\"\">&nbsp;<\/p>\n<p><i>Der franz\u00f6sische Vorburggarten, wie kommt er nur dahin, wer hatte nur diese ist Idee?<\/i><\/p>\n<p>F\u00fcr einen Kaffee wollen wir uns ins &#8222;wilde Leben&#8220; des Ortes st\u00fcrzen. Schlie\u00dflich finden wir ein kleines Caf\u00e9 mit Selfservice und Fernblick.&nbsp;<\/p>\n<p>Im Tourismusb\u00fcro erhalten wir bereitwillig Auskunft dar\u00fcber, wieviele Besucher im Jahr diesen Ort besuchen. 2014 waren es Ca. 50.000 im Jahr. Verschwindend wenig f\u00fcr einen so sch\u00f6nen Platz. Es sind vor allem die Portugiesen, die ihre Heimat besuchen, dann kommen Spanier, Franzosen und Holl\u00e4nder. Die Deutschen sind ausnahmsweise mal nicht Reiseweltmeister in Portugal.<\/p>\n<p>&nbsp;<img decoding=\"async\" src=\"http:\/\/wolfsreise.d-l-w.de\/wp-content\/uploads\/2015\/04\/IMG_0263.jpg\" alt=\"\">&nbsp;<\/p>\n<p><i>Das Info mit Stadtplan aus dem Tourib\u00fcro&nbsp;<\/i><\/p>\n","protected":false},"excerpt":{"rendered":"<p>Das touristische Highlight wenige Kilometer, die sich aber ziehen und ziehen, n\u00f6rdlich von Portualegre, wird vom Baedeker mit wenigen Worten erw\u00e4hnt. Etwa so: von diesem Castelo bietet sich ein weiter Blick \u00fcber die Bergkette der Sao Mamede. Man verfolgt einen gem\u00e4\u00dfigten Tourismus und der B\u00fcrgermeister lie\u00dft Blumen pflanzen und Blument\u00f6pfe an die Mauern h\u00e4ngen. Die &hellip; <\/p>\n<p class=\"link-more\"><a href=\"http:\/\/wolfsreise.d-l-w.de\/?p=476\" class=\"more-link\"><span class=\"screen-reader-text\">\u201eDer Zufallsfund: Marvao\u201c<\/span> weiterlesen<\/a><\/p>\n","protected":false},"author":2,"featured_media":0,"comment_status":"open","ping_status":"open","sticky":false,"template":"","format":"standard","meta":{"footnotes":""},"categories":[8],"tags":[],"class_list":["post-476","post","type-post","status-publish","format-standard","hentry","category-portugal"],"_links":{"self":[{"href":"http:\/\/wolfsreise.d-l-w.de\/index.php?rest_route=\/wp\/v2\/posts\/476"}],"collection":[{"href":"http:\/\/wolfsreise.d-l-w.de\/index.php?rest_route=\/wp\/v2\/posts"}],"about":[{"href":"http:\/\/wolfsreise.d-l-w.de\/index.php?rest_route=\/wp\/v2\/types\/post"}],"author":[{"embeddable":true,"href":"http:\/\/wolfsreise.d-l-w.de\/index.php?rest_route=\/wp\/v2\/users\/2"}],"replies":[{"embeddable":true,"href":"http:\/\/wolfsreise.d-l-w.de\/index.php?rest_route=%2Fwp%2Fv2%2Fcomments&post=476"}],"version-history":[{"count":5,"href":"http:\/\/wolfsreise.d-l-w.de\/index.php?rest_route=\/wp\/v2\/posts\/476\/revisions"}],"predecessor-version":[{"id":485,"href":"http:\/\/wolfsreise.d-l-w.de\/index.php?rest_route=\/wp\/v2\/posts\/476\/revisions\/485"}],"wp:attachment":[{"href":"http:\/\/wolfsreise.d-l-w.de\/index.php?rest_route=%2Fwp%2Fv2%2Fmedia&parent=476"}],"wp:term":[{"taxonomy":"category","embeddable":true,"href":"http:\/\/wolfsreise.d-l-w.de\/index.php?rest_route=%2Fwp%2Fv2%2Fcategories&post=476"},{"taxonomy":"post_tag","embeddable":true,"href":"http:\/\/wolfsreise.d-l-w.de\/index.php?rest_route=%2Fwp%2Fv2%2Ftags&post=476"}],"curies":[{"name":"wp","href":"https:\/\/api.w.org\/{rel}","templated":true}]}}