{"id":447,"date":"2015-04-18T14:46:41","date_gmt":"2015-04-18T12:46:41","guid":{"rendered":"http:\/\/wolfsreise.d-l-w.de\/?p=447"},"modified":"2018-06-22T15:40:05","modified_gmt":"2018-06-22T13:40:05","slug":"samstags-alle-treffen-sich-auf-dem-kleinen-markt","status":"publish","type":"post","link":"http:\/\/wolfsreise.d-l-w.de\/?p=447","title":{"rendered":"Samstags &#8211; alle treffen sich auf dem kleinen Markt"},"content":{"rendered":"<p>weil ich die fr\u00fchen Erdbeeren kaufen m\u00f6chte, gehe auch ich, wie ich sp\u00e4ter feststelle, alle anderen Evoranos, auf die zwei Marktzeilen. Haupts\u00e4chlich wird gr\u00fcnes Zeug angeboten, von dem ich das wenigste kenne. Daneben nat\u00fcrlich Unmassen von Zitronen und Orangen mit ihren sonnigen Faben gelb-Orange, Honig und Eier. An zwei St\u00e4nden entdecke ich Spargel und Erdbeeren. Oliven habe ich schon, denn auf dem Markt am Dienstag wollte ich &#8222;ein paar&#8220; kaufen. Das endete mit 500 g f\u00fcr 1,50 \u20ac an denen ich jetzt wohl die n\u00e4chsten Jahre essen werde.&nbsp;<img decoding=\"async\" src=\"http:\/\/wolfsreise.d-l-w.de\/wp-content\/uploads\/2015\/04\/DSCF3829.jpg\" alt=\"\">&nbsp;<span style=\"line-height: 28px;\">&nbsp;<\/span><\/p>\n<p><img decoding=\"async\" src=\"http:\/\/wolfsreise.d-l-w.de\/wp-content\/uploads\/2015\/04\/DSCF3834.jpg\" alt=\"\">&nbsp;&nbsp;<img decoding=\"async\" src=\"http:\/\/wolfsreise.d-l-w.de\/wp-content\/uploads\/2015\/04\/DSCF3837.jpg\" alt=\"\">&nbsp;&nbsp;<img decoding=\"async\" src=\"http:\/\/wolfsreise.d-l-w.de\/wp-content\/uploads\/2015\/04\/DSCF3838.jpg\" alt=\"\">&nbsp;&nbsp;<img decoding=\"async\" src=\"http:\/\/wolfsreise.d-l-w.de\/wp-content\/uploads\/2015\/04\/DSCF3842.jpg\" alt=\"\">&nbsp;&nbsp;<img loading=\"lazy\" decoding=\"async\" width=\"1000\" height=\"750\" alt=\"\" src=\"http:\/\/wolfsreise.d-l-w.de\/wp-content\/uploads\/2015\/04\/DSCF3844.jpg\" title=\"\" class=\"size-custom\">&nbsp;&nbsp;<img decoding=\"async\" src=\"http:\/\/wolfsreise.d-l-w.de\/wp-content\/uploads\/2015\/04\/DSCF3843.jpg\" alt=\"\">&nbsp;<i>Einiges ist bekannt wie Brunnenkresse, Rote Beete, die Kr\u00e4uter, wobei Korriander eines der wichtigen Gew\u00fcrze portugiesischer K\u00fcche ist, Spinat, aber was bl\u00fcht gelb und wird gegessen?<\/i><\/p>\n<p>Danach &#8222;muss&#8220; es einen Kaffee geben. Im Caf\u00e9 Chorizzo gegen\u00fcber sitzte ich kaum, schon kommt Ema mit einer ihrer Freundinnen und gesellt sich zu mir. Dann kommt noch Manuela, die immer Frierende, eine weitere Bekannte schaut nur schnell vorbei und wird ausgiebig begr\u00fc\u00dft, der Nebentisch an dem inzwischen ca. Acht Personen sitzen gleichfalls. Wir plaudern so \u00fcber dies und das bis die Beiden mit ihrer kleinen Tochter kommen, die die Organic Farm betreiben. Sie fr\u00fchst\u00fccken hier. Weitere Bekannt und Freunde werden begr\u00fc\u00dft, jeder kennt jeden in dieser kleinen Stadt,in der sie alle gern leben. Es wird Mittag, keiner hat es eilig, warum gehen, wenn es sich in der Sonne nett miteinander reden und Neues austauschen l\u00e4\u00dft? &nbsp;&nbsp;<img decoding=\"async\" src=\"http:\/\/wolfsreise.d-l-w.de\/wp-content\/uploads\/2015\/04\/DSCF3848.jpg\" alt=\"\">&nbsp;<span style=\"line-height: 28px;\">&nbsp;<\/span><\/p>\n<p><img decoding=\"async\" src=\"http:\/\/wolfsreise.d-l-w.de\/wp-content\/uploads\/2015\/04\/DSCF3850.jpg\" alt=\"\">&nbsp; &nbsp; &nbsp;<i>Die l\u00e4ssige Marktrunde<\/i><\/p>\n<p>Heute gibt es zum Kaffee zus\u00e4tzlich eine kleine Zimtstange, mit der die Damen in ihrem Kaffee r\u00fchren. Eine kleine Geschmacksnuance zus\u00e4tzlich. Die Damen mit verw\u00f6hntem Gaumen versichern, dass sie h\u00f6chstens ein oder zwei Tassen Kaffee am Tag trinken, aber wie kommt dann der hohe Verbrauch in Portugal zu Stande?<\/p>\n<p>Die \u00e4lteren Damen haben ihre Winterm\u00e4ntel und -Jacken an, pelzbesetzt, wenn sie das zeigen wollen und k\u00f6nnen, Touristen laufen in kurzen Hosen durch die Gegend, inWandersandalen und Socken. bleiben wir bei den Vorurteilen: es m\u00fcssen Engl\u00e4nder oder Amerikaner sein, die so unpassend die Stra\u00dfen erobern. Chinesische G\u00e4str tragen gern ihren Mundschutz, obwohl die Luft hier gut ist. Inzwischen ist in China eine Modeindustrie drumherum entstanden, die Muster und Farbe des Mundschutzes aus die Kleidung abstimmt.<\/p>\n<p>Aber noch fallen sie hier nicht so stark auf, nochnsind sie die Minderheit, auch wenn die Reiseanalyse der letzen beiden Jahre versichert, dass sie die G\u00e4ste der Zukunft sind und zwar massenhaft.<\/p>\n<p>Den Markt selbst und die Kaffees in der Umgebung geh\u00f6ren weiter den Portugiesen, nur wenige Touris verirren sich auf den Platz des 1. Mai und die beiden hinter den Markthallen versteckten Marktst\u00e4nde \u00f6rtlicher Bauern fallen kaum ins Auge. Da Gr\u00fcnzeug \u00fcberwiegt, keine Nippes und Souveniers zu kaufen sind, ist das ja &#8222;langweilig&#8220;. Hatte ich schon berichtet, dass Eier in die T\u00fcte gepackt werden, fast fertig f\u00fcr R\u00fcherei, denn die Portugiesen bringen ihre Eierpackungen nat\u00fcrlich mit. Ich auch, inzwischen.<\/p>\n<p>Was kommt? Lazy Sunday afternoon.<\/p>\n","protected":false},"excerpt":{"rendered":"<p>weil ich die fr\u00fchen Erdbeeren kaufen m\u00f6chte, gehe auch ich, wie ich sp\u00e4ter feststelle, alle anderen Evoranos, auf die zwei Marktzeilen. Haupts\u00e4chlich wird gr\u00fcnes Zeug angeboten, von dem ich das wenigste kenne. Daneben nat\u00fcrlich Unmassen von Zitronen und Orangen mit ihren sonnigen Faben gelb-Orange, Honig und Eier. An zwei St\u00e4nden entdecke ich Spargel und Erdbeeren. &hellip; <\/p>\n<p class=\"link-more\"><a href=\"http:\/\/wolfsreise.d-l-w.de\/?p=447\" class=\"more-link\"><span class=\"screen-reader-text\">\u201eSamstags &#8211; alle treffen sich auf dem kleinen Markt\u201c<\/span> weiterlesen<\/a><\/p>\n","protected":false},"author":2,"featured_media":0,"comment_status":"open","ping_status":"open","sticky":false,"template":"","format":"standard","meta":{"footnotes":""},"categories":[8],"tags":[],"class_list":["post-447","post","type-post","status-publish","format-standard","hentry","category-portugal"],"_links":{"self":[{"href":"http:\/\/wolfsreise.d-l-w.de\/index.php?rest_route=\/wp\/v2\/posts\/447"}],"collection":[{"href":"http:\/\/wolfsreise.d-l-w.de\/index.php?rest_route=\/wp\/v2\/posts"}],"about":[{"href":"http:\/\/wolfsreise.d-l-w.de\/index.php?rest_route=\/wp\/v2\/types\/post"}],"author":[{"embeddable":true,"href":"http:\/\/wolfsreise.d-l-w.de\/index.php?rest_route=\/wp\/v2\/users\/2"}],"replies":[{"embeddable":true,"href":"http:\/\/wolfsreise.d-l-w.de\/index.php?rest_route=%2Fwp%2Fv2%2Fcomments&post=447"}],"version-history":[{"count":9,"href":"http:\/\/wolfsreise.d-l-w.de\/index.php?rest_route=\/wp\/v2\/posts\/447\/revisions"}],"predecessor-version":[{"id":541,"href":"http:\/\/wolfsreise.d-l-w.de\/index.php?rest_route=\/wp\/v2\/posts\/447\/revisions\/541"}],"wp:attachment":[{"href":"http:\/\/wolfsreise.d-l-w.de\/index.php?rest_route=%2Fwp%2Fv2%2Fmedia&parent=447"}],"wp:term":[{"taxonomy":"category","embeddable":true,"href":"http:\/\/wolfsreise.d-l-w.de\/index.php?rest_route=%2Fwp%2Fv2%2Fcategories&post=447"},{"taxonomy":"post_tag","embeddable":true,"href":"http:\/\/wolfsreise.d-l-w.de\/index.php?rest_route=%2Fwp%2Fv2%2Ftags&post=447"}],"curies":[{"name":"wp","href":"https:\/\/api.w.org\/{rel}","templated":true}]}}