{"id":437,"date":"2015-04-17T23:30:45","date_gmt":"2015-04-17T21:30:45","guid":{"rendered":"http:\/\/wolfsreise.d-l-w.de\/?p=437"},"modified":"2018-06-22T15:40:05","modified_gmt":"2018-06-22T13:40:05","slug":"die-vorlesung-startet-vier-verschiedene-anfangszeiten-machen-den-beginn-schwer","status":"publish","type":"post","link":"http:\/\/wolfsreise.d-l-w.de\/?p=437","title":{"rendered":"Die Vorlesung startet &#8211; vier verschiedene Anfangszeiten machen den Beginn schwer"},"content":{"rendered":"<p>Ich soll sprechen zum Thema sustainable Tourism, wozu auch sonst. Das ist ganz ok, darum bin ich ja hier und ich bin sehr interessiert dies f\u00fcr die Studies und die Profs zu tun.<\/p>\n<p>Ich habe drei Mails bekommen. Sie avisieren als ersten Termin 14:30 Uhr, das war auch die pers\u00f6nliche Absprache, dann eine weitere Mail mit der Zeit 15:00 Uhr, eine weitere mit 18:00 Uhr. tats\u00e4chlichbeginnt das Seminar dann ungef\u00e4hr um 15:20 Uhr. Warten lernen, eine der wichtigen Eigenschaften, die hier gebraucht werden.<\/p>\n<p>Neben den Masterstudies von Rute kommen auch Studierende des Abschlusses Tourismus von Ema &#8211; Anthropologin &#8211; dazu, die ich heute kennenlerne. Sie unterrichtet im Studiengang Landschaftsarchitektur nur ein sehr kleines Teilmodul Tourismus mit 15 Semesterwochenstunden. Das hei\u00dft f\u00fcnf Termine, von denen wir nun die letzten drei gemeinsam bestreiten wollen. Erstmals ist das Angebot einer echten Integration erfolgt.<\/p>\n<p>Ich diskutiere mit ihr noch lange nach der &#8222;offiziellen&#8220; Veranstaltung \u00fcber Studieren in Portugal und Deutschland, \u00fcber Unterschiede und Gemeinsamkeiten. Vor allem zeigt sich, dass es wie auch im Revier im Alentejo viele Studierende gibt, die aus sog. &#8222;bildungsfernen&#8220; Schichten kommen und die oftmals auf Dr\u00e4ngen und dem Wusch ihrer Eltern an die Hochschule gehen. Vielen fehlt, so die Einsch\u00e4tzung der portugiesischen Lehrenden, eine intrinsische Motivation &#8211; noch &#8222;brennen&#8220; sie nicht f\u00fcr Landschaftsarchtektur. Dies zu vermitteln, zu wecken, ist nicht einfach.<\/p>\n<p>Das Lehrkonzept des Moduls Landschaftsplanung im Masterstudiengang, in das ich einen kleinen Einblick bekommen konnte, ist ganz anders aufgebaut als bei uns. Die Studierenden bekommen abschnittsweise Aufgaben, die sie dann ebenso abschnittsweise bew\u00e4ltigt. Drei Abschnitte sind zu bew\u00e4ltigen. Was ich noch nicht beurteilen kann ist, ob die Studies diese drei Abschnitte am Ende in der Lage sind, miteinander zu verkn\u00fcpfen. Noch bin ich der Meinung, dass ein geschlossenes Konzept besser verst\u00e4ndlich ist. Ich warte ab.<\/p>\n<p>Und es ist wie in good old Germany: in einer &#8222;fremden&#8220; Sprache Fragen zu stellen, f\u00e4llt allen Studierenden sehr schwer, auch direkte Fragen von mir werden nur z\u00f6gerlich beantwortet. Da bin ich froh, dass die Erasmusstudierenden etwas mutiger sind.<\/p>\n<p>Wie auch immer: internationaler Austausch ist super wichtig und muss unbedingt intensiviert werden. Mut und Lust machen durch Beispiele ist ein wichtiger Aspekt.<\/p>\n","protected":false},"excerpt":{"rendered":"<p>Ich soll sprechen zum Thema sustainable Tourism, wozu auch sonst. Das ist ganz ok, darum bin ich ja hier und ich bin sehr interessiert dies f\u00fcr die Studies und die Profs zu tun. Ich habe drei Mails bekommen. Sie avisieren als ersten Termin 14:30 Uhr, das war auch die pers\u00f6nliche Absprache, dann eine weitere Mail &hellip; <\/p>\n<p class=\"link-more\"><a href=\"http:\/\/wolfsreise.d-l-w.de\/?p=437\" class=\"more-link\"><span class=\"screen-reader-text\">\u201eDie Vorlesung startet &#8211; vier verschiedene Anfangszeiten machen den Beginn schwer\u201c<\/span> weiterlesen<\/a><\/p>\n","protected":false},"author":2,"featured_media":0,"comment_status":"open","ping_status":"open","sticky":false,"template":"","format":"standard","meta":{"footnotes":""},"categories":[8],"tags":[],"class_list":["post-437","post","type-post","status-publish","format-standard","hentry","category-portugal"],"_links":{"self":[{"href":"http:\/\/wolfsreise.d-l-w.de\/index.php?rest_route=\/wp\/v2\/posts\/437"}],"collection":[{"href":"http:\/\/wolfsreise.d-l-w.de\/index.php?rest_route=\/wp\/v2\/posts"}],"about":[{"href":"http:\/\/wolfsreise.d-l-w.de\/index.php?rest_route=\/wp\/v2\/types\/post"}],"author":[{"embeddable":true,"href":"http:\/\/wolfsreise.d-l-w.de\/index.php?rest_route=\/wp\/v2\/users\/2"}],"replies":[{"embeddable":true,"href":"http:\/\/wolfsreise.d-l-w.de\/index.php?rest_route=%2Fwp%2Fv2%2Fcomments&post=437"}],"version-history":[{"count":11,"href":"http:\/\/wolfsreise.d-l-w.de\/index.php?rest_route=\/wp\/v2\/posts\/437\/revisions"}],"predecessor-version":[{"id":469,"href":"http:\/\/wolfsreise.d-l-w.de\/index.php?rest_route=\/wp\/v2\/posts\/437\/revisions\/469"}],"wp:attachment":[{"href":"http:\/\/wolfsreise.d-l-w.de\/index.php?rest_route=%2Fwp%2Fv2%2Fmedia&parent=437"}],"wp:term":[{"taxonomy":"category","embeddable":true,"href":"http:\/\/wolfsreise.d-l-w.de\/index.php?rest_route=%2Fwp%2Fv2%2Fcategories&post=437"},{"taxonomy":"post_tag","embeddable":true,"href":"http:\/\/wolfsreise.d-l-w.de\/index.php?rest_route=%2Fwp%2Fv2%2Ftags&post=437"}],"curies":[{"name":"wp","href":"https:\/\/api.w.org\/{rel}","templated":true}]}}