{"id":414,"date":"2015-04-14T17:46:02","date_gmt":"2015-04-14T15:46:02","guid":{"rendered":"http:\/\/wolfsreise.d-l-w.de\/?p=414"},"modified":"2018-06-22T15:40:05","modified_gmt":"2018-06-22T13:40:05","slug":"am-sonntag-will-mein-suesser-mit-mir-essen-gehen-mitten-in-graca-an-einem-versteckten-ort-in-lissabon","status":"publish","type":"post","link":"http:\/\/wolfsreise.d-l-w.de\/?p=414","title":{"rendered":"Am Sonntag\u00a0will mein S\u00fc\u00dfer mit mir Essen gehen &#8211; mitten in Graca an einem versteckten Ort in Lissabon"},"content":{"rendered":"<p><span style=\"color: rgba(0, 0, 0, 0.701961); font-family: UICTFontTextStyleBody; font-size: 17px; line-height: normal; -webkit-tap-highlight-color: rgba(26, 26, 26, 0.301961); -webkit-composition-fill-color: rgba(130, 98, 83, 0.0980392); text-decoration: -webkit-letterpress;\">Nach einem ersten langen Spaziergang durch das Quartier Graca landen wir in einem Restaurant, an einer Kreuzung in die Ecke gequetscht mit Terrassen auf verschiedenen Etagen. Schon die Vielfalt der Tische, St\u00fchle, Sonnenschirme und die Sitzordnung an den Tischen begeistert. Man sitzt nebeneinander, auch wenn man nur zu zweit ist, denn die Terrassen sind an einigen Stellen so schmal, dass nur Tisch und ein Stuhl Platz haben. Aber es stehen sch\u00f6ne Gl\u00e4ser, gef\u00fcllt mit wei\u00dfen und orangenen Servietten auf dem Tisch und runden das Design des Hauses ordentlich ab. Da wir die ersten Mittagsg\u00e4ste sind haben wir die Qual der Wahl und brauchen einige Zeit &#8222;den&#8220; richtigen Tisch zu w\u00e4hlen. Und das machen wir auch erst nachdem gekl\u00e4rt ist, dass es 1. gegrillte Sardinen gibt und sie 2. frisch sind. Wir sitzen noch nicht lange &#8211; sozusagen als Animiergruppe &#8211; da str\u00f6men pl\u00f6tzlich weitere G\u00e4ste ins Resto. Das veranlasst Isabel zu weiteren Verhandlungen um Extrasardinen, denn wir beleben das Gesch\u00e4ft. Im Laufe der Zeit f\u00fcllt sich der Laden mit den unterschiedlichsten G\u00e4sten: Touristen, die schon Mittags Whisky statt Wasser nehmen, Familien mit zappeligen Kinder, mehr oder weniger gl\u00fccklich schauenden Paaren, die alle mit reichlichen Portionen abgef\u00fcllt werden. Immer mehr Tische werden hergezaubert, St\u00fchle aus versteckten Ecken geholt und auf noch freien\u00a0Pl\u00e4tzchen verteilt &#8211; wo immer m\u00f6glich. Alle sollen und wollen versorgt werden. Das Personal rennt und rennt. der \u00fcbergr\u00f6\u00dfe Grill, der den Innenraum des Resto beherrscht, feuert ununterbrochen. Allerdings nehmen wir von einem Toilettengang Abstand. Das ist nur was f\u00fcr M\u00e4nner.<\/span><\/p>\n<div style=\"color: rgba(0, 0, 0, 0.701961); font-family: UICTFontTextStyleBody; font-size: 17px; line-height: normal; -webkit-tap-highlight-color: rgba(26, 26, 26, 0.301961); -webkit-composition-fill-color: rgba(130, 98, 83, 0.0980392); text-decoration: -webkit-letterpress;\">Als wir abschlie\u00dfend Kaffee bestellen, scheint auch das Geschirr knapp geworden zu sein. Wir jedenfalls haben jeder eine \u00e4nder Tasse ohne passende Untertasse, aber mit viel Zucker und jeder hat seinen eigenen L\u00f6ffel erhalten.<\/div>\n<div style=\"color: rgba(0, 0, 0, 0.701961); font-family: UICTFontTextStyleBody; font-size: 17px; line-height: normal; -webkit-tap-highlight-color: rgba(26, 26, 26, 0.301961); -webkit-composition-fill-color: rgba(130, 98, 83, 0.0980392); text-decoration: -webkit-letterpress;\">Wir w\u00fcrden immer wieder hingehen in diese perfekte Unperfektheit.<span style=\"font-size: 16px; line-height: 28px; color: #2d2d2d; font-family: OpenSans, sans-serif;\">\u00a0<\/span><\/div>\n<p><img decoding=\"async\" src=\"http:\/\/wolfsreise.d-l-w.de\/wp-content\/uploads\/2015\/04\/DSCF3784.jpg\" alt=\"\" \/>\u00a0<i>Die \u00a0 wunderbare Tassensammlung zum Abschluss\u00a0<\/i><\/p>\n","protected":false},"excerpt":{"rendered":"<p>Nach einem ersten langen Spaziergang durch das Quartier Graca landen wir in einem Restaurant, an einer Kreuzung in die Ecke gequetscht mit Terrassen auf verschiedenen Etagen. Schon die Vielfalt der Tische, St\u00fchle, Sonnenschirme und die Sitzordnung an den Tischen begeistert. Man sitzt nebeneinander, auch wenn man nur zu zweit ist, denn die Terrassen sind an &hellip; <\/p>\n<p class=\"link-more\"><a href=\"http:\/\/wolfsreise.d-l-w.de\/?p=414\" class=\"more-link\"><span class=\"screen-reader-text\">\u201eAm Sonntag\u00a0will mein S\u00fc\u00dfer mit mir Essen gehen &#8211; mitten in Graca an einem versteckten Ort in Lissabon\u201c<\/span> weiterlesen<\/a><\/p>\n","protected":false},"author":2,"featured_media":0,"comment_status":"open","ping_status":"open","sticky":false,"template":"","format":"standard","meta":{"footnotes":""},"categories":[8],"tags":[],"class_list":["post-414","post","type-post","status-publish","format-standard","hentry","category-portugal"],"_links":{"self":[{"href":"http:\/\/wolfsreise.d-l-w.de\/index.php?rest_route=\/wp\/v2\/posts\/414"}],"collection":[{"href":"http:\/\/wolfsreise.d-l-w.de\/index.php?rest_route=\/wp\/v2\/posts"}],"about":[{"href":"http:\/\/wolfsreise.d-l-w.de\/index.php?rest_route=\/wp\/v2\/types\/post"}],"author":[{"embeddable":true,"href":"http:\/\/wolfsreise.d-l-w.de\/index.php?rest_route=\/wp\/v2\/users\/2"}],"replies":[{"embeddable":true,"href":"http:\/\/wolfsreise.d-l-w.de\/index.php?rest_route=%2Fwp%2Fv2%2Fcomments&post=414"}],"version-history":[{"count":3,"href":"http:\/\/wolfsreise.d-l-w.de\/index.php?rest_route=\/wp\/v2\/posts\/414\/revisions"}],"predecessor-version":[{"id":433,"href":"http:\/\/wolfsreise.d-l-w.de\/index.php?rest_route=\/wp\/v2\/posts\/414\/revisions\/433"}],"wp:attachment":[{"href":"http:\/\/wolfsreise.d-l-w.de\/index.php?rest_route=%2Fwp%2Fv2%2Fmedia&parent=414"}],"wp:term":[{"taxonomy":"category","embeddable":true,"href":"http:\/\/wolfsreise.d-l-w.de\/index.php?rest_route=%2Fwp%2Fv2%2Fcategories&post=414"},{"taxonomy":"post_tag","embeddable":true,"href":"http:\/\/wolfsreise.d-l-w.de\/index.php?rest_route=%2Fwp%2Fv2%2Ftags&post=414"}],"curies":[{"name":"wp","href":"https:\/\/api.w.org\/{rel}","templated":true}]}}