{"id":382,"date":"2015-04-09T20:00:53","date_gmt":"2015-04-09T18:00:53","guid":{"rendered":"http:\/\/wolfsreise.d-l-w.de\/?p=382"},"modified":"2018-06-22T15:40:05","modified_gmt":"2018-06-22T13:40:05","slug":"hellblaue-pausbaeckige-engel-schwebend-an-die-waende-gekachelt","status":"publish","type":"post","link":"http:\/\/wolfsreise.d-l-w.de\/?p=382","title":{"rendered":"Die hellblauen\u00a0pausb\u00e4ckige Engel schwebend an die W\u00e4nde gekachelt"},"content":{"rendered":"<p><img decoding=\"async\" src=\"http:\/\/wolfsreise.d-l-w.de\/wp-content\/uploads\/2015\/04\/DSCF3504.jpg\" alt=\"\" \/>\u00a0\u00a0<img decoding=\"async\" src=\"http:\/\/wolfsreise.d-l-w.de\/wp-content\/uploads\/2015\/04\/DSCF3689.jpg\" alt=\"\" \/>\u00a0\u00a0<img decoding=\"async\" src=\"http:\/\/wolfsreise.d-l-w.de\/wp-content\/uploads\/2015\/04\/DSCF3690.jpg\" alt=\"\" \/><\/p>\n<p><i>Die kleinen Monster sehen dabei mehr oder weniger gl\u00fccklich oder auch entsetzt aus, ist meist ja auch verdammt kalt in so einer Kirche oder im Palast, an den H\u00e4userw\u00e4nden sowieso<\/i><\/p>\n<p><img decoding=\"async\" src=\"http:\/\/wolfsreise.d-l-w.de\/wp-content\/uploads\/2015\/04\/DSCF3691.jpg\" alt=\"\" \/>\u00a0\u00a0<img decoding=\"async\" src=\"http:\/\/wolfsreise.d-l-w.de\/wp-content\/uploads\/2015\/04\/DSCF3693.jpg\" alt=\"\" \/>\u00a0<i>Diese Engelein wohnen in Estremoz im Rathaus und in Evoras Kirchen<\/i><\/p>\n<p>Auch\u00a0hier hat die Sekularisierung ihren Preis gefordert. Viele der Wandbilder sind stark besch\u00e4digt worden, denn vielen kirchlichen W\u00fcrdentr\u00e4gern sind die Augen ausgeschlagen worden. Nicht so bei Jesus, Maria und den Engeln, dem heiligen Geist und den J\u00fcngern. Alle andern, auch die abgebildeten F\u00fcrsten und sonstige Herrscher_innen m\u00fcssten dran glauben. Heute finden wir das schade, zumal der Zahn der Zeit bei vielen Azulejos \u00a0 \u00a0ohnehin zum Abplatzen der Glasuren f\u00fchrt.\u00a0<img decoding=\"async\" src=\"http:\/\/wolfsreise.d-l-w.de\/wp-content\/uploads\/2015\/04\/DSCF3757-0.jpg\" alt=\"\" \/>\u00a0<span style=\"line-height: 28px;\">\u00a0<\/span><\/p>\n<p><img decoding=\"async\" src=\"http:\/\/wolfsreise.d-l-w.de\/wp-content\/uploads\/2015\/04\/DSCF3758-0.jpg\" alt=\"\" \/>\u00a0<i>Irgendwo an Lissabons Hausw\u00e4nden<\/i><\/p>\n<p>Man kann nat\u00fcrlich alles neu machen lassen, die K\u00fcnstler gibt es noch. Dann kostet das St\u00fcck Kachel zwischen zwei und f\u00fcnf Euro, je nach Aufwand und Gr\u00f6\u00dfe. F\u00fcr so eine hohe Kirchenwand eine unbezahlbare Investition, vor allem in einem Land ohne Kirchensteuer und selbst mit: nicht zu finanzieren!<\/p>\n<p><i>Schon gewusst?<\/i><\/p>\n<p>Die Azueljos (al zulaij, arabisch) sind eine &#8222;Hinterlassenschaft&#8220; der Mauren auf der iberischen Halbinsel, die \u00fcber Jahrhunderte v.a. in Andalusien und in Portugal weiter entwickelt wurde. Erst wurden abstrakte Ornamente hergestellt, bis im 16. Jahrhundert die Majolika-Maltechnik bildhafte Darstellung zur Mode werden lie\u00df. Nat\u00fcrlich zuallererst in Kirchen mit sakralen Darstellungen, dann beim Adel und auch\u00a0bei\u00a0reichen B\u00fcrgern, die sich ganze Wandteppiche aus Kacheln herstellen lie\u00dfen.<\/p>\n<p><img decoding=\"async\" src=\"http:\/\/wolfsreise.d-l-w.de\/wp-content\/uploads\/2015\/04\/DSCF3724.jpg\" alt=\"\" \/><\/p>\n<p><i>Ermitage da Memoria, Capo Espichel, s\u00fcdlich von Lissabon\u00a0<\/i><\/p>\n<p>Ich werde noch ein Plakat mit all meinen Lieblingskachelmotiven machen und sp\u00e4ter einf\u00fcgen. Alles weitere im Museo Natio<span style=\"line-height: normal; -webkit-text-size-adjust: auto; background-color: rgba(255, 255, 255, 0);\">nal do Azulejo in Lisboa.<\/span><\/p>\n<p><span style=\"line-height: normal; -webkit-text-size-adjust: auto; background-color: rgba(255, 255, 255, 0); font-style: inherit; font-variant: inherit;\">Literaturhinweis: Riolet ta Sabo und Jorge Nuno,\u00a0<\/span><i style=\"line-height: normal; -webkit-text-size-adjust: auto; background-color: rgba(255, 255, 255, 0); font-variant: inherit; margin: 0px; padding: 0px; border: 0px; vertical-align: baseline; background-image: none; box-sizing: border-box;\">Azulejos in Portugal. Fliesendekor in Pal\u00e4sten, G\u00e4rten und Kirchen.<\/i><span style=\"line-height: normal; -webkit-text-size-adjust: auto; background-color: rgba(255, 255, 255, 0); font-style: inherit; font-variant: inherit;\">\u00a0M\u00fcnchen 1998.\u00a0<\/span><\/p>\n<p>&nbsp;<\/p>\n<h4>Die billigen Fu\u00dfleisten-Kacheln<\/h4>\n<p>Im vom Studenten bewohnten Palast in Evora, der hinter der Kathedrale, erfahren wir noch etwas neues \u00fcber die Azulejos.<\/p>\n<figure style=\"width: 1000px\" class=\"wp-caption alignnone\"><a href=\"http:\/\/wolfsreise.d-l-w.de\/wp-content\/uploads\/2015\/05\/IMG_0613-0.jpg\"><img loading=\"lazy\" decoding=\"async\" src=\"http:\/\/wolfsreise.d-l-w.de\/wp-content\/uploads\/2015\/05\/IMG_0613-0.jpg\" alt=\"\" width=\"1000\" height=\"1000\" \/><\/a><figcaption class=\"wp-caption-text\">Die &#8222;Fu\u00dfleisten&#8220; Kacheln sind hier leider nicht zu sehen.<\/figcaption><\/figure>\n<p><span style=\"line-height: 28px;\">\u00a0<\/span><br \/>\nDie W\u00e4nde eines Zimmers sind im unteren Teil mit den klassischen blauen Kacheln bedeckt. Die unterste Reihe ist von gleichem Blau, allerdings mit seltsam verschwommenen Mustern. Unser F\u00fchrer kl\u00e4rt uns auf. Da die unteren Kacheln durch Besen, Feudel und heute\u00a0Staubsauger h\u00e4ufig besch\u00e4digt werden, hat man dort nicht die teuren Kacheln genommen, sondern welche, die mit dem Malwasser der anderen Kachel und einem Schwamm eingef\u00e4rbt wurden. Diese sind bei Besch\u00e4digung preiswerter zu ersetzen.<\/p>\n","protected":false},"excerpt":{"rendered":"<p>\u00a0\u00a0\u00a0\u00a0 Die kleinen Monster sehen dabei mehr oder weniger gl\u00fccklich oder auch entsetzt aus, ist meist ja auch verdammt kalt in so einer Kirche oder im Palast, an den H\u00e4userw\u00e4nden sowieso \u00a0\u00a0\u00a0Diese Engelein wohnen in Estremoz im Rathaus und in Evoras Kirchen Auch\u00a0hier hat die Sekularisierung ihren Preis gefordert. Viele der Wandbilder sind stark besch\u00e4digt &hellip; <\/p>\n<p class=\"link-more\"><a href=\"http:\/\/wolfsreise.d-l-w.de\/?p=382\" class=\"more-link\"><span class=\"screen-reader-text\">\u201eDie hellblauen\u00a0pausb\u00e4ckige Engel schwebend an die W\u00e4nde gekachelt\u201c<\/span> weiterlesen<\/a><\/p>\n","protected":false},"author":2,"featured_media":0,"comment_status":"open","ping_status":"open","sticky":false,"template":"","format":"standard","meta":{"footnotes":""},"categories":[8],"tags":[],"class_list":["post-382","post","type-post","status-publish","format-standard","hentry","category-portugal"],"_links":{"self":[{"href":"http:\/\/wolfsreise.d-l-w.de\/index.php?rest_route=\/wp\/v2\/posts\/382"}],"collection":[{"href":"http:\/\/wolfsreise.d-l-w.de\/index.php?rest_route=\/wp\/v2\/posts"}],"about":[{"href":"http:\/\/wolfsreise.d-l-w.de\/index.php?rest_route=\/wp\/v2\/types\/post"}],"author":[{"embeddable":true,"href":"http:\/\/wolfsreise.d-l-w.de\/index.php?rest_route=\/wp\/v2\/users\/2"}],"replies":[{"embeddable":true,"href":"http:\/\/wolfsreise.d-l-w.de\/index.php?rest_route=%2Fwp%2Fv2%2Fcomments&post=382"}],"version-history":[{"count":25,"href":"http:\/\/wolfsreise.d-l-w.de\/index.php?rest_route=\/wp\/v2\/posts\/382\/revisions"}],"predecessor-version":[{"id":797,"href":"http:\/\/wolfsreise.d-l-w.de\/index.php?rest_route=\/wp\/v2\/posts\/382\/revisions\/797"}],"wp:attachment":[{"href":"http:\/\/wolfsreise.d-l-w.de\/index.php?rest_route=%2Fwp%2Fv2%2Fmedia&parent=382"}],"wp:term":[{"taxonomy":"category","embeddable":true,"href":"http:\/\/wolfsreise.d-l-w.de\/index.php?rest_route=%2Fwp%2Fv2%2Fcategories&post=382"},{"taxonomy":"post_tag","embeddable":true,"href":"http:\/\/wolfsreise.d-l-w.de\/index.php?rest_route=%2Fwp%2Fv2%2Ftags&post=382"}],"curies":[{"name":"wp","href":"https:\/\/api.w.org\/{rel}","templated":true}]}}