{"id":352,"date":"2015-04-08T22:47:41","date_gmt":"2015-04-08T20:47:41","guid":{"rendered":"http:\/\/wolfsreise.d-l-w.de\/?p=352"},"modified":"2018-06-22T15:40:05","modified_gmt":"2018-06-22T13:40:05","slug":"praehistorisches-liegt-massenhaft-um-evora-in-der-landschaft-herum","status":"publish","type":"post","link":"http:\/\/wolfsreise.d-l-w.de\/?p=352","title":{"rendered":"Pr\u00e4historisches liegt massenhaft um Evora in der Landschaft herum"},"content":{"rendered":"<p><img decoding=\"async\" src=\"http:\/\/wolfsreise.d-l-w.de\/wp-content\/uploads\/2015\/04\/DSCF3678.jpg\" alt=\"\" \/><\/p>\n<p><i>Capella de S. Brissos &#8211; angebaut an ein altes Dolmengrab die ach so christliche Kirche, Aneignung ist alles.<\/i><\/p>\n<figure style=\"width: 1000px\" class=\"wp-caption alignnone\"><img loading=\"lazy\" decoding=\"async\" src=\"http:\/\/wolfsreise.d-l-w.de\/wp-content\/uploads\/2015\/04\/DSCF3673.jpg\" alt=\"\" width=\"1000\" height=\"555\" \/><figcaption class=\"wp-caption-text\">Nr. 5 ist die oben gezeigt kleine Kirche mitten in der Pampa<\/figcaption><\/figure>\n<p><i>Die Fundort rund um Evora Rund um Evora<\/i><\/p>\n<p><a href=\"http:\/\/de.m.wikipedia.org\/wiki\/Gruta_do_Escoural\">Gruta do Escural <\/a>wurde 1963 durch Zufall bei Sprengungen in einem Steinbruch entdeckt. Die Arbeiter stie\u00dfen beim ersten Erkunden auf Sch\u00e4del und Knochen und traten sofort die Flucht an. Die gruta ist eine der gro\u00dfen Tropfsteinh\u00f6hlen, die \u00fcber die Jahrmillionen zun\u00e4chst von Neandertalern und dann von Vertretern des homo sapiens bis in die Jungsteinzeit genutzt wurde. Ein heiliger Ort, \u00a0an dem man auch heute noch vieles Unentdeckte finden k\u00f6nnte. Wir, eine Gruppe aus Kanadiern, Engl\u00e4ndern, Franzosen, aufdringlichen Holl\u00e4ndern und Deutschen erlebt eine portugiesisch-englische F\u00fchrung: &#8222;ok&#8220;?<\/p>\n<p>Die Ritzungen und die Malerei in rotem Ocker und schwarzer Kohle sind fast verblasst oder \u00fcber Jahrtausende von Stalagmiten \u00fcberwachsen und brauchen jede Menge Interpretation und Phantasie. Bullen, Pferde und Menschen sollen malerisch verewigt sein. Daf\u00fcr muss <i>frau<\/i> bestimmt Archeologin sein &#8230; Unsere F\u00fchrerin schafft es bei jedem Bild, dass wir tats\u00e4chlich die Pferde, Stiere und Genitalien gezeichnet oder geritzt sehen. Bei einem zweiten Blick aber, ohne Lampe und Laserpointer k\u00f6nnten einem Zweifel kommen&#8230;<\/p>\n<p>Da war auch schon bei den Steikreisen so. Auf einigen der Stelen sollen ja Gravuren sein. Lieder haben wir sie nicht gefunden. Erst als wir beim n\u00e4chsten einsamen Megaliten in eine Privatf\u00fchrung gestolpert sind, durften wir den Haken (<a href=\"http:\/\/de.m.wikipedia.org\/wiki\/B\u00e1culo#\/search\">baculo<\/a>) sehen &#8211; nur zu erkennen, wenn du das Gesicht auf den Stein legst und den Fingern des F\u00fchrers mit den Augen folgst. Wie dem Laserpointer in der H\u00f6hle.<\/p>\n<p>By the way, \u00a0die dicken Obelix-Steine beeindrucken immer wieder, auch wenn die spanische Jugend Null Respekt zeigt. Heilige Orte, besser sch\u00fctzen? Einz\u00e4unen? Wie ist die L\u00f6sung?<\/p>\n<p><img decoding=\"async\" src=\"http:\/\/wolfsreise.d-l-w.de\/wp-content\/uploads\/2015\/04\/DSCF3525.jpg\" alt=\"\" \/>\u00a0<span style=\"line-height: 28px;\">\u00a0<\/span><\/p>\n<p><img decoding=\"async\" src=\"http:\/\/wolfsreise.d-l-w.de\/wp-content\/uploads\/2015\/04\/DSCF3528.jpg\" alt=\"\" \/><\/p>\n<p><i>Cromeleque dos Almendres ohne und mit &#8222;Minivandalen&#8220;, Obelix ist leider nicht vorbei gekommen, um Ihnen eins auf die Birne zu glocken &#8211; im Hintergrund gesch\u00e4lte Korkeiche 2001<\/i><\/p>\n","protected":false},"excerpt":{"rendered":"<p>Capella de S. Brissos &#8211; angebaut an ein altes Dolmengrab die ach so christliche Kirche, Aneignung ist alles. Die Fundort rund um Evora Rund um Evora Gruta do Escural wurde 1963 durch Zufall bei Sprengungen in einem Steinbruch entdeckt. Die Arbeiter stie\u00dfen beim ersten Erkunden auf Sch\u00e4del und Knochen und traten sofort die Flucht an. &hellip; <\/p>\n<p class=\"link-more\"><a href=\"http:\/\/wolfsreise.d-l-w.de\/?p=352\" class=\"more-link\"><span class=\"screen-reader-text\">\u201ePr\u00e4historisches liegt massenhaft um Evora in der Landschaft herum\u201c<\/span> weiterlesen<\/a><\/p>\n","protected":false},"author":2,"featured_media":0,"comment_status":"open","ping_status":"open","sticky":false,"template":"","format":"standard","meta":{"footnotes":""},"categories":[8],"tags":[],"class_list":["post-352","post","type-post","status-publish","format-standard","hentry","category-portugal"],"_links":{"self":[{"href":"http:\/\/wolfsreise.d-l-w.de\/index.php?rest_route=\/wp\/v2\/posts\/352"}],"collection":[{"href":"http:\/\/wolfsreise.d-l-w.de\/index.php?rest_route=\/wp\/v2\/posts"}],"about":[{"href":"http:\/\/wolfsreise.d-l-w.de\/index.php?rest_route=\/wp\/v2\/types\/post"}],"author":[{"embeddable":true,"href":"http:\/\/wolfsreise.d-l-w.de\/index.php?rest_route=\/wp\/v2\/users\/2"}],"replies":[{"embeddable":true,"href":"http:\/\/wolfsreise.d-l-w.de\/index.php?rest_route=%2Fwp%2Fv2%2Fcomments&post=352"}],"version-history":[{"count":17,"href":"http:\/\/wolfsreise.d-l-w.de\/index.php?rest_route=\/wp\/v2\/posts\/352\/revisions"}],"predecessor-version":[{"id":376,"href":"http:\/\/wolfsreise.d-l-w.de\/index.php?rest_route=\/wp\/v2\/posts\/352\/revisions\/376"}],"wp:attachment":[{"href":"http:\/\/wolfsreise.d-l-w.de\/index.php?rest_route=%2Fwp%2Fv2%2Fmedia&parent=352"}],"wp:term":[{"taxonomy":"category","embeddable":true,"href":"http:\/\/wolfsreise.d-l-w.de\/index.php?rest_route=%2Fwp%2Fv2%2Fcategories&post=352"},{"taxonomy":"post_tag","embeddable":true,"href":"http:\/\/wolfsreise.d-l-w.de\/index.php?rest_route=%2Fwp%2Fv2%2Ftags&post=352"}],"curies":[{"name":"wp","href":"https:\/\/api.w.org\/{rel}","templated":true}]}}