{"id":3381,"date":"2024-08-28T18:49:20","date_gmt":"2024-08-28T16:49:20","guid":{"rendered":"http:\/\/wolfsreise.d-l-w.de\/?p=3381"},"modified":"2024-08-28T22:22:12","modified_gmt":"2024-08-28T20:22:12","slug":"samstag","status":"publish","type":"post","link":"http:\/\/wolfsreise.d-l-w.de\/?p=3381","title":{"rendered":"Samstag"},"content":{"rendered":"\n<p>Auf dem Weg weiter nach S\u00fcden bleibt der Supermarkt ein Highlight, ehe wir einen Campingplatz ansteuern. Bauernhof mit Hofladen und \u00fcberwiegend schr\u00e4gen Stellpl\u00e4tzen. Egal, wir stehen unter Apfelb\u00e4umen und vor Johannisbeeren. Es tropft von oben, 11 Grad, 3 Pullover \u00fcbereinander, gewickelt in eine Decke mit Fischburger in der Hand, norwegisches Leben.<\/p>\n\n\n\n<figure class=\"wp-block-image size-large\"><img loading=\"lazy\" decoding=\"async\" width=\"1024\" height=\"768\" src=\"http:\/\/wolfsreise.d-l-w.de\/wp-content\/uploads\/2024\/08\/IMG_3190-1024x768.jpeg\" alt=\"\" class=\"wp-image-3384\" srcset=\"http:\/\/wolfsreise.d-l-w.de\/wp-content\/uploads\/2024\/08\/IMG_3190-1024x768.jpeg 1024w, http:\/\/wolfsreise.d-l-w.de\/wp-content\/uploads\/2024\/08\/IMG_3190-300x225.jpeg 300w, http:\/\/wolfsreise.d-l-w.de\/wp-content\/uploads\/2024\/08\/IMG_3190-150x113.jpeg 150w, http:\/\/wolfsreise.d-l-w.de\/wp-content\/uploads\/2024\/08\/IMG_3190-768x576.jpeg 768w, http:\/\/wolfsreise.d-l-w.de\/wp-content\/uploads\/2024\/08\/IMG_3190-1536x1152.jpeg 1536w, http:\/\/wolfsreise.d-l-w.de\/wp-content\/uploads\/2024\/08\/IMG_3190-2048x1536.jpeg 2048w\" sizes=\"(max-width: 767px) 89vw, (max-width: 1000px) 54vw, (max-width: 1071px) 543px, 580px\" \/><\/figure>\n\n\n\n<p><em>Was wir sehr viel gebraucht haben:<\/em><br>Regenumhang, dicke Jacke, Kaschmirpullover, Handschuhe (hatten wir nicht dabei), zus\u00e4tzlichen Schlafsack, Flie\u00dfdecke, Socken und wasserfeste Schuhe, extra Heizung f\u00fcr die Abende im Bus.<\/p>\n\n\n\n<p><em>Was wir kaum gebraucht haben:<\/em><br>Sonnencreme, t-Shirt mit kurzem Arm, Sandalen oder H\u00e4ngematte, Sommer Solar Lampen f\u00fcr laue Abende am Bus.<\/p>\n\n\n\n<p><em>Was wir gar nicht gebraucht haben:<\/em><br>Sommerkleid, wei\u00dfe Hose, Badeanzug, Badeschuhe, Malzeug, Picknickdecke, Solaranlage, Creme after sun.<\/p>\n\n\n\n<hr class=\"wp-block-separator has-alpha-channel-opacity\"\/>\n\n\n\n<h1 class=\"wp-block-heading\">Samedi<\/h1>\n\n\n\n<p>En continuant vers le sud, le supermarch\u00e9 reste un point fort, avant que nous ne nous dirigions vers un camping. Une ferme avec un magasin \u00e0 la ferme et des emplacements majoritairement en pente. Peu importe, nous sommes sous des pommiers et devant des groseilles. Il d\u00e9gouline d&#8217;en haut, 11 degr\u00e9s, 3 pulls superpos\u00e9s, enroul\u00e9s dans une couverture avec un burger au poisson \u00e0 la main, la vie norv\u00e9gienne.<\/p>\n\n\n\n<p><em>Ce dont nous avions beaucoup besoin :<\/em><br>Cape de pluie, veste \u00e9paisse, pull en cachemire, gants (nous ne les avions pas), sac de couchage suppl\u00e9mentaire, couverture flottante, chaussettes et chaussures imperm\u00e9ables, chauffage suppl\u00e9mentaire pour les soir\u00e9es dans le bus.<\/p>\n\n\n\n<p><em>Ce dont nous avons \u00e0 peine eu besoin :<\/em><br>Cr\u00e8me solaire, t-shirt \u00e0 manches courtes, sandales ou hamac, lampes solaires d&#8217;\u00e9t\u00e9 pour les soir\u00e9es chaudes dans le bus.<\/p>\n\n\n\n<p><em>Ce dont nous n&#8217;avons pas du tout eu besoin :<\/em><br>Robe d&#8217;\u00e9t\u00e9, pantalon blanc, maillot de bain, chaussures de bain, mat\u00e9riel de peinture, couverture de pique-nique, installation solaire, cr\u00e8me after sun.<\/p>\n","protected":false},"excerpt":{"rendered":"<p>Auf dem Weg weiter nach S\u00fcden bleibt der Supermarkt ein Highlight, ehe wir einen Campingplatz ansteuern. Bauernhof mit Hofladen und \u00fcberwiegend schr\u00e4gen Stellpl\u00e4tzen. Egal, wir stehen unter Apfelb\u00e4umen und vor Johannisbeeren. Es tropft von oben, 11 Grad, 3 Pullover \u00fcbereinander, gewickelt in eine Decke mit Fischburger in der Hand, norwegisches Leben. Was wir sehr viel &hellip; <\/p>\n<p class=\"link-more\"><a href=\"http:\/\/wolfsreise.d-l-w.de\/?p=3381\" class=\"more-link\"><span class=\"screen-reader-text\">\u201eSamstag\u201c<\/span> weiterlesen<\/a><\/p>\n","protected":false},"author":1,"featured_media":0,"comment_status":"open","ping_status":"open","sticky":false,"template":"","format":"standard","meta":{"footnotes":""},"categories":[13],"tags":[],"class_list":["post-3381","post","type-post","status-publish","format-standard","hentry","category-norwegen-2024"],"_links":{"self":[{"href":"http:\/\/wolfsreise.d-l-w.de\/index.php?rest_route=\/wp\/v2\/posts\/3381"}],"collection":[{"href":"http:\/\/wolfsreise.d-l-w.de\/index.php?rest_route=\/wp\/v2\/posts"}],"about":[{"href":"http:\/\/wolfsreise.d-l-w.de\/index.php?rest_route=\/wp\/v2\/types\/post"}],"author":[{"embeddable":true,"href":"http:\/\/wolfsreise.d-l-w.de\/index.php?rest_route=\/wp\/v2\/users\/1"}],"replies":[{"embeddable":true,"href":"http:\/\/wolfsreise.d-l-w.de\/index.php?rest_route=%2Fwp%2Fv2%2Fcomments&post=3381"}],"version-history":[{"count":3,"href":"http:\/\/wolfsreise.d-l-w.de\/index.php?rest_route=\/wp\/v2\/posts\/3381\/revisions"}],"predecessor-version":[{"id":3385,"href":"http:\/\/wolfsreise.d-l-w.de\/index.php?rest_route=\/wp\/v2\/posts\/3381\/revisions\/3385"}],"wp:attachment":[{"href":"http:\/\/wolfsreise.d-l-w.de\/index.php?rest_route=%2Fwp%2Fv2%2Fmedia&parent=3381"}],"wp:term":[{"taxonomy":"category","embeddable":true,"href":"http:\/\/wolfsreise.d-l-w.de\/index.php?rest_route=%2Fwp%2Fv2%2Fcategories&post=3381"},{"taxonomy":"post_tag","embeddable":true,"href":"http:\/\/wolfsreise.d-l-w.de\/index.php?rest_route=%2Fwp%2Fv2%2Ftags&post=3381"}],"curies":[{"name":"wp","href":"https:\/\/api.w.org\/{rel}","templated":true}]}}