{"id":3346,"date":"2024-08-22T17:12:45","date_gmt":"2024-08-22T15:12:45","guid":{"rendered":"http:\/\/wolfsreise.d-l-w.de\/?p=3346"},"modified":"2024-08-28T22:23:36","modified_gmt":"2024-08-28T20:23:36","slug":"jetzt-treten-wir-die-rueckreise-an","status":"publish","type":"post","link":"http:\/\/wolfsreise.d-l-w.de\/?p=3346","title":{"rendered":"Jetzt treten wir die R\u00fcckreise an"},"content":{"rendered":"\n<p>Nachdem es heute den ganzen Tag heftig geregnet hat, haben wir beschlossen, nicht weiter nach Norden zu fahren. Wir kanzeln Bod\u00f8, wir fahren auf keine Inselchen in den Sch\u00e4ren, wir brechen ab und nehmen die Route nach S\u00fcden in der Hoffnung auf weniger bis keinen Regen. Zudem haben wir gelernt: nicht nach dem 5. August nach Nordnorwegen reisen, denn dann f\u00e4ngt die erholsame Winterpause an. Zwar haben die Bauern reichlich auf ihren Feldern zu tun, Gras schneiden f\u00fcr den Winter, das Korn einfahren und die Schafe wiederfinden. Ansonsten haben alle Superm\u00e4rkte ihr Sortiment an Wolle, Nadeln und Musterheften aufgestockt, junge Frauen sitzen bereits strickend im Caf\u00e9 und Regenjacken in allen denkbaren Farben laufen an uns vor\u00fcber. Ein Gesch\u00e4ft mit Gummistiefeln haben wir noch nicht entdeckt. Also sind wir zum n\u00e4chsten Campingplatz gefahren und haben uns in die N\u00e4he des K\u00fcchenhauses gestellt. Dort konnten wir trocken und warm kochen und essen.<\/p>\n\n\n\n<p>Am Abend dann Sonne, die die sieben Schwestern beleuchtet, die wir tags\u00fcber vor lauter Wolken nicht gesehen haben. Und ein fantastischer Sonnenuntergang.<\/p>\n\n\n\n<figure class=\"wp-block-image size-large\"><img loading=\"lazy\" decoding=\"async\" width=\"1024\" height=\"441\" src=\"http:\/\/wolfsreise.d-l-w.de\/wp-content\/uploads\/2024\/08\/IMG_3174-1024x441.jpeg\" alt=\"\" class=\"wp-image-3358\" srcset=\"http:\/\/wolfsreise.d-l-w.de\/wp-content\/uploads\/2024\/08\/IMG_3174-1024x441.jpeg 1024w, http:\/\/wolfsreise.d-l-w.de\/wp-content\/uploads\/2024\/08\/IMG_3174-300x129.jpeg 300w, http:\/\/wolfsreise.d-l-w.de\/wp-content\/uploads\/2024\/08\/IMG_3174-150x65.jpeg 150w, http:\/\/wolfsreise.d-l-w.de\/wp-content\/uploads\/2024\/08\/IMG_3174-768x331.jpeg 768w, http:\/\/wolfsreise.d-l-w.de\/wp-content\/uploads\/2024\/08\/IMG_3174-1536x661.jpeg 1536w, http:\/\/wolfsreise.d-l-w.de\/wp-content\/uploads\/2024\/08\/IMG_3174-2048x881.jpeg 2048w\" sizes=\"(max-width: 767px) 89vw, (max-width: 1000px) 54vw, (max-width: 1071px) 543px, 580px\" \/><figcaption class=\"wp-element-caption\">Die sieben Schwestern<\/figcaption><\/figure>\n\n\n\n<p>Morgen soll es noch einmal sch\u00f6n werden. Das werden wir ausnutzen und unseren Bus vom K\u00fcchenhaus direkt ans Meer stellen.<\/p>\n\n\n\n<figure class=\"wp-block-gallery has-nested-images columns-default is-cropped wp-block-gallery-1 is-layout-flex wp-block-gallery-is-layout-flex\">\n<figure class=\"wp-block-image size-large\"><img loading=\"lazy\" decoding=\"async\" width=\"1024\" height=\"768\" data-id=\"3352\" src=\"http:\/\/wolfsreise.d-l-w.de\/wp-content\/uploads\/2024\/08\/IMG_3175-1024x768.jpeg\" alt=\"\" class=\"wp-image-3352\" srcset=\"http:\/\/wolfsreise.d-l-w.de\/wp-content\/uploads\/2024\/08\/IMG_3175-1024x768.jpeg 1024w, http:\/\/wolfsreise.d-l-w.de\/wp-content\/uploads\/2024\/08\/IMG_3175-300x225.jpeg 300w, http:\/\/wolfsreise.d-l-w.de\/wp-content\/uploads\/2024\/08\/IMG_3175-150x113.jpeg 150w, http:\/\/wolfsreise.d-l-w.de\/wp-content\/uploads\/2024\/08\/IMG_3175-768x576.jpeg 768w, http:\/\/wolfsreise.d-l-w.de\/wp-content\/uploads\/2024\/08\/IMG_3175-1536x1152.jpeg 1536w, http:\/\/wolfsreise.d-l-w.de\/wp-content\/uploads\/2024\/08\/IMG_3175-2048x1536.jpeg 2048w\" sizes=\"(max-width: 767px) 89vw, (max-width: 1000px) 54vw, (max-width: 1071px) 543px, 580px\" \/><\/figure>\n\n\n\n<figure class=\"wp-block-image size-large\"><img loading=\"lazy\" decoding=\"async\" width=\"1024\" height=\"683\" data-id=\"3353\" src=\"http:\/\/wolfsreise.d-l-w.de\/wp-content\/uploads\/2024\/08\/20240822-155842229-1024x683.jpeg\" alt=\"\" class=\"wp-image-3353\" srcset=\"http:\/\/wolfsreise.d-l-w.de\/wp-content\/uploads\/2024\/08\/20240822-155842229-1024x683.jpeg 1024w, http:\/\/wolfsreise.d-l-w.de\/wp-content\/uploads\/2024\/08\/20240822-155842229-300x200.jpeg 300w, http:\/\/wolfsreise.d-l-w.de\/wp-content\/uploads\/2024\/08\/20240822-155842229-150x100.jpeg 150w, http:\/\/wolfsreise.d-l-w.de\/wp-content\/uploads\/2024\/08\/20240822-155842229-768x512.jpeg 768w, http:\/\/wolfsreise.d-l-w.de\/wp-content\/uploads\/2024\/08\/20240822-155842229-1536x1024.jpeg 1536w, http:\/\/wolfsreise.d-l-w.de\/wp-content\/uploads\/2024\/08\/20240822-155842229-2048x1365.jpeg 2048w\" sizes=\"(max-width: 767px) 89vw, (max-width: 1000px) 54vw, (max-width: 1071px) 543px, 580px\" \/><\/figure>\n<\/figure>\n\n\n\n<hr class=\"wp-block-separator has-alpha-channel-opacity\"\/>\n\n\n\n<h1 class=\"wp-block-heading\">Nous reprenons maintenant le chemin du retour<\/h1>\n\n\n\n<p>Apr\u00e8s qu&#8217;il a plu abondamment toute la journ\u00e9e, nous avons d\u00e9cid\u00e9 de ne pas continuer vers le nord. Nous chapitrons Bod\u00f8, nous n&#8217;allons sur aucun \u00eelot de l&#8217;archipel, nous rompons et prenons la route vers le sud en esp\u00e9rant moins ou pas de pluie. De plus, nous avons appris qu&#8217;il ne fallait pas se rendre dans le nord de la Norv\u00e8ge apr\u00e8s le 5 ao\u00fbt, car c&#8217;est \u00e0 ce moment-l\u00e0 que commence la pause hivernale reposante. Certes, les agriculteurs ont amplement \u00e0 faire dans leurs champs, couper l&#8217;herbe pour l&#8217;hiver, rentrer le bl\u00e9 et retrouver les moutons. Sinon, tous les supermarch\u00e9s ont augment\u00e9 leur assortiment de laine, d&#8217;aiguilles et de cahiers d&#8217;\u00e9chantillons, des jeunes femmes sont d\u00e9j\u00e0 assises au caf\u00e9 en train de tricoter et des imperm\u00e9ables de toutes les couleurs imaginables passent devant nous. Nous n&#8217;avons pas encore d\u00e9couvert de magasin proposant des bottes en caoutchouc. Nous sommes donc all\u00e9s au camping le plus proche et nous sommes install\u00e9s pr\u00e8s de la maison de la cuisine. L\u00e0, nous avons pu cuisiner et manger au sec et au chaud.<\/p>\n\n\n\n<p>Le soir, du soleil qui illumine les sept s\u0153urs que nous n&#8217;avions pas vues pendant la journ\u00e9e \u00e0 cause des nuages. Et un fantastique coucher de soleil.<\/p>\n\n\n\n<p>Demain, il devrait faire encore beau. Nous en profiterons pour mettre notre bus directement au bord de la mer depuis la maison de la cuisine.<\/p>\n","protected":false},"excerpt":{"rendered":"<p>Nachdem es heute den ganzen Tag heftig geregnet hat, haben wir beschlossen, nicht weiter nach Norden zu fahren. Wir kanzeln Bod\u00f8, wir fahren auf keine Inselchen in den Sch\u00e4ren, wir brechen ab und nehmen die Route nach S\u00fcden in der Hoffnung auf weniger bis keinen Regen. Zudem haben wir gelernt: nicht nach dem 5. August &hellip; <\/p>\n<p class=\"link-more\"><a href=\"http:\/\/wolfsreise.d-l-w.de\/?p=3346\" class=\"more-link\"><span class=\"screen-reader-text\">\u201eJetzt treten wir die R\u00fcckreise an\u201c<\/span> weiterlesen<\/a><\/p>\n","protected":false},"author":1,"featured_media":0,"comment_status":"open","ping_status":"open","sticky":false,"template":"","format":"standard","meta":{"footnotes":""},"categories":[13],"tags":[],"class_list":["post-3346","post","type-post","status-publish","format-standard","hentry","category-norwegen-2024"],"_links":{"self":[{"href":"http:\/\/wolfsreise.d-l-w.de\/index.php?rest_route=\/wp\/v2\/posts\/3346"}],"collection":[{"href":"http:\/\/wolfsreise.d-l-w.de\/index.php?rest_route=\/wp\/v2\/posts"}],"about":[{"href":"http:\/\/wolfsreise.d-l-w.de\/index.php?rest_route=\/wp\/v2\/types\/post"}],"author":[{"embeddable":true,"href":"http:\/\/wolfsreise.d-l-w.de\/index.php?rest_route=\/wp\/v2\/users\/1"}],"replies":[{"embeddable":true,"href":"http:\/\/wolfsreise.d-l-w.de\/index.php?rest_route=%2Fwp%2Fv2%2Fcomments&post=3346"}],"version-history":[{"count":9,"href":"http:\/\/wolfsreise.d-l-w.de\/index.php?rest_route=\/wp\/v2\/posts\/3346\/revisions"}],"predecessor-version":[{"id":3363,"href":"http:\/\/wolfsreise.d-l-w.de\/index.php?rest_route=\/wp\/v2\/posts\/3346\/revisions\/3363"}],"wp:attachment":[{"href":"http:\/\/wolfsreise.d-l-w.de\/index.php?rest_route=%2Fwp%2Fv2%2Fmedia&parent=3346"}],"wp:term":[{"taxonomy":"category","embeddable":true,"href":"http:\/\/wolfsreise.d-l-w.de\/index.php?rest_route=%2Fwp%2Fv2%2Fcategories&post=3346"},{"taxonomy":"post_tag","embeddable":true,"href":"http:\/\/wolfsreise.d-l-w.de\/index.php?rest_route=%2Fwp%2Fv2%2Ftags&post=3346"}],"curies":[{"name":"wp","href":"https:\/\/api.w.org\/{rel}","templated":true}]}}