{"id":3338,"date":"2024-08-22T16:49:44","date_gmt":"2024-08-22T14:49:44","guid":{"rendered":"http:\/\/wolfsreise.d-l-w.de\/?p=3338"},"modified":"2024-08-22T16:50:19","modified_gmt":"2024-08-22T14:50:19","slug":"moderne-architektur-fuer-ein-barockes-thema","status":"publish","type":"post","link":"http:\/\/wolfsreise.d-l-w.de\/?p=3338","title":{"rendered":"Moderne Architektur f\u00fcr ein barockes Thema."},"content":{"rendered":"\n<p>Eigentlich geht\u2019s im Museum Petter Dass ganz eindeutig um Religion, kirchliche Lieder und Ge\u00e4nge, Psalme und Lobpreisungen. Es geht um die die kirchliche und politische Entwicklung Norwegens nach der Reformation, verbunden mit den Entwicklungen im weiten Europa. Und das anhand eines ber\u00fchmten Pfarrers und Kirchenlieddichters auch diesem Ort. <a href=\"https:\/\/www.petterdass-museet.no\">https:\/\/www.petterdass-museet.no<\/a><\/p>\n\n\n\n<p>Spannend ist vor allem auch die Architektur, die das B\u00fcro Sn\u00f8hhetta 2007 entwickelt hat. Mit einem radikalen Einschnitt durch das Gestein, das rechts und links aufragend sichtbar bleibt, f\u00fcgt sich der moderne Bau zwischen die Landschaft ein. Das Volumen des Geb\u00e4udes entspricht dem entnommenen Felsmassiv. Ziel war die mittelalterliche Gr\u00fcndung der Kirche ins heute zu transferieren. Ein mutiger, gro\u00dfer Schnitt.<\/p>\n\n\n\n<figure class=\"wp-block-gallery has-nested-images columns-default is-cropped wp-block-gallery-1 is-layout-flex wp-block-gallery-is-layout-flex\">\n<figure class=\"wp-block-image size-large\"><img loading=\"lazy\" decoding=\"async\" width=\"1024\" height=\"683\" data-id=\"3342\" src=\"http:\/\/wolfsreise.d-l-w.de\/wp-content\/uploads\/2024\/08\/20240822-155731220-1024x683.jpeg\" alt=\"\" class=\"wp-image-3342\" srcset=\"http:\/\/wolfsreise.d-l-w.de\/wp-content\/uploads\/2024\/08\/20240822-155731220-1024x683.jpeg 1024w, http:\/\/wolfsreise.d-l-w.de\/wp-content\/uploads\/2024\/08\/20240822-155731220-300x200.jpeg 300w, http:\/\/wolfsreise.d-l-w.de\/wp-content\/uploads\/2024\/08\/20240822-155731220-150x100.jpeg 150w, http:\/\/wolfsreise.d-l-w.de\/wp-content\/uploads\/2024\/08\/20240822-155731220-768x512.jpeg 768w, http:\/\/wolfsreise.d-l-w.de\/wp-content\/uploads\/2024\/08\/20240822-155731220-1536x1024.jpeg 1536w, http:\/\/wolfsreise.d-l-w.de\/wp-content\/uploads\/2024\/08\/20240822-155731220-2048x1365.jpeg 2048w\" sizes=\"(max-width: 767px) 89vw, (max-width: 1000px) 54vw, (max-width: 1071px) 543px, 580px\" \/><\/figure>\n\n\n\n<figure class=\"wp-block-image size-large\"><img loading=\"lazy\" decoding=\"async\" width=\"1024\" height=\"768\" data-id=\"3341\" src=\"http:\/\/wolfsreise.d-l-w.de\/wp-content\/uploads\/2024\/08\/IMG_3168-1024x768.jpeg\" alt=\"\" class=\"wp-image-3341\" srcset=\"http:\/\/wolfsreise.d-l-w.de\/wp-content\/uploads\/2024\/08\/IMG_3168-1024x768.jpeg 1024w, http:\/\/wolfsreise.d-l-w.de\/wp-content\/uploads\/2024\/08\/IMG_3168-300x225.jpeg 300w, http:\/\/wolfsreise.d-l-w.de\/wp-content\/uploads\/2024\/08\/IMG_3168-150x113.jpeg 150w, http:\/\/wolfsreise.d-l-w.de\/wp-content\/uploads\/2024\/08\/IMG_3168-768x576.jpeg 768w, http:\/\/wolfsreise.d-l-w.de\/wp-content\/uploads\/2024\/08\/IMG_3168-1536x1152.jpeg 1536w, http:\/\/wolfsreise.d-l-w.de\/wp-content\/uploads\/2024\/08\/IMG_3168-2048x1536.jpeg 2048w\" sizes=\"(max-width: 767px) 89vw, (max-width: 1000px) 54vw, (max-width: 1071px) 543px, 580px\" \/><\/figure>\n<\/figure>\n\n\n\n<hr class=\"wp-block-separator has-alpha-channel-opacity\"\/>\n\n\n\n<h1 class=\"wp-block-heading\">Une architecture moderne pour un th\u00e8me baroque<\/h1>\n\n\n\n<p>En fait, le mus\u00e9e Petter Dass traite clairement de religion, de chants et de cantiques religieux, de psaumes et de louanges. Il s&#8217;agit de l&#8217;\u00e9volution eccl\u00e9siastique et politique de la Norv\u00e8ge apr\u00e8s la R\u00e9forme, en lien avec les d\u00e9veloppements dans l&#8217;Europe enti\u00e8re. Et ce, \u00e0 l&#8217;aide d&#8217;un pasteur et d&#8217;un po\u00e8te de cantiques c\u00e9l\u00e8bres, m\u00eame \u00e0 cet endroit. https:\/\/www.petterdass-museet.no<\/p>\n\n\n\n<p>L&#8217;architecture d\u00e9velopp\u00e9e par le bureau Sn\u00f8hhetta en 2007 est \u00e9galement passionnante. Avec une entaille radicale dans la roche, qui reste visible en saillie \u00e0 droite et \u00e0 gauche, la construction moderne s&#8217;ins\u00e8re entre le paysage. Le volume du b\u00e2timent correspond au massif rocheux pr\u00e9lev\u00e9. L&#8217;objectif \u00e9tait de transf\u00e9rer la fondation m\u00e9di\u00e9vale de l&#8217;\u00e9glise dans le pr\u00e9sent. Une coupe courageuse et importante.<\/p>\n","protected":false},"excerpt":{"rendered":"<p>Eigentlich geht\u2019s im Museum Petter Dass ganz eindeutig um Religion, kirchliche Lieder und Ge\u00e4nge, Psalme und Lobpreisungen. Es geht um die die kirchliche und politische Entwicklung Norwegens nach der Reformation, verbunden mit den Entwicklungen im weiten Europa. Und das anhand eines ber\u00fchmten Pfarrers und Kirchenlieddichters auch diesem Ort. https:\/\/www.petterdass-museet.no Spannend ist vor allem auch die &hellip; <\/p>\n<p class=\"link-more\"><a href=\"http:\/\/wolfsreise.d-l-w.de\/?p=3338\" class=\"more-link\"><span class=\"screen-reader-text\">\u201eModerne Architektur f\u00fcr ein barockes Thema.\u201c<\/span> weiterlesen<\/a><\/p>\n","protected":false},"author":1,"featured_media":0,"comment_status":"open","ping_status":"open","sticky":false,"template":"","format":"standard","meta":{"footnotes":""},"categories":[13],"tags":[],"class_list":["post-3338","post","type-post","status-publish","format-standard","hentry","category-norwegen-2024"],"_links":{"self":[{"href":"http:\/\/wolfsreise.d-l-w.de\/index.php?rest_route=\/wp\/v2\/posts\/3338"}],"collection":[{"href":"http:\/\/wolfsreise.d-l-w.de\/index.php?rest_route=\/wp\/v2\/posts"}],"about":[{"href":"http:\/\/wolfsreise.d-l-w.de\/index.php?rest_route=\/wp\/v2\/types\/post"}],"author":[{"embeddable":true,"href":"http:\/\/wolfsreise.d-l-w.de\/index.php?rest_route=\/wp\/v2\/users\/1"}],"replies":[{"embeddable":true,"href":"http:\/\/wolfsreise.d-l-w.de\/index.php?rest_route=%2Fwp%2Fv2%2Fcomments&post=3338"}],"version-history":[{"count":5,"href":"http:\/\/wolfsreise.d-l-w.de\/index.php?rest_route=\/wp\/v2\/posts\/3338\/revisions"}],"predecessor-version":[{"id":3345,"href":"http:\/\/wolfsreise.d-l-w.de\/index.php?rest_route=\/wp\/v2\/posts\/3338\/revisions\/3345"}],"wp:attachment":[{"href":"http:\/\/wolfsreise.d-l-w.de\/index.php?rest_route=%2Fwp%2Fv2%2Fmedia&parent=3338"}],"wp:term":[{"taxonomy":"category","embeddable":true,"href":"http:\/\/wolfsreise.d-l-w.de\/index.php?rest_route=%2Fwp%2Fv2%2Fcategories&post=3338"},{"taxonomy":"post_tag","embeddable":true,"href":"http:\/\/wolfsreise.d-l-w.de\/index.php?rest_route=%2Fwp%2Fv2%2Ftags&post=3338"}],"curies":[{"name":"wp","href":"https:\/\/api.w.org\/{rel}","templated":true}]}}