{"id":3332,"date":"2024-08-22T14:49:00","date_gmt":"2024-08-22T12:49:00","guid":{"rendered":"http:\/\/wolfsreise.d-l-w.de\/?p=3332"},"modified":"2024-08-22T14:49:02","modified_gmt":"2024-08-22T12:49:02","slug":"hannoeversches-treffen-in-tjotta","status":"publish","type":"post","link":"http:\/\/wolfsreise.d-l-w.de\/?p=3332","title":{"rendered":"Hann\u00f6versches Treffen in Tj\u00f8tta"},"content":{"rendered":"\n<p>Evi und Klaus haben am F\u00e4hranleger auf uns gewartet, 3 Stunden, und \u00fcberraschen uns mit einer Einladung zum Dinner. Auf dem n\u00e4chst gelegenen Fjordcamping stehen wir direkt am Wasser, auch wenn die Ebbe es geklaut hat. Und es regnet nicht, es ist relativ warm, bis zum Sonnenuntergang halten wir es gut aus. Dann schmei\u00dft Klaus die Heizung im Bus an, wir plaudern und plaudern.<\/p>\n\n\n\n<p>Dann ab ins Bett, alles schnell wegr\u00e4umen, denn der n\u00e4chste Tag wird eine nasse graue Suppe. Wir wissen es schon und wollen es gar nicht wissen.<\/p>\n\n\n\n<figure class=\"wp-block-image size-large is-resized\"><img loading=\"lazy\" decoding=\"async\" width=\"1024\" height=\"768\" src=\"http:\/\/wolfsreise.d-l-w.de\/wp-content\/uploads\/2024\/08\/IMG_3165-1024x768.jpeg\" alt=\"\" class=\"wp-image-3335\" style=\"width:693px;height:auto\" srcset=\"http:\/\/wolfsreise.d-l-w.de\/wp-content\/uploads\/2024\/08\/IMG_3165-1024x768.jpeg 1024w, http:\/\/wolfsreise.d-l-w.de\/wp-content\/uploads\/2024\/08\/IMG_3165-300x225.jpeg 300w, http:\/\/wolfsreise.d-l-w.de\/wp-content\/uploads\/2024\/08\/IMG_3165-150x113.jpeg 150w, http:\/\/wolfsreise.d-l-w.de\/wp-content\/uploads\/2024\/08\/IMG_3165-768x576.jpeg 768w, http:\/\/wolfsreise.d-l-w.de\/wp-content\/uploads\/2024\/08\/IMG_3165-1536x1152.jpeg 1536w, http:\/\/wolfsreise.d-l-w.de\/wp-content\/uploads\/2024\/08\/IMG_3165-2048x1536.jpeg 2048w\" sizes=\"(max-width: 767px) 89vw, (max-width: 1000px) 54vw, (max-width: 1071px) 543px, 580px\" \/><\/figure>\n\n\n\n<hr class=\"wp-block-separator has-alpha-channel-opacity\"\/>\n\n\n\n<h1 class=\"wp-block-heading\">Rencontre hano\u00efenne \u00e0 Tj\u00f8tta<\/h1>\n\n\n\n<p>Evi et Klaus nous ont attendus \u00e0 l&#8217;embarcad\u00e8re du ferry, 3 heures, et nous surprennent en nous invitant \u00e0 d\u00eener. Au fjord-camping le plus proche, nous sommes directement au bord de l&#8217;eau, m\u00eame si la mar\u00e9e basse l&#8217;a vol\u00e9e. Et il ne pleut pas, il fait relativement chaud, nous tenons bien jusqu&#8217;au coucher du soleil. Puis Klaus allume le chauffage dans le bus, nous discutons et bavardons.<br>Puis au lit, nous rangeons tout rapidement, car le lendemain sera une soupe grise et humide. Nous le savons d\u00e9j\u00e0 et ne voulons m\u00eame pas le savoir.<\/p>\n","protected":false},"excerpt":{"rendered":"<p>Evi und Klaus haben am F\u00e4hranleger auf uns gewartet, 3 Stunden, und \u00fcberraschen uns mit einer Einladung zum Dinner. Auf dem n\u00e4chst gelegenen Fjordcamping stehen wir direkt am Wasser, auch wenn die Ebbe es geklaut hat. Und es regnet nicht, es ist relativ warm, bis zum Sonnenuntergang halten wir es gut aus. Dann schmei\u00dft Klaus &hellip; <\/p>\n<p class=\"link-more\"><a href=\"http:\/\/wolfsreise.d-l-w.de\/?p=3332\" class=\"more-link\"><span class=\"screen-reader-text\">\u201eHann\u00f6versches Treffen in Tj\u00f8tta\u201c<\/span> weiterlesen<\/a><\/p>\n","protected":false},"author":1,"featured_media":0,"comment_status":"open","ping_status":"open","sticky":false,"template":"","format":"standard","meta":{"footnotes":""},"categories":[13],"tags":[],"class_list":["post-3332","post","type-post","status-publish","format-standard","hentry","category-norwegen-2024"],"_links":{"self":[{"href":"http:\/\/wolfsreise.d-l-w.de\/index.php?rest_route=\/wp\/v2\/posts\/3332"}],"collection":[{"href":"http:\/\/wolfsreise.d-l-w.de\/index.php?rest_route=\/wp\/v2\/posts"}],"about":[{"href":"http:\/\/wolfsreise.d-l-w.de\/index.php?rest_route=\/wp\/v2\/types\/post"}],"author":[{"embeddable":true,"href":"http:\/\/wolfsreise.d-l-w.de\/index.php?rest_route=\/wp\/v2\/users\/1"}],"replies":[{"embeddable":true,"href":"http:\/\/wolfsreise.d-l-w.de\/index.php?rest_route=%2Fwp%2Fv2%2Fcomments&post=3332"}],"version-history":[{"count":4,"href":"http:\/\/wolfsreise.d-l-w.de\/index.php?rest_route=\/wp\/v2\/posts\/3332\/revisions"}],"predecessor-version":[{"id":3337,"href":"http:\/\/wolfsreise.d-l-w.de\/index.php?rest_route=\/wp\/v2\/posts\/3332\/revisions\/3337"}],"wp:attachment":[{"href":"http:\/\/wolfsreise.d-l-w.de\/index.php?rest_route=%2Fwp%2Fv2%2Fmedia&parent=3332"}],"wp:term":[{"taxonomy":"category","embeddable":true,"href":"http:\/\/wolfsreise.d-l-w.de\/index.php?rest_route=%2Fwp%2Fv2%2Fcategories&post=3332"},{"taxonomy":"post_tag","embeddable":true,"href":"http:\/\/wolfsreise.d-l-w.de\/index.php?rest_route=%2Fwp%2Fv2%2Ftags&post=3332"}],"curies":[{"name":"wp","href":"https:\/\/api.w.org\/{rel}","templated":true}]}}