{"id":3325,"date":"2024-08-21T21:54:00","date_gmt":"2024-08-21T19:54:00","guid":{"rendered":"http:\/\/wolfsreise.d-l-w.de\/?p=3325"},"modified":"2024-08-21T21:54:02","modified_gmt":"2024-08-21T19:54:02","slug":"architektur-die-beeindruckt","status":"publish","type":"post","link":"http:\/\/wolfsreise.d-l-w.de\/?p=3325","title":{"rendered":"Architektur die beeindruckt\u00a0"},"content":{"rendered":"\n<p>Das macht Norwegen aus und spannend. Bis in den hohen Norden wurden in den letzten zwei Jahrzehnten Projekte mit herausragender Architektur verwirklicht.&nbsp;<\/p>\n\n\n\n<p>Auch das Welterbezentrum auf Vega ist solch ein Beispiel. <\/p>\n\n\n\n<figure class=\"wp-block-image size-large is-resized\"><img loading=\"lazy\" decoding=\"async\" width=\"1024\" height=\"768\" src=\"http:\/\/wolfsreise.d-l-w.de\/wp-content\/uploads\/2024\/08\/IMG_3156-1024x768.jpeg\" alt=\"\" class=\"wp-image-3328\" style=\"width:674px;height:auto\" srcset=\"http:\/\/wolfsreise.d-l-w.de\/wp-content\/uploads\/2024\/08\/IMG_3156-1024x768.jpeg 1024w, http:\/\/wolfsreise.d-l-w.de\/wp-content\/uploads\/2024\/08\/IMG_3156-300x225.jpeg 300w, http:\/\/wolfsreise.d-l-w.de\/wp-content\/uploads\/2024\/08\/IMG_3156-150x113.jpeg 150w, http:\/\/wolfsreise.d-l-w.de\/wp-content\/uploads\/2024\/08\/IMG_3156-768x576.jpeg 768w, http:\/\/wolfsreise.d-l-w.de\/wp-content\/uploads\/2024\/08\/IMG_3156-1536x1152.jpeg 1536w, http:\/\/wolfsreise.d-l-w.de\/wp-content\/uploads\/2024\/08\/IMG_3156-2048x1536.jpeg 2048w\" sizes=\"(max-width: 767px) 89vw, (max-width: 1000px) 54vw, (max-width: 1071px) 543px, 580px\" \/><\/figure>\n\n\n\n<p>Eigentlich geht es ja um Eiderenten und ihren unglaublichen Flaum, weich und warm, das Gold der Insel. Hier ist &#8211; so wird vermittelt &#8211; das letzte Paradies wild lebender Eiderenten. Die Entlein m\u00fcssen sich nur vor dem Seeadler f\u00fcrchten. Das w\u00fcrde ich bei der Spannweite von 180 &#8211; 240 m auch tun.<\/p>\n\n\n\n<p>Eiderente: \u201eEs ist eine gro\u00dfe, massig wirkende Meerente, die an der arktischen K\u00fcste des Atlantiks und des Pazifiks lebt. In Europa kommt sie vor allem in Skandinavien vor. (\u2026) Die Eiderente kommt entlang der n\u00f6rdlichen K\u00fcsten von Europa, Nordamerika und Ostsibirien vor. Sie br\u00fctet von der Arktis bis in die gem\u00e4\u00dfigten Klimazonen, in Europa nach S\u00fcden etwa bis zum Wattenmeer und ins nordwestliche Frankreich.\u201c (Wikipedia, 20.8.24)<\/p>\n\n\n\n<p>Mehr als 1.500 Jahre reicht die Geschichte der Inseln zur\u00fcck. Damals war der Fischfang die Haupteinnahmequelle auf dem Vega-Archipel. Und schon bald entdeckten die Bewohner einen wahren Schatz. Die wohl w\u00e4rmsten Daunen, die der Eiderente. Fortan bauten die Menschen den Eiderenten \u00fcberdachte Nester. Bis heute. Und die F\u00fcrsorge ist gro\u00df. Denn die Nester werden mit getrocknetem Seetang ausgelegte und Fressfeinde wie der Marder werden verscheucht. Die Frauen, die sich in den vergangenen Jahrhunderten auf die Daunenlese spezialisiert hatten, verdienten schon damals weitaus mehr, als ihre tagt\u00e4glich fischenden Ehem\u00e4nner. Heute kommen die Frauen vom Festland. Die meisten sind selbst auf den Inseln geboren, wanderten aber aufgrund der fehlenden Jobm\u00f6glichkeiten und des Mangels an modernem Komfort von den Inseln aus.<\/p>\n\n\n\n<figure class=\"wp-block-gallery has-nested-images columns-default is-cropped wp-block-gallery-1 is-layout-flex wp-block-gallery-is-layout-flex\">\n<figure class=\"wp-block-image size-large\"><img loading=\"lazy\" decoding=\"async\" width=\"1024\" height=\"768\" data-id=\"3330\" src=\"http:\/\/wolfsreise.d-l-w.de\/wp-content\/uploads\/2024\/08\/IMG_3158-1024x768.jpeg\" alt=\"\" class=\"wp-image-3330\" srcset=\"http:\/\/wolfsreise.d-l-w.de\/wp-content\/uploads\/2024\/08\/IMG_3158-1024x768.jpeg 1024w, http:\/\/wolfsreise.d-l-w.de\/wp-content\/uploads\/2024\/08\/IMG_3158-300x225.jpeg 300w, http:\/\/wolfsreise.d-l-w.de\/wp-content\/uploads\/2024\/08\/IMG_3158-150x113.jpeg 150w, http:\/\/wolfsreise.d-l-w.de\/wp-content\/uploads\/2024\/08\/IMG_3158-768x576.jpeg 768w, http:\/\/wolfsreise.d-l-w.de\/wp-content\/uploads\/2024\/08\/IMG_3158-1536x1152.jpeg 1536w, http:\/\/wolfsreise.d-l-w.de\/wp-content\/uploads\/2024\/08\/IMG_3158-2048x1536.jpeg 2048w\" sizes=\"(max-width: 767px) 89vw, (max-width: 1000px) 54vw, (max-width: 1071px) 543px, 580px\" \/><\/figure>\n\n\n\n<figure class=\"wp-block-image size-large\"><img loading=\"lazy\" decoding=\"async\" width=\"768\" height=\"1024\" data-id=\"3329\" src=\"http:\/\/wolfsreise.d-l-w.de\/wp-content\/uploads\/2024\/08\/IMG_3218-768x1024.jpeg\" alt=\"\" class=\"wp-image-3329\" srcset=\"http:\/\/wolfsreise.d-l-w.de\/wp-content\/uploads\/2024\/08\/IMG_3218-768x1024.jpeg 768w, http:\/\/wolfsreise.d-l-w.de\/wp-content\/uploads\/2024\/08\/IMG_3218-225x300.jpeg 225w, http:\/\/wolfsreise.d-l-w.de\/wp-content\/uploads\/2024\/08\/IMG_3218-113x150.jpeg 113w, http:\/\/wolfsreise.d-l-w.de\/wp-content\/uploads\/2024\/08\/IMG_3218-1152x1536.jpeg 1152w, http:\/\/wolfsreise.d-l-w.de\/wp-content\/uploads\/2024\/08\/IMG_3218-1536x2048.jpeg 1536w, http:\/\/wolfsreise.d-l-w.de\/wp-content\/uploads\/2024\/08\/IMG_3218-scaled.jpeg 1920w\" sizes=\"(max-width: 767px) 89vw, (max-width: 1000px) 54vw, (max-width: 1071px) 543px, 580px\" \/><\/figure>\n<\/figure>\n\n\n\n<p>Heute wie damals ist der Arbeitsaufwand aber nicht zu untersch\u00e4tzen. Die Nester m\u00fcssen gehegt und gepflegt werden und die Federn aus bis zu 60 Nestern sind n\u00f6tig, um nur eine Daunendecke zu bef\u00fcllen. Anschlie\u00dfend werden sie mit einer sogenannten Daunenharfe von Seetang- und Eierschalenresten gereinigt; eine Technik, auf die die Veganer schon seit Jahrhunderten vertrauen. Und anschlie\u00dfend werden die wertvollen, tierfreundlich gewonnenen Daunen zur wohl kuscheligsten Daunendecke der Welt verarbeitet. So dauert die Arbeit f\u00fcr nur eine Daunendecke wochenlang. Kein Wunder, dass bei einer solchen Qualit\u00e4t Bestellungen aus der ganzen Welt eingehen und die Fans dieser Daunendecken auch lange Wartezeiten in Kauf nehmen. Und auch den Preis akzeptieren, der bei 5.000 Euro liegt. \u00dcbrigens: Die Norweger versichern, dass die Daunendecke ein Leben lang h\u00e4lt. Manche wird sogar \u00fcber Generationen vererbt.<\/p>\n\n\n\n<p>Uns hat sich keine einzige Ente gezeigt. Daf\u00fcr aber ein paar Ziegen und die Sonne &#8211; sofort werden alle Pullover ausgezogen!\u00a0<\/p>\n\n\n\n<hr class=\"wp-block-separator has-alpha-channel-opacity\"\/>\n\n\n\n<h1 class=\"wp-block-heading\">Une architecture qui impressionne<\/h1>\n\n\n\n<p>C&#8217;est ce qui fait la sp\u00e9cificit\u00e9 de la Norv\u00e8ge et la rend passionnante. Au cours des deux derni\u00e8res d\u00e9cennies, des projets d&#8217;architecture exceptionnels ont \u00e9t\u00e9 r\u00e9alis\u00e9s jusque dans le Grand Nord.<br>Le centre du patrimoine mondial de Vega en est un exemple. Il s&#8217;agit en fait d&#8217;eiders et de leur incroyable duvet, doux et chaud, l&#8217;or de l&#8217;\u00eele. C&#8217;est ici que se trouve le dernier paradis des eiders sauvages. Les canetons n&#8217;ont qu&#8217;\u00e0 craindre l&#8217;aigle de mer. C&#8217;est ce que je ferais, vu leur envergure de 180 \u00e0 240 m\u00e8tres.<br>Eider \u00e0 duvet : &#8222;C&#8217;est un grand canard marin \u00e0 l&#8217;allure massive qui vit sur la c\u00f4te arctique de l&#8217;Atlantique et du Pacifique. En Europe, on le trouve surtout en Scandinavie. (\u2026) L&#8217;eider \u00e0 duvet se trouve le long des c\u00f4tes septentrionales de l&#8217;Europe, de l&#8217;Am\u00e9rique du Nord et de la Sib\u00e9rie orientale. Il niche de l&#8217;Arctique jusqu&#8217;aux zones temp\u00e9r\u00e9es, en Europe vers le sud jusqu&#8217;\u00e0 la mer des Wadden et le nord-ouest de la France&#8220;. (Wikipedia, 20.8.24)<\/p>\n\n\n\n<p>L&#8217;histoire des \u00eeles remonte \u00e0 plus de 1.500 ans. \u00c0 l&#8217;\u00e9poque, la p\u00eache \u00e9tait la principale source de revenus de l&#8217;archipel de Vega. Et tr\u00e8s vite, les habitants ont d\u00e9couvert un v\u00e9ritable tr\u00e9sor. Le duvet sans doute le plus chaud, celui de l&#8217;eider. D\u00e8s lors, les hommes ont construit des nids couverts pour les eiders. Et ce jusqu&#8217;\u00e0 aujourd&#8217;hui. Et la sollicitude est grande. En effet, les nids sont tapiss\u00e9s de varech s\u00e9ch\u00e9 et les pr\u00e9dateurs comme la martre sont effray\u00e9s. Les femmes qui s&#8217;\u00e9taient sp\u00e9cialis\u00e9es dans la r\u00e9colte du duvet au cours des si\u00e8cles pr\u00e9c\u00e9dents gagnaient d\u00e9j\u00e0 bien plus que leurs maris qui p\u00eachaient tous les jours. Aujourd&#8217;hui, les femmes viennent du continent. La plupart sont elles-m\u00eames n\u00e9es sur les \u00eeles, mais ont \u00e9migr\u00e9 en raison du manque de possibilit\u00e9s d&#8217;emploi et du manque de confort moderne.<\/p>\n\n\n\n<p>Aujourd&#8217;hui comme hier, la charge de travail ne doit pas \u00eatre sous-estim\u00e9e. Les nids doivent \u00eatre choy\u00e9s et entretenus, et les plumes de jusqu&#8217;\u00e0 60 nids sont n\u00e9cessaires pour remplir un seul \u00e9dredon. Ensuite, ils sont nettoy\u00e9s des restes de varech et de coquilles d&#8217;\u0153ufs \u00e0 l&#8217;aide d&#8217;une &#8222;harpe \u00e0 duvet&#8220; ; une technique \u00e0 laquelle les v\u00e9g\u00e9taliens font confiance depuis des si\u00e8cles. Enfin, le pr\u00e9cieux duvet obtenu dans le respect des animaux est transform\u00e9 en l&#8217;\u00e9dredon le plus moelleux du monde. Ainsi, le travail pour une seule couette en duvet dure des semaines. Il n&#8217;est donc pas \u00e9tonnant qu&#8217;avec une telle qualit\u00e9, les commandes arrivent du monde entier et que les fans de ces \u00e9dredons acceptent de longs d\u00e9lais d&#8217;attente. Et aussi accepter le prix, qui est de 5 000 euros. D&#8217;ailleurs, les Norv\u00e9giens assurent que l&#8217;\u00e9dredon dure toute une vie. Certains se transmettent m\u00eame de g\u00e9n\u00e9ration en g\u00e9n\u00e9ration.<br>Nous n&#8217;avons pas vu un seul canard. En revanche, quelques ch\u00e8vres et le soleil &#8211; on enl\u00e8ve imm\u00e9diatement tous les pulls !<\/p>\n","protected":false},"excerpt":{"rendered":"<p>Das macht Norwegen aus und spannend. Bis in den hohen Norden wurden in den letzten zwei Jahrzehnten Projekte mit herausragender Architektur verwirklicht.&nbsp; Auch das Welterbezentrum auf Vega ist solch ein Beispiel. Eigentlich geht es ja um Eiderenten und ihren unglaublichen Flaum, weich und warm, das Gold der Insel. Hier ist &#8211; so wird vermittelt &#8211; &hellip; <\/p>\n<p class=\"link-more\"><a href=\"http:\/\/wolfsreise.d-l-w.de\/?p=3325\" class=\"more-link\"><span class=\"screen-reader-text\">\u201eArchitektur die beeindruckt\u00a0\u201c<\/span> weiterlesen<\/a><\/p>\n","protected":false},"author":1,"featured_media":0,"comment_status":"open","ping_status":"open","sticky":false,"template":"","format":"standard","meta":{"footnotes":""},"categories":[13],"tags":[],"class_list":["post-3325","post","type-post","status-publish","format-standard","hentry","category-norwegen-2024"],"_links":{"self":[{"href":"http:\/\/wolfsreise.d-l-w.de\/index.php?rest_route=\/wp\/v2\/posts\/3325"}],"collection":[{"href":"http:\/\/wolfsreise.d-l-w.de\/index.php?rest_route=\/wp\/v2\/posts"}],"about":[{"href":"http:\/\/wolfsreise.d-l-w.de\/index.php?rest_route=\/wp\/v2\/types\/post"}],"author":[{"embeddable":true,"href":"http:\/\/wolfsreise.d-l-w.de\/index.php?rest_route=\/wp\/v2\/users\/1"}],"replies":[{"embeddable":true,"href":"http:\/\/wolfsreise.d-l-w.de\/index.php?rest_route=%2Fwp%2Fv2%2Fcomments&post=3325"}],"version-history":[{"count":3,"href":"http:\/\/wolfsreise.d-l-w.de\/index.php?rest_route=\/wp\/v2\/posts\/3325\/revisions"}],"predecessor-version":[{"id":3331,"href":"http:\/\/wolfsreise.d-l-w.de\/index.php?rest_route=\/wp\/v2\/posts\/3325\/revisions\/3331"}],"wp:attachment":[{"href":"http:\/\/wolfsreise.d-l-w.de\/index.php?rest_route=%2Fwp%2Fv2%2Fmedia&parent=3325"}],"wp:term":[{"taxonomy":"category","embeddable":true,"href":"http:\/\/wolfsreise.d-l-w.de\/index.php?rest_route=%2Fwp%2Fv2%2Fcategories&post=3325"},{"taxonomy":"post_tag","embeddable":true,"href":"http:\/\/wolfsreise.d-l-w.de\/index.php?rest_route=%2Fwp%2Fv2%2Ftags&post=3325"}],"curies":[{"name":"wp","href":"https:\/\/api.w.org\/{rel}","templated":true}]}}