{"id":3296,"date":"2024-08-19T21:58:58","date_gmt":"2024-08-19T19:58:58","guid":{"rendered":"http:\/\/wolfsreise.d-l-w.de\/?p=3296"},"modified":"2024-08-19T21:59:00","modified_gmt":"2024-08-19T19:59:00","slug":"norwegens-norden-am-sonntag","status":"publish","type":"post","link":"http:\/\/wolfsreise.d-l-w.de\/?p=3296","title":{"rendered":"Norwegens Norden am Sonntag"},"content":{"rendered":"\n<p>Wir sind in Namsos. Eines der wichtigsten Handelszentren des Tr\u00f8ndelag.<\/p>\n\n\n\n<p>An einem regnerischen Sonntag ist es selbst hier nicht einfach, einen Kaffee zu trinken. Das St\u00e4dtchen schl\u00e4ft, stellt sich mausetot ohne jeden Mucks. Und an einem Regentag wie dem heutigen &#8211; da schickt auch der windgegerbte, wasserdichte Norweger keinen Hund vor die T\u00fcr.&nbsp;<\/p>\n\n\n\n<p>Sogar das Freilichtmuseum von Namsos hat schon seit dem 5.8. die Pforten geschlossen. Sie konnten aber die alten Geb\u00e4ude der b\u00e4uerlichen Kultur nicht abbauen, die stehen weiter da, sehr verlassen, immer noch eindrucksvoll und frei zug\u00e4nglich.\u00a0<\/p>\n\n\n\n<figure class=\"wp-block-gallery has-nested-images columns-default is-cropped wp-block-gallery-1 is-layout-flex wp-block-gallery-is-layout-flex\">\n<figure class=\"wp-block-image size-large\"><img loading=\"lazy\" decoding=\"async\" width=\"1024\" height=\"768\" data-id=\"3298\" src=\"http:\/\/wolfsreise.d-l-w.de\/wp-content\/uploads\/2024\/08\/IMG_3103-1024x768.jpeg\" alt=\"\" class=\"wp-image-3298\" srcset=\"http:\/\/wolfsreise.d-l-w.de\/wp-content\/uploads\/2024\/08\/IMG_3103-1024x768.jpeg 1024w, http:\/\/wolfsreise.d-l-w.de\/wp-content\/uploads\/2024\/08\/IMG_3103-300x225.jpeg 300w, http:\/\/wolfsreise.d-l-w.de\/wp-content\/uploads\/2024\/08\/IMG_3103-150x113.jpeg 150w, http:\/\/wolfsreise.d-l-w.de\/wp-content\/uploads\/2024\/08\/IMG_3103-768x576.jpeg 768w, http:\/\/wolfsreise.d-l-w.de\/wp-content\/uploads\/2024\/08\/IMG_3103-1536x1152.jpeg 1536w, http:\/\/wolfsreise.d-l-w.de\/wp-content\/uploads\/2024\/08\/IMG_3103-2048x1536.jpeg 2048w\" sizes=\"(max-width: 767px) 89vw, (max-width: 1000px) 54vw, (max-width: 1071px) 543px, 580px\" \/><\/figure>\n\n\n\n<figure class=\"wp-block-image size-large\"><img loading=\"lazy\" decoding=\"async\" width=\"1024\" height=\"768\" data-id=\"3299\" src=\"http:\/\/wolfsreise.d-l-w.de\/wp-content\/uploads\/2024\/08\/IMG_3108-1024x768.jpeg\" alt=\"\" class=\"wp-image-3299\" srcset=\"http:\/\/wolfsreise.d-l-w.de\/wp-content\/uploads\/2024\/08\/IMG_3108-1024x768.jpeg 1024w, http:\/\/wolfsreise.d-l-w.de\/wp-content\/uploads\/2024\/08\/IMG_3108-300x225.jpeg 300w, http:\/\/wolfsreise.d-l-w.de\/wp-content\/uploads\/2024\/08\/IMG_3108-150x113.jpeg 150w, http:\/\/wolfsreise.d-l-w.de\/wp-content\/uploads\/2024\/08\/IMG_3108-768x576.jpeg 768w, http:\/\/wolfsreise.d-l-w.de\/wp-content\/uploads\/2024\/08\/IMG_3108-1536x1152.jpeg 1536w, http:\/\/wolfsreise.d-l-w.de\/wp-content\/uploads\/2024\/08\/IMG_3108-2048x1536.jpeg 2048w\" sizes=\"(max-width: 767px) 89vw, (max-width: 1000px) 54vw, (max-width: 1071px) 543px, 580px\" \/><\/figure>\n<\/figure>\n\n\n\n<figure class=\"wp-block-gallery has-nested-images columns-default is-cropped wp-block-gallery-2 is-layout-flex wp-block-gallery-is-layout-flex\">\n<figure class=\"wp-block-image size-large\"><img loading=\"lazy\" decoding=\"async\" width=\"768\" height=\"1024\" data-id=\"3302\" src=\"http:\/\/wolfsreise.d-l-w.de\/wp-content\/uploads\/2024\/08\/IMG_3110-768x1024.jpeg\" alt=\"\" class=\"wp-image-3302\" srcset=\"http:\/\/wolfsreise.d-l-w.de\/wp-content\/uploads\/2024\/08\/IMG_3110-768x1024.jpeg 768w, http:\/\/wolfsreise.d-l-w.de\/wp-content\/uploads\/2024\/08\/IMG_3110-225x300.jpeg 225w, http:\/\/wolfsreise.d-l-w.de\/wp-content\/uploads\/2024\/08\/IMG_3110-113x150.jpeg 113w, http:\/\/wolfsreise.d-l-w.de\/wp-content\/uploads\/2024\/08\/IMG_3110-1152x1536.jpeg 1152w, http:\/\/wolfsreise.d-l-w.de\/wp-content\/uploads\/2024\/08\/IMG_3110-1536x2048.jpeg 1536w, http:\/\/wolfsreise.d-l-w.de\/wp-content\/uploads\/2024\/08\/IMG_3110-scaled.jpeg 1920w\" sizes=\"(max-width: 767px) 89vw, (max-width: 1000px) 54vw, (max-width: 1071px) 543px, 580px\" \/><\/figure>\n\n\n\n<figure class=\"wp-block-image size-large\"><img loading=\"lazy\" decoding=\"async\" width=\"768\" height=\"1024\" data-id=\"3301\" src=\"http:\/\/wolfsreise.d-l-w.de\/wp-content\/uploads\/2024\/08\/IMG_3107-768x1024.jpeg\" alt=\"\" class=\"wp-image-3301\" srcset=\"http:\/\/wolfsreise.d-l-w.de\/wp-content\/uploads\/2024\/08\/IMG_3107-768x1024.jpeg 768w, http:\/\/wolfsreise.d-l-w.de\/wp-content\/uploads\/2024\/08\/IMG_3107-225x300.jpeg 225w, http:\/\/wolfsreise.d-l-w.de\/wp-content\/uploads\/2024\/08\/IMG_3107-113x150.jpeg 113w, http:\/\/wolfsreise.d-l-w.de\/wp-content\/uploads\/2024\/08\/IMG_3107-1152x1536.jpeg 1152w, http:\/\/wolfsreise.d-l-w.de\/wp-content\/uploads\/2024\/08\/IMG_3107-1536x2048.jpeg 1536w, http:\/\/wolfsreise.d-l-w.de\/wp-content\/uploads\/2024\/08\/IMG_3107-scaled.jpeg 1920w\" sizes=\"(max-width: 767px) 89vw, (max-width: 1000px) 54vw, (max-width: 1071px) 543px, 580px\" \/><\/figure>\n<\/figure>\n\n\n\n<p>Landschaft hingegen wird auf unserer weiteren Fahrt reichlich geboten: nackte Felsen, feuchte Hochmoore, kalte Seen und tiefgraue Fjorde. Das ist es, was den Norden pr\u00e4gt.<\/p>\n\n\n\n<figure class=\"wp-block-gallery has-nested-images columns-default is-cropped wp-block-gallery-3 is-layout-flex wp-block-gallery-is-layout-flex\">\n<figure class=\"wp-block-image size-large\"><img loading=\"lazy\" decoding=\"async\" width=\"1024\" height=\"768\" data-id=\"3304\" src=\"http:\/\/wolfsreise.d-l-w.de\/wp-content\/uploads\/2024\/08\/IMG_3145-1024x768.jpeg\" alt=\"\" class=\"wp-image-3304\" srcset=\"http:\/\/wolfsreise.d-l-w.de\/wp-content\/uploads\/2024\/08\/IMG_3145-1024x768.jpeg 1024w, http:\/\/wolfsreise.d-l-w.de\/wp-content\/uploads\/2024\/08\/IMG_3145-300x225.jpeg 300w, http:\/\/wolfsreise.d-l-w.de\/wp-content\/uploads\/2024\/08\/IMG_3145-150x113.jpeg 150w, http:\/\/wolfsreise.d-l-w.de\/wp-content\/uploads\/2024\/08\/IMG_3145-768x576.jpeg 768w, http:\/\/wolfsreise.d-l-w.de\/wp-content\/uploads\/2024\/08\/IMG_3145-1536x1152.jpeg 1536w, http:\/\/wolfsreise.d-l-w.de\/wp-content\/uploads\/2024\/08\/IMG_3145-2048x1536.jpeg 2048w\" sizes=\"(max-width: 767px) 89vw, (max-width: 1000px) 54vw, (max-width: 1071px) 543px, 580px\" \/><\/figure>\n\n\n\n<figure class=\"wp-block-image size-large\"><img loading=\"lazy\" decoding=\"async\" width=\"1024\" height=\"768\" data-id=\"3305\" src=\"http:\/\/wolfsreise.d-l-w.de\/wp-content\/uploads\/2024\/08\/IMG_3131-1024x768.jpeg\" alt=\"\" class=\"wp-image-3305\" srcset=\"http:\/\/wolfsreise.d-l-w.de\/wp-content\/uploads\/2024\/08\/IMG_3131-1024x768.jpeg 1024w, http:\/\/wolfsreise.d-l-w.de\/wp-content\/uploads\/2024\/08\/IMG_3131-300x225.jpeg 300w, http:\/\/wolfsreise.d-l-w.de\/wp-content\/uploads\/2024\/08\/IMG_3131-150x113.jpeg 150w, http:\/\/wolfsreise.d-l-w.de\/wp-content\/uploads\/2024\/08\/IMG_3131-768x576.jpeg 768w, http:\/\/wolfsreise.d-l-w.de\/wp-content\/uploads\/2024\/08\/IMG_3131-1536x1152.jpeg 1536w, http:\/\/wolfsreise.d-l-w.de\/wp-content\/uploads\/2024\/08\/IMG_3131-2048x1536.jpeg 2048w\" sizes=\"(max-width: 767px) 89vw, (max-width: 1000px) 54vw, (max-width: 1071px) 543px, 580px\" \/><\/figure>\n<\/figure>\n\n\n\n<p>Lediglich am F\u00e4hranleger erbarmt sich ein offenes Restaurant der Wartenden mit dem neuen Nationalgericht: Burger und Fritten. Na ja, nur noch wenn es sein muss.<\/p>\n\n\n\n<p>Erstaunlicherweise haben ein paar Superm\u00e4rkte ihren Laden auf, allerdings nur den Teil mit allt\u00e4glichem Bedarf, so dass wir doch tats\u00e4chlich Salat kaufen k\u00f6nnen und Wasser, das sich sp\u00e4ter als Zitronenlimo entpuppt. Lesen bildet, auch in Norway!<\/p>\n\n\n\n<p>Seit zwei N\u00e4chten lieben wir Campingpl\u00e4tze, die eine Gemeinschaftsk\u00fcche bieten, einen kleinen Aufenthaltsraum, der warm ist und wirklich hilfreich, da wir nicht drau\u00dfen im Regen kochen wollen. Heute sind wir sogar die einzigen, die diesen Service zu sch\u00e4tzen wissen. Denn wir sind die einzigen Camper ohne riesiges Schiff und bewohnen auch keine H\u00fctte. Unser kleines Womo steht vorn am Wasser, sturmumbraust.<\/p>\n\n\n\n<hr class=\"wp-block-separator has-alpha-channel-opacity\"\/>\n\n\n\n<h1 class=\"wp-block-heading\">Le nord de la Norv\u00e8ge le dimanche<\/h1>\n\n\n\n<p>Nous sommes \u00e0 Namsos. L&#8217;un des principaux centres commerciaux du Tr\u00f8ndelag.<br>M\u00eame ici, par un dimanche pluvieux, il n&#8217;est pas facile de prendre un caf\u00e9. La petite ville dort, fait semblant d&#8217;\u00eatre morte sans faire le moindre bruit. Et un jour de pluie comme aujourd&#8217;hui, m\u00eame le Norv\u00e9gien imperm\u00e9able et tann\u00e9 par le vent n&#8217;envoie pas son chien dehors.<\/p>\n\n\n\n<p>M\u00eame le mus\u00e9e en plein air de Namsos a ferm\u00e9 ses portes depuis le 5 ao\u00fbt. Mais ils n&#8217;ont pas pu d\u00e9monter les anciens b\u00e2timents de la culture paysanne, qui sont toujours l\u00e0, tr\u00e8s abandonn\u00e9s, toujours aussi impressionnants et librement accessibles.<\/p>\n\n\n\n<p>Le paysage, en revanche, est abondant sur la suite de notre voyage : des roches nues, des tourbi\u00e8res humides, des lacs froids et des fjords d&#8217;un gris profond. C&#8217;est ce qui caract\u00e9rise le nord.<br>Il n&#8217;y a qu&#8217;\u00e0 l&#8217;embarcad\u00e8re du ferry qu&#8217;un restaurant ouvert a piti\u00e9 de ceux qui attendent avec le nouveau plat national : des burgers et des frites. Enfin, seulement si c&#8217;est n\u00e9cessaire.<br>\u00c9tonnamment, quelques supermarch\u00e9s sont ouverts, mais seulement pour les besoins quotidiens, ce qui nous permet d&#8217;acheter de la salade et de l&#8217;eau, qui se r\u00e9v\u00e8le \u00eatre un soda au citron. La lecture forme, m\u00eame en Norv\u00e8ge !<\/p>\n\n\n\n<p>Depuis deux nuits, nous aimons les campings qui proposent une cuisine commune, un petit salon qui est chaud et vraiment utile, car nous ne voulons pas cuisiner dehors sous la pluie. Aujourd&#8217;hui, nous sommes m\u00eame les seuls \u00e0 appr\u00e9cier ce service. En effet, nous sommes les seuls campeurs \u00e0 ne pas avoir de bateau g\u00e9ant et nous n&#8217;habitons pas non plus de cabane. Notre petit camping-car est plac\u00e9 devant, au bord de l&#8217;eau, balay\u00e9 par la temp\u00eate.<\/p>\n","protected":false},"excerpt":{"rendered":"<p>Wir sind in Namsos. Eines der wichtigsten Handelszentren des Tr\u00f8ndelag. An einem regnerischen Sonntag ist es selbst hier nicht einfach, einen Kaffee zu trinken. Das St\u00e4dtchen schl\u00e4ft, stellt sich mausetot ohne jeden Mucks. Und an einem Regentag wie dem heutigen &#8211; da schickt auch der windgegerbte, wasserdichte Norweger keinen Hund vor die T\u00fcr.&nbsp; Sogar das &hellip; <\/p>\n<p class=\"link-more\"><a href=\"http:\/\/wolfsreise.d-l-w.de\/?p=3296\" class=\"more-link\"><span class=\"screen-reader-text\">\u201eNorwegens Norden am Sonntag\u201c<\/span> weiterlesen<\/a><\/p>\n","protected":false},"author":1,"featured_media":0,"comment_status":"open","ping_status":"open","sticky":false,"template":"","format":"standard","meta":{"footnotes":""},"categories":[13],"tags":[],"class_list":["post-3296","post","type-post","status-publish","format-standard","hentry","category-norwegen-2024"],"_links":{"self":[{"href":"http:\/\/wolfsreise.d-l-w.de\/index.php?rest_route=\/wp\/v2\/posts\/3296"}],"collection":[{"href":"http:\/\/wolfsreise.d-l-w.de\/index.php?rest_route=\/wp\/v2\/posts"}],"about":[{"href":"http:\/\/wolfsreise.d-l-w.de\/index.php?rest_route=\/wp\/v2\/types\/post"}],"author":[{"embeddable":true,"href":"http:\/\/wolfsreise.d-l-w.de\/index.php?rest_route=\/wp\/v2\/users\/1"}],"replies":[{"embeddable":true,"href":"http:\/\/wolfsreise.d-l-w.de\/index.php?rest_route=%2Fwp%2Fv2%2Fcomments&post=3296"}],"version-history":[{"count":4,"href":"http:\/\/wolfsreise.d-l-w.de\/index.php?rest_route=\/wp\/v2\/posts\/3296\/revisions"}],"predecessor-version":[{"id":3307,"href":"http:\/\/wolfsreise.d-l-w.de\/index.php?rest_route=\/wp\/v2\/posts\/3296\/revisions\/3307"}],"wp:attachment":[{"href":"http:\/\/wolfsreise.d-l-w.de\/index.php?rest_route=%2Fwp%2Fv2%2Fmedia&parent=3296"}],"wp:term":[{"taxonomy":"category","embeddable":true,"href":"http:\/\/wolfsreise.d-l-w.de\/index.php?rest_route=%2Fwp%2Fv2%2Fcategories&post=3296"},{"taxonomy":"post_tag","embeddable":true,"href":"http:\/\/wolfsreise.d-l-w.de\/index.php?rest_route=%2Fwp%2Fv2%2Ftags&post=3296"}],"curies":[{"name":"wp","href":"https:\/\/api.w.org\/{rel}","templated":true}]}}