{"id":3283,"date":"2024-08-19T21:10:52","date_gmt":"2024-08-19T19:10:52","guid":{"rendered":"http:\/\/wolfsreise.d-l-w.de\/?p=3283"},"modified":"2024-08-19T21:45:04","modified_gmt":"2024-08-19T19:45:04","slug":"was-die-nordnorwegerinnen-so-tragen","status":"publish","type":"post","link":"http:\/\/wolfsreise.d-l-w.de\/?p=3283","title":{"rendered":"Was die Nordnorweger*innen so tragen\u00a0"},"content":{"rendered":"\n<h3 class=\"wp-block-heading\">Schuhwerk im n\u00f6rdlichen Norwegen<\/h3>\n\n\n\n<p>Juni bis August: Gummischuhe, Gummistiefel, leichte Bergschuhe, keinesfalls Pumps, St\u00f6ckelschuhe, Wildlederstiefelletten.<\/p>\n\n\n\n<p>September bis Mai: schwere Bergstiefel, Schneeschuhe, Schlittschuhe, keinesfalls schicke Schuhe, nicht mal auf dem Tanzboden.<\/p>\n\n\n\n<p>Gibt es \u00fcberhaupt Schuhl\u00e4den?<br>Wann zeigt Frau einen schlanken Fu\u00df?<\/p>\n\n\n\n<h3 class=\"wp-block-heading\">Und die Bekleidung im n\u00f6rdlichen Norwegen?<\/h3>\n\n\n\n<p>Norweger Pullover, regen- und schneefeste Jacke und Hose \u2026 Kaschmir geht auch., M\u00fctze \u00fcber die Ohren, Schal um den Hals. Regenmantel ja, aber keinen Schirm. Zu viel Wind. <br>Keinesfalls: d\u00fcnne Seidenfummel! Schade ums Geld.<\/p>\n\n\n\n<hr class=\"wp-block-separator has-alpha-channel-opacity\"\/>\n\n\n\n<h1 class=\"wp-block-heading\">Ce que portent les Norv\u00e9giens du Nord\u00a0<\/h1>\n\n\n\n<h3 class=\"wp-block-heading\">Chaussures dans le nord de la Norv\u00e8ge<\/h3>\n\n\n\n<p>Juin \u00e0 ao\u00fbt : chaussures en caoutchouc, bottes en caoutchouc, chaussures de montagne l\u00e9g\u00e8res, en aucun cas des escarpins, des talons aiguilles, des bottines en daim.<\/p>\n\n\n\n<p>De septembre \u00e0 mai : bottes de montagne lourdes, raquettes \u00e0 neige, patins \u00e0 glace, en aucun cas des chaussures chics, m\u00eame pas sur la piste de danse.<\/p>\n\n\n\n<p>Y a-t-il au moins des magasins de chaussures ?<br>Quand une femme montre-t-elle un pied fin ?<\/p>\n\n\n\n<h3 class=\"wp-block-heading\">Et l&#8217;habillement dans le nord de la Norv\u00e8ge ?<\/h3>\n\n\n\n<p>Pull norv\u00e9gien, veste et pantalon imperm\u00e9ables \u00e0 la pluie et \u00e0 la neige &#8230; le cachemire convient aussi, bonnet sur les oreilles, \u00e9charpe autour du cou. Un imperm\u00e9able oui, mais pas de parapluie. Trop de vent.<\/p>\n\n\n\n<p>En aucun cas : de minces v\u00eatements en soie ! Dommage pour l&#8217;argent.<\/p>\n","protected":false},"excerpt":{"rendered":"<p>Schuhwerk im n\u00f6rdlichen Norwegen Juni bis August: Gummischuhe, Gummistiefel, leichte Bergschuhe, keinesfalls Pumps, St\u00f6ckelschuhe, Wildlederstiefelletten. September bis Mai: schwere Bergstiefel, Schneeschuhe, Schlittschuhe, keinesfalls schicke Schuhe, nicht mal auf dem Tanzboden. Gibt es \u00fcberhaupt Schuhl\u00e4den?Wann zeigt Frau einen schlanken Fu\u00df? Und die Bekleidung im n\u00f6rdlichen Norwegen? Norweger Pullover, regen- und schneefeste Jacke und Hose \u2026 Kaschmir &hellip; <\/p>\n<p class=\"link-more\"><a href=\"http:\/\/wolfsreise.d-l-w.de\/?p=3283\" class=\"more-link\"><span class=\"screen-reader-text\">\u201eWas die Nordnorweger*innen so tragen\u00a0\u201c<\/span> weiterlesen<\/a><\/p>\n","protected":false},"author":1,"featured_media":0,"comment_status":"open","ping_status":"open","sticky":false,"template":"","format":"standard","meta":{"footnotes":""},"categories":[13],"tags":[],"class_list":["post-3283","post","type-post","status-publish","format-standard","hentry","category-norwegen-2024"],"_links":{"self":[{"href":"http:\/\/wolfsreise.d-l-w.de\/index.php?rest_route=\/wp\/v2\/posts\/3283"}],"collection":[{"href":"http:\/\/wolfsreise.d-l-w.de\/index.php?rest_route=\/wp\/v2\/posts"}],"about":[{"href":"http:\/\/wolfsreise.d-l-w.de\/index.php?rest_route=\/wp\/v2\/types\/post"}],"author":[{"embeddable":true,"href":"http:\/\/wolfsreise.d-l-w.de\/index.php?rest_route=\/wp\/v2\/users\/1"}],"replies":[{"embeddable":true,"href":"http:\/\/wolfsreise.d-l-w.de\/index.php?rest_route=%2Fwp%2Fv2%2Fcomments&post=3283"}],"version-history":[{"count":3,"href":"http:\/\/wolfsreise.d-l-w.de\/index.php?rest_route=\/wp\/v2\/posts\/3283\/revisions"}],"predecessor-version":[{"id":3295,"href":"http:\/\/wolfsreise.d-l-w.de\/index.php?rest_route=\/wp\/v2\/posts\/3283\/revisions\/3295"}],"wp:attachment":[{"href":"http:\/\/wolfsreise.d-l-w.de\/index.php?rest_route=%2Fwp%2Fv2%2Fmedia&parent=3283"}],"wp:term":[{"taxonomy":"category","embeddable":true,"href":"http:\/\/wolfsreise.d-l-w.de\/index.php?rest_route=%2Fwp%2Fv2%2Fcategories&post=3283"},{"taxonomy":"post_tag","embeddable":true,"href":"http:\/\/wolfsreise.d-l-w.de\/index.php?rest_route=%2Fwp%2Fv2%2Ftags&post=3283"}],"curies":[{"name":"wp","href":"https:\/\/api.w.org\/{rel}","templated":true}]}}