{"id":3271,"date":"2024-08-18T22:41:47","date_gmt":"2024-08-18T20:41:47","guid":{"rendered":"http:\/\/wolfsreise.d-l-w.de\/?p=3271"},"modified":"2024-08-19T21:40:40","modified_gmt":"2024-08-19T19:40:40","slug":"norwegen-im-herbst","status":"publish","type":"post","link":"http:\/\/wolfsreise.d-l-w.de\/?p=3271","title":{"rendered":"Norwegen im Herbst"},"content":{"rendered":"\n<p>Was wir nicht wussten: In dieser Gegend von Norwegen h\u00f6rt der Sommer Anfang August auf. Museen und Restaurants schlie\u00dfen oder verk\u00fcrzen die \u00d6ffnungszeiten. Zeltpl\u00e4tze machen zu oder sind leer und der Platz wird \u00fcber das Telefon gebucht.<\/p>\n\n\n\n<p>Und das Wetter verh\u00e4lt sich auch so. \u00dcberall Wasser: von unten und oben und in der Umgebung. Abwechselnd Moort\u00fcmpel, Senken, kleine und gro\u00dfe Seen, verbunden mit den Fjorden.<br>Farben: in erster Linie grau, hellgrau, dunkelgrau, blaugrau, lichtes grau gelegentlich, tieftraurig \u00fcberwiegend. Wo bleiben blau und  gelb?<br>Das Wasser von oben bleibt noch eine Weile und Sturm kommt auf: H\u00fcttenzeit!<\/p>\n\n\n\n<p>Das Beste am Campen: die warmen R\u00e4um! Es sind die Duschen und Toiletten, denn die sind immer beheizt und das Wasser ist sch\u00f6n warm. Oft gibt es auch eine K\u00fcche mit Sitzecke. Wunderbar, wenn es regnet und st\u00fcrmt. <\/p>\n\n\n\n<figure class=\"wp-block-image size-large\"><img loading=\"lazy\" decoding=\"async\" width=\"1024\" height=\"768\" src=\"http:\/\/wolfsreise.d-l-w.de\/wp-content\/uploads\/2024\/08\/IMG_3130-1024x768.jpeg\" alt=\"\" class=\"wp-image-3290\" srcset=\"http:\/\/wolfsreise.d-l-w.de\/wp-content\/uploads\/2024\/08\/IMG_3130-1024x768.jpeg 1024w, http:\/\/wolfsreise.d-l-w.de\/wp-content\/uploads\/2024\/08\/IMG_3130-300x225.jpeg 300w, http:\/\/wolfsreise.d-l-w.de\/wp-content\/uploads\/2024\/08\/IMG_3130-150x113.jpeg 150w, http:\/\/wolfsreise.d-l-w.de\/wp-content\/uploads\/2024\/08\/IMG_3130-768x576.jpeg 768w, http:\/\/wolfsreise.d-l-w.de\/wp-content\/uploads\/2024\/08\/IMG_3130-1536x1152.jpeg 1536w, http:\/\/wolfsreise.d-l-w.de\/wp-content\/uploads\/2024\/08\/IMG_3130-2048x1536.jpeg 2048w\" sizes=\"(max-width: 767px) 89vw, (max-width: 1000px) 54vw, (max-width: 1071px) 543px, 580px\" \/><\/figure>\n\n\n\n<p>Und au\u00dferdem: der Badeanzug kann in die Altkleidersammlung, noch kein einziges Mal gebadet und das beheizte Schwimmbad von Namsos hat bis 2025 geschlossen.<\/p>\n\n\n\n<p>Ein Rat f\u00fcr alle Nordlandfahrer*innen: Juni = ja, Juli = ja, August = Schluss aus am 5.8. mit Ferienende!<\/p>\n\n\n\n<hr class=\"wp-block-separator has-alpha-channel-opacity\"\/>\n\n\n\n<h1 class=\"wp-block-heading\">La Norv\u00e8ge en automne<\/h1>\n\n\n\n<p>Ce que nous ne savions pas : Dans cette r\u00e9gion de Norv\u00e8ge, l&#8217;\u00e9t\u00e9 s&#8217;arr\u00eate d\u00e9but ao\u00fbt. Les mus\u00e9es et les restaurants ferment ou r\u00e9duisent leurs horaires d&#8217;ouverture. Les campings ferment ou sont vides et l&#8217;emplacement se r\u00e9serve par t\u00e9l\u00e9phone.<\/p>\n\n\n\n<p>Et le temps se comporte de la m\u00eame mani\u00e8re. De l&#8217;eau partout : par le bas, par le haut et dans les environs. Tour \u00e0 tour des mares de tourbi\u00e8res, des d\u00e9pressions, des petits et grands lacs, reli\u00e9s aux fjords.<br>Couleurs : en premier lieu gris, gris clair, gris fonc\u00e9, bleu-gris, gris clair de temps en temps, profond\u00e9ment triste en majorit\u00e9. O\u00f9 sont le bleu et le jaune ?<br>L&#8217;eau d&#8217;en haut reste encore un moment et la temp\u00eate se l\u00e8ve : C&#8217;est l&#8217;heure de la cabane !<\/p>\n\n\n\n<p>Le meilleur du camping : les locaux chauds ! Ce sont les douches et les toilettes, car elles sont toujours chauff\u00e9es et l&#8217;eau est bien chaude. Souvent, il y a aussi une cuisine avec un coin salon. C&#8217;est merveilleux quand il pleut et qu&#8217;il y a de l&#8217;orage.<\/p>\n\n\n\n<p>Et en plus : le maillot de bain peut aller \u00e0 la collecte des vieux v\u00eatements, pas encore pris un seul bain et la piscine chauff\u00e9e de Namsos a ferm\u00e9 jusqu&#8217;en 2025.<\/p>\n\n\n\n<p>Un conseil pour tous les voyageurs du Nord : juin = oui, juillet = oui, ao\u00fbt = termin\u00e9 le 5.8 avec la fin des vacances !<\/p>\n","protected":false},"excerpt":{"rendered":"<p>Was wir nicht wussten: In dieser Gegend von Norwegen h\u00f6rt der Sommer Anfang August auf. Museen und Restaurants schlie\u00dfen oder verk\u00fcrzen die \u00d6ffnungszeiten. Zeltpl\u00e4tze machen zu oder sind leer und der Platz wird \u00fcber das Telefon gebucht. Und das Wetter verh\u00e4lt sich auch so. \u00dcberall Wasser: von unten und oben und in der Umgebung. Abwechselnd &hellip; <\/p>\n<p class=\"link-more\"><a href=\"http:\/\/wolfsreise.d-l-w.de\/?p=3271\" class=\"more-link\"><span class=\"screen-reader-text\">\u201eNorwegen im Herbst\u201c<\/span> weiterlesen<\/a><\/p>\n","protected":false},"author":1,"featured_media":0,"comment_status":"open","ping_status":"open","sticky":false,"template":"","format":"standard","meta":{"footnotes":""},"categories":[13],"tags":[],"class_list":["post-3271","post","type-post","status-publish","format-standard","hentry","category-norwegen-2024"],"_links":{"self":[{"href":"http:\/\/wolfsreise.d-l-w.de\/index.php?rest_route=\/wp\/v2\/posts\/3271"}],"collection":[{"href":"http:\/\/wolfsreise.d-l-w.de\/index.php?rest_route=\/wp\/v2\/posts"}],"about":[{"href":"http:\/\/wolfsreise.d-l-w.de\/index.php?rest_route=\/wp\/v2\/types\/post"}],"author":[{"embeddable":true,"href":"http:\/\/wolfsreise.d-l-w.de\/index.php?rest_route=\/wp\/v2\/users\/1"}],"replies":[{"embeddable":true,"href":"http:\/\/wolfsreise.d-l-w.de\/index.php?rest_route=%2Fwp%2Fv2%2Fcomments&post=3271"}],"version-history":[{"count":11,"href":"http:\/\/wolfsreise.d-l-w.de\/index.php?rest_route=\/wp\/v2\/posts\/3271\/revisions"}],"predecessor-version":[{"id":3292,"href":"http:\/\/wolfsreise.d-l-w.de\/index.php?rest_route=\/wp\/v2\/posts\/3271\/revisions\/3292"}],"wp:attachment":[{"href":"http:\/\/wolfsreise.d-l-w.de\/index.php?rest_route=%2Fwp%2Fv2%2Fmedia&parent=3271"}],"wp:term":[{"taxonomy":"category","embeddable":true,"href":"http:\/\/wolfsreise.d-l-w.de\/index.php?rest_route=%2Fwp%2Fv2%2Fcategories&post=3271"},{"taxonomy":"post_tag","embeddable":true,"href":"http:\/\/wolfsreise.d-l-w.de\/index.php?rest_route=%2Fwp%2Fv2%2Ftags&post=3271"}],"curies":[{"name":"wp","href":"https:\/\/api.w.org\/{rel}","templated":true}]}}