{"id":3243,"date":"2024-08-18T18:13:11","date_gmt":"2024-08-18T16:13:11","guid":{"rendered":"http:\/\/wolfsreise.d-l-w.de\/?p=3243"},"modified":"2024-08-18T22:30:00","modified_gmt":"2024-08-18T20:30:00","slug":"am-tag-danach","status":"publish","type":"post","link":"http:\/\/wolfsreise.d-l-w.de\/?p=3243","title":{"rendered":"Am Tag danach (Samstag)"},"content":{"rendered":"\n<p>10:49 &#8211; 2 neue Reifen unbekannter Marke auf den Felgen und etliche Kronen weniger.<\/p>\n\n\n\n<p>Der Regen am Morgen hat sich verzogen und wir gehen frohgemut fr\u00fchst\u00fccken: endlich. Das reicht dann f\u00fcr mich bis zum Abend, die dicke Lachs-Eier -Stulle mit Cappuccino.<\/p>\n\n\n\n<p>Nach einem fast nur sonnigen Tag starten wir nach Norden, nachdem wir die Orgel des Doms geh\u00f6rt und mit Herrn Pastor meditiert haben, die Holzh\u00e4user von Trondheim gesehen, einen echten Espresso italiano genossen (mit voller Sonne) und das Museum, das ich wegen der Architektur sehen wollte, verfehlt haben.&nbsp;<\/p>\n\n\n\n<figure class=\"wp-block-gallery has-nested-images columns-default is-cropped wp-block-gallery-1 is-layout-flex wp-block-gallery-is-layout-flex\">\n<figure class=\"wp-block-image size-large\"><img loading=\"lazy\" decoding=\"async\" width=\"1024\" height=\"768\" data-id=\"3245\" src=\"http:\/\/wolfsreise.d-l-w.de\/wp-content\/uploads\/2024\/08\/IMG_3075-1024x768.jpeg\" alt=\"\" class=\"wp-image-3245\" srcset=\"http:\/\/wolfsreise.d-l-w.de\/wp-content\/uploads\/2024\/08\/IMG_3075-1024x768.jpeg 1024w, http:\/\/wolfsreise.d-l-w.de\/wp-content\/uploads\/2024\/08\/IMG_3075-300x225.jpeg 300w, http:\/\/wolfsreise.d-l-w.de\/wp-content\/uploads\/2024\/08\/IMG_3075-150x113.jpeg 150w, http:\/\/wolfsreise.d-l-w.de\/wp-content\/uploads\/2024\/08\/IMG_3075-768x576.jpeg 768w, http:\/\/wolfsreise.d-l-w.de\/wp-content\/uploads\/2024\/08\/IMG_3075-1536x1152.jpeg 1536w, http:\/\/wolfsreise.d-l-w.de\/wp-content\/uploads\/2024\/08\/IMG_3075-2048x1536.jpeg 2048w\" sizes=\"(max-width: 767px) 89vw, (max-width: 1000px) 54vw, (max-width: 1071px) 543px, 580px\" \/><\/figure>\n\n\n\n<figure class=\"wp-block-image size-large\"><img loading=\"lazy\" decoding=\"async\" width=\"1024\" height=\"768\" data-id=\"3246\" src=\"http:\/\/wolfsreise.d-l-w.de\/wp-content\/uploads\/2024\/08\/IMG_3125-1024x768.jpeg\" alt=\"\" class=\"wp-image-3246\" srcset=\"http:\/\/wolfsreise.d-l-w.de\/wp-content\/uploads\/2024\/08\/IMG_3125-1024x768.jpeg 1024w, http:\/\/wolfsreise.d-l-w.de\/wp-content\/uploads\/2024\/08\/IMG_3125-300x225.jpeg 300w, http:\/\/wolfsreise.d-l-w.de\/wp-content\/uploads\/2024\/08\/IMG_3125-150x113.jpeg 150w, http:\/\/wolfsreise.d-l-w.de\/wp-content\/uploads\/2024\/08\/IMG_3125-768x576.jpeg 768w, http:\/\/wolfsreise.d-l-w.de\/wp-content\/uploads\/2024\/08\/IMG_3125-1536x1152.jpeg 1536w, http:\/\/wolfsreise.d-l-w.de\/wp-content\/uploads\/2024\/08\/IMG_3125-2048x1536.jpeg 2048w\" sizes=\"(max-width: 767px) 89vw, (max-width: 1000px) 54vw, (max-width: 1071px) 543px, 580px\" \/><\/figure>\n<\/figure>\n\n\n\n<figure class=\"wp-block-gallery has-nested-images columns-default is-cropped wp-block-gallery-2 is-layout-flex wp-block-gallery-is-layout-flex\">\n<figure class=\"wp-block-image size-large\"><img loading=\"lazy\" decoding=\"async\" width=\"1024\" height=\"768\" data-id=\"3248\" src=\"http:\/\/wolfsreise.d-l-w.de\/wp-content\/uploads\/2024\/08\/IMG_3083-1024x768.jpeg\" alt=\"\" class=\"wp-image-3248\" srcset=\"http:\/\/wolfsreise.d-l-w.de\/wp-content\/uploads\/2024\/08\/IMG_3083-1024x768.jpeg 1024w, http:\/\/wolfsreise.d-l-w.de\/wp-content\/uploads\/2024\/08\/IMG_3083-300x225.jpeg 300w, http:\/\/wolfsreise.d-l-w.de\/wp-content\/uploads\/2024\/08\/IMG_3083-150x113.jpeg 150w, http:\/\/wolfsreise.d-l-w.de\/wp-content\/uploads\/2024\/08\/IMG_3083-768x576.jpeg 768w, http:\/\/wolfsreise.d-l-w.de\/wp-content\/uploads\/2024\/08\/IMG_3083-1536x1152.jpeg 1536w, http:\/\/wolfsreise.d-l-w.de\/wp-content\/uploads\/2024\/08\/IMG_3083-2048x1536.jpeg 2048w\" sizes=\"(max-width: 767px) 89vw, (max-width: 1000px) 54vw, (max-width: 1071px) 543px, 580px\" \/><\/figure>\n\n\n\n<figure class=\"wp-block-image size-large\"><img loading=\"lazy\" decoding=\"async\" width=\"1024\" height=\"768\" data-id=\"3247\" src=\"http:\/\/wolfsreise.d-l-w.de\/wp-content\/uploads\/2024\/08\/IMG_3085-1024x768.jpeg\" alt=\"\" class=\"wp-image-3247\" srcset=\"http:\/\/wolfsreise.d-l-w.de\/wp-content\/uploads\/2024\/08\/IMG_3085-1024x768.jpeg 1024w, http:\/\/wolfsreise.d-l-w.de\/wp-content\/uploads\/2024\/08\/IMG_3085-300x225.jpeg 300w, http:\/\/wolfsreise.d-l-w.de\/wp-content\/uploads\/2024\/08\/IMG_3085-150x113.jpeg 150w, http:\/\/wolfsreise.d-l-w.de\/wp-content\/uploads\/2024\/08\/IMG_3085-768x576.jpeg 768w, http:\/\/wolfsreise.d-l-w.de\/wp-content\/uploads\/2024\/08\/IMG_3085-1536x1152.jpeg 1536w, http:\/\/wolfsreise.d-l-w.de\/wp-content\/uploads\/2024\/08\/IMG_3085-2048x1536.jpeg 2048w\" sizes=\"(max-width: 767px) 89vw, (max-width: 1000px) 54vw, (max-width: 1071px) 543px, 580px\" \/><\/figure>\n<\/figure>\n\n\n\n<p>Auf in die nicht zu vermeidende Regenfront \u2026&nbsp;<\/p>\n\n\n\n<p>Und was es noch zu wissen gibt:<\/p>\n\n\n\n<p><em>Das Normale: <\/em>Renteneintritt mit 67 Jahren bei vollen Bez\u00fcgen (in der Regel). Ab 62 ist es m\u00f6glich, jedoch mit Abschl\u00e4gen, wenn man oder frau nicht schon 40 Jahre Mitglied in der Sozialversicherung war.<\/p>\n\n\n\n<p><em>Das Notwendige:<\/em> Zimt muss rein! Fast in jedes Geb\u00e4ck.<\/p>\n\n\n\n<p><em>Das Erstaunliche:<\/em> Fast jede Wohnung, ob neu oder alt, verf\u00fcgt \u00fcber einen eigenen Balkon. Das schafft einen individuellen \u201eFreiraum\u201c mit eigenem Flair. Wichtiger Wohlf\u00fchlraum, sagt Lars.<\/p>\n\n\n\n<p><em>Das Selbstverst\u00e4ndliche: <\/em>eine Angel geh\u00f6rt ins Gep\u00e4ck und der \u201eEngangsgrill\u201c.&nbsp;&nbsp;F\u00fcr dessen Reste gibts im Park sogar feuerfeste M\u00fclltonnen.<\/p>\n\n\n\n<p>Abends: Erst der 2. Campingplatz gef\u00e4llt uns. Wieder lange, fast viel zu lange gefahren, zockel, zockel von Baustelle zu Baustelle in einem Inferno von Granitschotter und Basalt. Es ist ein felsiges Land, dieses Norwegen und wird, je weiter wir nach Norden fahren, immer rauher. Genauso wie wir es wollten. Nur mehr Sonne und mehr warm, bitte, bitte!<\/p>\n\n\n\n<hr class=\"wp-block-separator has-alpha-channel-opacity\"\/>\n\n\n\n<h1 class=\"wp-block-heading\">Le jour d&#8217;apr\u00e8s (samedi)<\/h1>\n\n\n\n<p>10h49 &#8211; 2 nouveaux pneus de marque inconnue sur les jantes et plusieurs couronnes en moins.<br>La pluie du matin s&#8217;est dissip\u00e9e et nous allons prendre le petit d\u00e9jeuner de bonne humeur : enfin. Cela suffit pour moi jusqu&#8217;au soir, l&#8217;omelette au saumon avec un cappuccino.<br>Apr\u00e8s une journ\u00e9e presque enti\u00e8rement ensoleill\u00e9e, nous partons vers le nord apr\u00e8s avoir \u00e9cout\u00e9 l&#8217;orgue de la cath\u00e9drale et, bien entendu, m\u00e9dit\u00e9 avec Monsieur le Pasteur, vu les maisons en bois de Trondheim, savour\u00e9 un v\u00e9ritable espresso italiano (en plein soleil) et rat\u00e9 le mus\u00e9e que je voulais voir pour son architecture.<br>En route pour l&#8217;in\u00e9vitable front de pluie \u2026<\/p>\n\n\n\n<p>Et ce qu&#8217;il faut encore savoir :<br><br>La normale : D\u00e9part \u00e0 la retraite \u00e0 67 ans avec un salaire complet (en r\u00e8gle g\u00e9n\u00e9rale). C&#8217;est possible \u00e0 partir de 62 ans, mais avec des r\u00e9ductions si l&#8217;on ou la femme n&#8217;a pas d\u00e9j\u00e0 \u00e9t\u00e9 affili\u00e9(e) \u00e0 la s\u00e9curit\u00e9 sociale pendant 40 ans.<br><br>Le n\u00e9cessaire : il faut mettre de la cannelle ! Presque dans toutes les p\u00e2tisseries.<br>Ce qui est surprenant : Presque chaque appartement, qu&#8217;il soit neuf ou ancien, dispose de son propre balcon. Cela cr\u00e9e un &#8222;espace libre&#8220; individuel avec un flair propre. Un espace de bien-\u00eatre important, selon Lars.<br><br>L&#8217;\u00e9vidence : une canne \u00e0 p\u00eache et un &#8222;barbecue en couloir&#8220; font partie des bagages. Pour les restes, il y a m\u00eame des poubelles ignifug\u00e9es dans le parc.<\/p>\n\n\n\n<p>Le soir : seul le deuxi\u00e8me camping nous pla\u00eet. Encore une fois, nous roulons longtemps, presque trop longtemps, zigzaguant de chantier en chantier dans un enfer de gravier granitique et de basalte. C&#8217;est un pays rocheux, cette Norv\u00e8ge, et plus nous allons vers le nord, plus il devient rude. Exactement comme nous le voulions. Juste plus de soleil et plus de chaleur, s&#8217;il vous pla\u00eet, s&#8217;il vous pla\u00eet !<\/p>\n","protected":false},"excerpt":{"rendered":"<p>10:49 &#8211; 2 neue Reifen unbekannter Marke auf den Felgen und etliche Kronen weniger. Der Regen am Morgen hat sich verzogen und wir gehen frohgemut fr\u00fchst\u00fccken: endlich. Das reicht dann f\u00fcr mich bis zum Abend, die dicke Lachs-Eier -Stulle mit Cappuccino. Nach einem fast nur sonnigen Tag starten wir nach Norden, nachdem wir die Orgel &hellip; <\/p>\n<p class=\"link-more\"><a href=\"http:\/\/wolfsreise.d-l-w.de\/?p=3243\" class=\"more-link\"><span class=\"screen-reader-text\">\u201eAm Tag danach (Samstag)\u201c<\/span> weiterlesen<\/a><\/p>\n","protected":false},"author":1,"featured_media":0,"comment_status":"open","ping_status":"open","sticky":false,"template":"","format":"standard","meta":{"footnotes":""},"categories":[13],"tags":[],"class_list":["post-3243","post","type-post","status-publish","format-standard","hentry","category-norwegen-2024"],"_links":{"self":[{"href":"http:\/\/wolfsreise.d-l-w.de\/index.php?rest_route=\/wp\/v2\/posts\/3243"}],"collection":[{"href":"http:\/\/wolfsreise.d-l-w.de\/index.php?rest_route=\/wp\/v2\/posts"}],"about":[{"href":"http:\/\/wolfsreise.d-l-w.de\/index.php?rest_route=\/wp\/v2\/types\/post"}],"author":[{"embeddable":true,"href":"http:\/\/wolfsreise.d-l-w.de\/index.php?rest_route=\/wp\/v2\/users\/1"}],"replies":[{"embeddable":true,"href":"http:\/\/wolfsreise.d-l-w.de\/index.php?rest_route=%2Fwp%2Fv2%2Fcomments&post=3243"}],"version-history":[{"count":6,"href":"http:\/\/wolfsreise.d-l-w.de\/index.php?rest_route=\/wp\/v2\/posts\/3243\/revisions"}],"predecessor-version":[{"id":3270,"href":"http:\/\/wolfsreise.d-l-w.de\/index.php?rest_route=\/wp\/v2\/posts\/3243\/revisions\/3270"}],"wp:attachment":[{"href":"http:\/\/wolfsreise.d-l-w.de\/index.php?rest_route=%2Fwp%2Fv2%2Fmedia&parent=3243"}],"wp:term":[{"taxonomy":"category","embeddable":true,"href":"http:\/\/wolfsreise.d-l-w.de\/index.php?rest_route=%2Fwp%2Fv2%2Fcategories&post=3243"},{"taxonomy":"post_tag","embeddable":true,"href":"http:\/\/wolfsreise.d-l-w.de\/index.php?rest_route=%2Fwp%2Fv2%2Ftags&post=3243"}],"curies":[{"name":"wp","href":"https:\/\/api.w.org\/{rel}","templated":true}]}}