{"id":3209,"date":"2024-08-16T21:40:46","date_gmt":"2024-08-16T19:40:46","guid":{"rendered":"http:\/\/wolfsreise.d-l-w.de\/?p=3209"},"modified":"2024-08-18T21:31:11","modified_gmt":"2024-08-18T19:31:11","slug":"tag-3-kurz-und-knapp-vulkan-ohne-ausbruch-aber-mit-deco","status":"publish","type":"post","link":"http:\/\/wolfsreise.d-l-w.de\/?p=3209","title":{"rendered":"Tag 4: kurz und knapp &#8211; Vulkan ohne Ausbruch, aber mit Deco"},"content":{"rendered":"\n<p>Unser erster Tag bei Conni und Paul und Ella und Adam, den Enkeln aus Detmold.<\/p>\n\n\n\n<p>Erst mal einkaufen f\u00fcr den Kuchen. Im Rena 1000, dem Supermarkt um die Ecke.<\/p>\n\n\n\n<figure class=\"wp-block-image size-large\"><img loading=\"lazy\" decoding=\"async\" width=\"1024\" height=\"768\" src=\"http:\/\/wolfsreise.d-l-w.de\/wp-content\/uploads\/2024\/08\/IMG_3008-1024x768.jpeg\" alt=\"\" class=\"wp-image-3229\" srcset=\"http:\/\/wolfsreise.d-l-w.de\/wp-content\/uploads\/2024\/08\/IMG_3008-1024x768.jpeg 1024w, http:\/\/wolfsreise.d-l-w.de\/wp-content\/uploads\/2024\/08\/IMG_3008-300x225.jpeg 300w, http:\/\/wolfsreise.d-l-w.de\/wp-content\/uploads\/2024\/08\/IMG_3008-150x113.jpeg 150w, http:\/\/wolfsreise.d-l-w.de\/wp-content\/uploads\/2024\/08\/IMG_3008-768x576.jpeg 768w, http:\/\/wolfsreise.d-l-w.de\/wp-content\/uploads\/2024\/08\/IMG_3008-1536x1152.jpeg 1536w, http:\/\/wolfsreise.d-l-w.de\/wp-content\/uploads\/2024\/08\/IMG_3008-2048x1536.jpeg 2048w\" sizes=\"(max-width: 767px) 89vw, (max-width: 1000px) 54vw, (max-width: 1071px) 543px, 580px\" \/><figcaption class=\"wp-element-caption\">Ein Kinderspiel: das ABC lernen mit den Gew\u00fcrzen der K\u00fcche, ein neues Puzzle.<\/figcaption><\/figure>\n\n\n\n<p>Die gute Tat: M\u00f6hrenkuchen backen f\u00fcr Jonas, der heute 10 geworden ist, mit selbst gekneteten Marzipanm\u00f6hren. Aufgepasst, dass die kleinen Leckerm\u00e4uler nicht alle schon vorher weggenascht haben. Und vor allem Silberperlen streuen, denn irgendwie schneit es in Norge doch immer.<\/p>\n\n\n\n<figure class=\"wp-block-image size-large\"><img loading=\"lazy\" decoding=\"async\" width=\"1024\" height=\"799\" src=\"http:\/\/wolfsreise.d-l-w.de\/wp-content\/uploads\/2024\/08\/IMG_3096-1024x799.jpeg\" alt=\"\" class=\"wp-image-3214\" srcset=\"http:\/\/wolfsreise.d-l-w.de\/wp-content\/uploads\/2024\/08\/IMG_3096-1024x799.jpeg 1024w, http:\/\/wolfsreise.d-l-w.de\/wp-content\/uploads\/2024\/08\/IMG_3096-300x234.jpeg 300w, http:\/\/wolfsreise.d-l-w.de\/wp-content\/uploads\/2024\/08\/IMG_3096-150x117.jpeg 150w, http:\/\/wolfsreise.d-l-w.de\/wp-content\/uploads\/2024\/08\/IMG_3096-768x599.jpeg 768w, http:\/\/wolfsreise.d-l-w.de\/wp-content\/uploads\/2024\/08\/IMG_3096-1536x1198.jpeg 1536w, http:\/\/wolfsreise.d-l-w.de\/wp-content\/uploads\/2024\/08\/IMG_3096-2048x1597.jpeg 2048w\" sizes=\"(max-width: 767px) 89vw, (max-width: 1000px) 54vw, (max-width: 1071px) 543px, 580px\" \/><\/figure>\n\n\n\n<p>Vulkan in Oslo: das alte Industrie- und Arbeiterviertel ist jetzt zum Ausgehen- und Kunst-Kulturzentrum \u201cgentrifiziert\u201d. Ein Stadtspaziergang der anderen Art, bis der Regen kommt.<\/p>\n\n\n\n<figure class=\"wp-block-gallery has-nested-images columns-default is-cropped wp-block-gallery-1 is-layout-flex wp-block-gallery-is-layout-flex\">\n<figure class=\"wp-block-image size-large\"><img loading=\"lazy\" decoding=\"async\" width=\"768\" height=\"1024\" data-id=\"3218\" src=\"http:\/\/wolfsreise.d-l-w.de\/wp-content\/uploads\/2024\/08\/IMG_3017-768x1024.jpeg\" alt=\"\" class=\"wp-image-3218\" srcset=\"http:\/\/wolfsreise.d-l-w.de\/wp-content\/uploads\/2024\/08\/IMG_3017-768x1024.jpeg 768w, http:\/\/wolfsreise.d-l-w.de\/wp-content\/uploads\/2024\/08\/IMG_3017-225x300.jpeg 225w, http:\/\/wolfsreise.d-l-w.de\/wp-content\/uploads\/2024\/08\/IMG_3017-113x150.jpeg 113w, http:\/\/wolfsreise.d-l-w.de\/wp-content\/uploads\/2024\/08\/IMG_3017-1152x1536.jpeg 1152w, http:\/\/wolfsreise.d-l-w.de\/wp-content\/uploads\/2024\/08\/IMG_3017-1536x2048.jpeg 1536w, http:\/\/wolfsreise.d-l-w.de\/wp-content\/uploads\/2024\/08\/IMG_3017-scaled.jpeg 1920w\" sizes=\"(max-width: 767px) 89vw, (max-width: 1000px) 54vw, (max-width: 1071px) 543px, 580px\" \/><\/figure>\n\n\n\n<figure class=\"wp-block-image size-large\"><img loading=\"lazy\" decoding=\"async\" width=\"768\" height=\"1024\" data-id=\"3215\" src=\"http:\/\/wolfsreise.d-l-w.de\/wp-content\/uploads\/2024\/08\/IMG_3016-768x1024.jpeg\" alt=\"\" class=\"wp-image-3215\" srcset=\"http:\/\/wolfsreise.d-l-w.de\/wp-content\/uploads\/2024\/08\/IMG_3016-768x1024.jpeg 768w, http:\/\/wolfsreise.d-l-w.de\/wp-content\/uploads\/2024\/08\/IMG_3016-225x300.jpeg 225w, http:\/\/wolfsreise.d-l-w.de\/wp-content\/uploads\/2024\/08\/IMG_3016-113x150.jpeg 113w, http:\/\/wolfsreise.d-l-w.de\/wp-content\/uploads\/2024\/08\/IMG_3016-1152x1536.jpeg 1152w, http:\/\/wolfsreise.d-l-w.de\/wp-content\/uploads\/2024\/08\/IMG_3016-1536x2048.jpeg 1536w, http:\/\/wolfsreise.d-l-w.de\/wp-content\/uploads\/2024\/08\/IMG_3016-scaled.jpeg 1920w\" sizes=\"(max-width: 767px) 89vw, (max-width: 1000px) 54vw, (max-width: 1071px) 543px, 580px\" \/><\/figure>\n\n\n\n<figure class=\"wp-block-image size-large\"><img loading=\"lazy\" decoding=\"async\" width=\"1024\" height=\"768\" data-id=\"3216\" src=\"http:\/\/wolfsreise.d-l-w.de\/wp-content\/uploads\/2024\/08\/IMG_3015-1024x768.jpeg\" alt=\"\" class=\"wp-image-3216\" srcset=\"http:\/\/wolfsreise.d-l-w.de\/wp-content\/uploads\/2024\/08\/IMG_3015-1024x768.jpeg 1024w, http:\/\/wolfsreise.d-l-w.de\/wp-content\/uploads\/2024\/08\/IMG_3015-300x225.jpeg 300w, http:\/\/wolfsreise.d-l-w.de\/wp-content\/uploads\/2024\/08\/IMG_3015-150x113.jpeg 150w, http:\/\/wolfsreise.d-l-w.de\/wp-content\/uploads\/2024\/08\/IMG_3015-768x576.jpeg 768w, http:\/\/wolfsreise.d-l-w.de\/wp-content\/uploads\/2024\/08\/IMG_3015-1536x1152.jpeg 1536w, http:\/\/wolfsreise.d-l-w.de\/wp-content\/uploads\/2024\/08\/IMG_3015-2048x1536.jpeg 2048w\" sizes=\"(max-width: 767px) 89vw, (max-width: 1000px) 54vw, (max-width: 1071px) 543px, 580px\" \/><\/figure>\n<\/figure>\n\n\n\n<p>Im Auge des Betrachters: ist das Kunst oder kann das endlich weg?<\/p>\n\n\n\n<figure class=\"wp-block-image size-large is-resized\"><img loading=\"lazy\" decoding=\"async\" width=\"1024\" height=\"813\" src=\"http:\/\/wolfsreise.d-l-w.de\/wp-content\/uploads\/2024\/08\/IMG_3019-1024x813.jpeg\" alt=\"\" class=\"wp-image-3219\" style=\"width:695px;height:auto\" srcset=\"http:\/\/wolfsreise.d-l-w.de\/wp-content\/uploads\/2024\/08\/IMG_3019-1024x813.jpeg 1024w, http:\/\/wolfsreise.d-l-w.de\/wp-content\/uploads\/2024\/08\/IMG_3019-300x238.jpeg 300w, http:\/\/wolfsreise.d-l-w.de\/wp-content\/uploads\/2024\/08\/IMG_3019-150x119.jpeg 150w, http:\/\/wolfsreise.d-l-w.de\/wp-content\/uploads\/2024\/08\/IMG_3019-768x610.jpeg 768w, http:\/\/wolfsreise.d-l-w.de\/wp-content\/uploads\/2024\/08\/IMG_3019-1536x1219.jpeg 1536w, http:\/\/wolfsreise.d-l-w.de\/wp-content\/uploads\/2024\/08\/IMG_3019-2048x1625.jpeg 2048w\" sizes=\"(max-width: 767px) 89vw, (max-width: 1000px) 54vw, (max-width: 1071px) 543px, 580px\" \/><\/figure>\n\n\n\n<p>Wie weiter: eine noch unbeantwortete Frage, der wir uns morgen stellen.<\/p>\n\n\n\n<hr class=\"wp-block-separator has-alpha-channel-opacity\"\/>\n\n\n\n<h1 class=\"wp-block-heading\">Jour 4 : en bref &#8211; Volcan sans \u00e9ruption, mais avec d\u00e9co<\/h1>\n\n\n\n<p>Notre premier jour chez Conni et Paul et Ella et Adam, les petits-enfants de Detmold.<\/p>\n\n\n\n<p>D&#8217;abord faire les courses pour le g\u00e2teau. Au Rena 1000, le supermarch\u00e9 du coin.<\/p>\n\n\n\n<p>La bonne action : pr\u00e9parer un g\u00e2teau aux carottes pour Jonas, qui a eu 10 ans aujourd&#8217;hui, avec des carottes en p\u00e2te d&#8217;amande que j&#8217;ai p\u00e9tries moi-m\u00eame. Veiller \u00e0 ce que les petits gourmands ne les lavent pas tous avant. Et surtout, saupoudrer de perles argent\u00e9es, car il neige toujours en Norv\u00e8ge.<\/p>\n\n\n\n<p>Vulkan \u00e0 Oslo : l&#8217;ancien quartier industriel et ouvrier s&#8217;est &#8222;embourgeois\u00e9&#8220; pour devenir un centre culturel et artistique. Une promenade en ville d&#8217;un autre genre, jusqu&#8217;\u00e0 ce que la pluie arrive.<br>Dans l&#8217;\u0153il de l&#8217;observateur : est-ce de l&#8217;art ou cela peut-il enfin dispara\u00eetre ?<br>La suite : une question encore sans r\u00e9ponse que nous aborderons demain.<\/p>\n","protected":false},"excerpt":{"rendered":"<p>Unser erster Tag bei Conni und Paul und Ella und Adam, den Enkeln aus Detmold. Erst mal einkaufen f\u00fcr den Kuchen. Im Rena 1000, dem Supermarkt um die Ecke. Die gute Tat: M\u00f6hrenkuchen backen f\u00fcr Jonas, der heute 10 geworden ist, mit selbst gekneteten Marzipanm\u00f6hren. Aufgepasst, dass die kleinen Leckerm\u00e4uler nicht alle schon vorher weggenascht &hellip; <\/p>\n<p class=\"link-more\"><a href=\"http:\/\/wolfsreise.d-l-w.de\/?p=3209\" class=\"more-link\"><span class=\"screen-reader-text\">\u201eTag 4: kurz und knapp &#8211; Vulkan ohne Ausbruch, aber mit Deco\u201c<\/span> weiterlesen<\/a><\/p>\n","protected":false},"author":1,"featured_media":0,"comment_status":"open","ping_status":"open","sticky":false,"template":"","format":"standard","meta":{"footnotes":""},"categories":[13],"tags":[],"class_list":["post-3209","post","type-post","status-publish","format-standard","hentry","category-norwegen-2024"],"_links":{"self":[{"href":"http:\/\/wolfsreise.d-l-w.de\/index.php?rest_route=\/wp\/v2\/posts\/3209"}],"collection":[{"href":"http:\/\/wolfsreise.d-l-w.de\/index.php?rest_route=\/wp\/v2\/posts"}],"about":[{"href":"http:\/\/wolfsreise.d-l-w.de\/index.php?rest_route=\/wp\/v2\/types\/post"}],"author":[{"embeddable":true,"href":"http:\/\/wolfsreise.d-l-w.de\/index.php?rest_route=\/wp\/v2\/users\/1"}],"replies":[{"embeddable":true,"href":"http:\/\/wolfsreise.d-l-w.de\/index.php?rest_route=%2Fwp%2Fv2%2Fcomments&post=3209"}],"version-history":[{"count":10,"href":"http:\/\/wolfsreise.d-l-w.de\/index.php?rest_route=\/wp\/v2\/posts\/3209\/revisions"}],"predecessor-version":[{"id":3250,"href":"http:\/\/wolfsreise.d-l-w.de\/index.php?rest_route=\/wp\/v2\/posts\/3209\/revisions\/3250"}],"wp:attachment":[{"href":"http:\/\/wolfsreise.d-l-w.de\/index.php?rest_route=%2Fwp%2Fv2%2Fmedia&parent=3209"}],"wp:term":[{"taxonomy":"category","embeddable":true,"href":"http:\/\/wolfsreise.d-l-w.de\/index.php?rest_route=%2Fwp%2Fv2%2Fcategories&post=3209"},{"taxonomy":"post_tag","embeddable":true,"href":"http:\/\/wolfsreise.d-l-w.de\/index.php?rest_route=%2Fwp%2Fv2%2Ftags&post=3209"}],"curies":[{"name":"wp","href":"https:\/\/api.w.org\/{rel}","templated":true}]}}