{"id":316,"date":"2015-04-06T22:09:37","date_gmt":"2015-04-06T20:09:37","guid":{"rendered":"http:\/\/wolfsreise.d-l-w.de\/?p=316"},"modified":"2018-06-22T15:40:05","modified_gmt":"2018-06-22T13:40:05","slug":"korkeichen-everywhere","status":"publish","type":"post","link":"http:\/\/wolfsreise.d-l-w.de\/?p=316","title":{"rendered":"Korkeichen &#8211; everywhere"},"content":{"rendered":"<p>Quercus suber, buchengew\u00e4chs, nicht winterhart, aber sonst super gen\u00fcgsam. Von einem Baum k\u00f6nnen&nbsp;100 bis 200 kg&nbsp;Kork geerntet werden, allerdings nur alle 13 bis 15 Jahre.&nbsp;<\/p>\n<p>&nbsp;<img decoding=\"async\" src=\"http:\/\/wolfsreise.d-l-w.de\/wp-content\/uploads\/2015\/04\/DSCF3378.jpg\" alt=\"\">&nbsp;<i>Lichte Korkeichenhaine \u00fcberall<\/i><\/p>\n<p>Auf die St\u00e4mme der geernteten B\u00e4ume werden die Jahreszahlen der Ernte gemalt, damit der Stamm nicht&nbsp;wieder&nbsp;zu fr\u00fch &#8222;verletzt&#8220; wird. Klar, eigentlich f\u00fcr Flaschenkorken, heute aber f\u00fcr alles m\u00f6glich mehr, wird der Kork verwendet. Schmuck, Fu\u00dfboden, Wandverkleidungen, Isolierung und vieles, vieles mehr &#8211; vor allem f\u00fcr viel Kitsch.<\/p>\n<figure id=\"attachment_320\" aria-describedby=\"caption-attachment-320\" style=\"width: 317px\" class=\"wp-caption alignright\"><img loading=\"lazy\" decoding=\"async\" class=\"wp-image-320\" src=\"http:\/\/wolfsreise.d-l-w.de\/wp-content\/uploads\/2015\/04\/Quercus_suber_Area-300x142.png\" alt=\"Quercus_suber_Area\" width=\"317\" height=\"150\" srcset=\"http:\/\/wolfsreise.d-l-w.de\/wp-content\/uploads\/2015\/04\/Quercus_suber_Area-300x142.png 300w, http:\/\/wolfsreise.d-l-w.de\/wp-content\/uploads\/2015\/04\/Quercus_suber_Area.png 330w\" sizes=\"(max-width: 317px) 100vw, 317px\" \/><figcaption id=\"caption-attachment-320\" class=\"wp-caption-text\">Verbreitungsgebiet rund ums Mittelmeer und ein ganz kleines Gebiet an der franz\u00f6sischen Atlantikk\u00fcste (wiki)<\/figcaption><\/figure>\n<p>Diese wunderbar arkadischen W\u00e4lder der&nbsp;Kulturlandschaft&nbsp;sind zunehmend gef\u00e4hrdet, denn die Verwendung von Kork wird mehr und mehr durch andere Materialien ersetzt. Noch weiden Schafe und Rinder in den W\u00e4ldern und der dort typische&nbsp;Pardelluchs (sogar als Stra\u00dfenschild) ist vom Aussterben bedroht. Er sieht ein wenig anders aus als die bei uns lebenden, dunkler und vielleicht weniger farbig &#8211; nat\u00fcrlich nicht zu entdecken.<\/p>\n<figure id=\"attachment_319\" aria-describedby=\"caption-attachment-319\" style=\"width: 300px\" class=\"wp-caption alignnone\"><a href=\"http:\/\/wolfsreise.d-l-w.de\/wp-content\/uploads\/2015\/04\/220px-Linces12.jpg\"><img loading=\"lazy\" decoding=\"async\" class=\"wp-image-319\" src=\"http:\/\/wolfsreise.d-l-w.de\/wp-content\/uploads\/2015\/04\/220px-Linces12.jpg\" alt=\"220px-Linces12\" width=\"300\" height=\"203\"><\/a><figcaption id=\"caption-attachment-319\" class=\"wp-caption-text\">Das ist der Sch\u00f6ne, allerdings auch aus wiki &#8230;<\/figcaption><\/figure>\n<p>&#8222;Die Korkeiche w\u00e4chst als&nbsp;<a title=\"Immergr\u00fcne Pflanze\" href=\"http:\/\/de.wikipedia.org\/wiki\/Immergr%C3%BCne_Pflanze\">i<\/a>mmergr\u00fcner&nbsp;Baum, der eine durchschnittliche Wuchsh\u00f6he von 10 bis 20 Metern oder in seltenen F\u00e4llen bis 25 Meter und Stammdurchmesser von 50 bis 90 Zentimeter erreicht. Er bildet eine dichte und asymmetrische, in einer H\u00f6he von zwei bis drei Metern ansetzende&nbsp;Krone, die sich bei freistehenden B\u00e4umen weit ausbreitet. Die Krone kann sich in mehrere voneinander abgesetzte, rundliche Teilkronen gliedern.&nbsp;Die jungen Zweige sind dicht hellgrau oder wei\u00dflich behaart. \u00c4ltere \u00c4ste sind kr\u00e4ftig und knotig. \u00c4ltere B\u00e4ume bilden nur noch kurze Triebe mit L\u00e4ngen zwischen 7 und 15&nbsp;Zentimeter.&#8220; (Wikipedia, abgerufen 5.4.2015) Sie k\u00f6nnen bis&nbsp;400 Jahre alt werden, allerdings habe ich solche nicht gesehen.<\/p>\n<p>Der Kork kann drei bis f\u00fcnf Zentimeter dick werden. Nach der Ernte erscheint der Stamm in leuchtendem rotbraun.&#8220;&nbsp;(Wikipedia, abgerufen 5.4.2015)<\/p>\n<p><img loading=\"lazy\" decoding=\"async\" class=\"alignleft wp-image-322 size-large\" src=\"http:\/\/wolfsreise.d-l-w.de\/wp-content\/uploads\/2015\/04\/DSCF3534-768x1024.jpg\" alt=\"DSCF3534\" width=\"768\" height=\"1024\" srcset=\"http:\/\/wolfsreise.d-l-w.de\/wp-content\/uploads\/2015\/04\/DSCF3534-768x1024.jpg 768w, http:\/\/wolfsreise.d-l-w.de\/wp-content\/uploads\/2015\/04\/DSCF3534-225x300.jpg 225w, http:\/\/wolfsreise.d-l-w.de\/wp-content\/uploads\/2015\/04\/DSCF3534.jpg 1056w\" sizes=\"(max-width: 767px) 89vw, (max-width: 1000px) 54vw, (max-width: 1071px) 543px, 580px\" \/><\/p>\n<p>&nbsp;<\/p>\n<figure id=\"attachment_321\" aria-describedby=\"caption-attachment-321\" style=\"width: 768px\" class=\"wp-caption alignright\"><img loading=\"lazy\" decoding=\"async\" class=\"wp-image-321 size-large\" src=\"http:\/\/wolfsreise.d-l-w.de\/wp-content\/uploads\/2015\/04\/DSCF3533-768x1024.jpg\" alt=\"DSCF3533\" width=\"768\" height=\"1024\" srcset=\"http:\/\/wolfsreise.d-l-w.de\/wp-content\/uploads\/2015\/04\/DSCF3533-768x1024.jpg 768w, http:\/\/wolfsreise.d-l-w.de\/wp-content\/uploads\/2015\/04\/DSCF3533-225x300.jpg 225w, http:\/\/wolfsreise.d-l-w.de\/wp-content\/uploads\/2015\/04\/DSCF3533.jpg 1056w\" sizes=\"(max-width: 767px) 89vw, (max-width: 1000px) 54vw, (max-width: 1071px) 543px, 580px\" \/><figcaption id=\"caption-attachment-321\" class=\"wp-caption-text\">Die gesch\u00e4lten St\u00e4mme mittelalter Eichen in lichten W\u00e4ldern<\/figcaption><\/figure>\n","protected":false},"excerpt":{"rendered":"<p>Quercus suber, buchengew\u00e4chs, nicht winterhart, aber sonst super gen\u00fcgsam. Von einem Baum k\u00f6nnen&nbsp;100 bis 200 kg&nbsp;Kork geerntet werden, allerdings nur alle 13 bis 15 Jahre.&nbsp; &nbsp;&nbsp;Lichte Korkeichenhaine \u00fcberall Auf die St\u00e4mme der geernteten B\u00e4ume werden die Jahreszahlen der Ernte gemalt, damit der Stamm nicht&nbsp;wieder&nbsp;zu fr\u00fch &#8222;verletzt&#8220; wird. Klar, eigentlich f\u00fcr Flaschenkorken, heute aber f\u00fcr alles &hellip; <\/p>\n<p class=\"link-more\"><a href=\"http:\/\/wolfsreise.d-l-w.de\/?p=316\" class=\"more-link\"><span class=\"screen-reader-text\">\u201eKorkeichen &#8211; everywhere\u201c<\/span> weiterlesen<\/a><\/p>\n","protected":false},"author":2,"featured_media":0,"comment_status":"open","ping_status":"open","sticky":false,"template":"","format":"standard","meta":{"footnotes":""},"categories":[8],"tags":[],"class_list":["post-316","post","type-post","status-publish","format-standard","hentry","category-portugal"],"_links":{"self":[{"href":"http:\/\/wolfsreise.d-l-w.de\/index.php?rest_route=\/wp\/v2\/posts\/316"}],"collection":[{"href":"http:\/\/wolfsreise.d-l-w.de\/index.php?rest_route=\/wp\/v2\/posts"}],"about":[{"href":"http:\/\/wolfsreise.d-l-w.de\/index.php?rest_route=\/wp\/v2\/types\/post"}],"author":[{"embeddable":true,"href":"http:\/\/wolfsreise.d-l-w.de\/index.php?rest_route=\/wp\/v2\/users\/2"}],"replies":[{"embeddable":true,"href":"http:\/\/wolfsreise.d-l-w.de\/index.php?rest_route=%2Fwp%2Fv2%2Fcomments&post=316"}],"version-history":[{"count":13,"href":"http:\/\/wolfsreise.d-l-w.de\/index.php?rest_route=\/wp\/v2\/posts\/316\/revisions"}],"predecessor-version":[{"id":337,"href":"http:\/\/wolfsreise.d-l-w.de\/index.php?rest_route=\/wp\/v2\/posts\/316\/revisions\/337"}],"wp:attachment":[{"href":"http:\/\/wolfsreise.d-l-w.de\/index.php?rest_route=%2Fwp%2Fv2%2Fmedia&parent=316"}],"wp:term":[{"taxonomy":"category","embeddable":true,"href":"http:\/\/wolfsreise.d-l-w.de\/index.php?rest_route=%2Fwp%2Fv2%2Fcategories&post=316"},{"taxonomy":"post_tag","embeddable":true,"href":"http:\/\/wolfsreise.d-l-w.de\/index.php?rest_route=%2Fwp%2Fv2%2Ftags&post=316"}],"curies":[{"name":"wp","href":"https:\/\/api.w.org\/{rel}","templated":true}]}}