{"id":3111,"date":"2022-07-06T11:24:05","date_gmt":"2022-07-06T09:24:05","guid":{"rendered":"http:\/\/wolfsreise.d-l-w.de\/?p=3111"},"modified":"2022-07-18T11:10:41","modified_gmt":"2022-07-18T09:10:41","slug":"3-tage-oslo","status":"publish","type":"post","link":"http:\/\/wolfsreise.d-l-w.de\/?p=3111","title":{"rendered":"3 Tage Oslo"},"content":{"rendered":"\n<p> Das Oslo-Programm<\/p>\n\n\n\n<ul class=\"wp-block-list\"><li>Neubau des Regierungviertels nach dem Attentat und Stadtspaziergang<\/li><\/ul>\n\n\n\n<figure class=\"wp-block-image size-large\"><img loading=\"lazy\" decoding=\"async\" width=\"1024\" height=\"768\" src=\"http:\/\/wolfsreise.d-l-w.de\/wp-content\/uploads\/2022\/07\/C993BE3E-D936-43EB-872E-AE821772F8C4-1024x768.jpeg\" alt=\"\" class=\"wp-image-3123\" srcset=\"http:\/\/wolfsreise.d-l-w.de\/wp-content\/uploads\/2022\/07\/C993BE3E-D936-43EB-872E-AE821772F8C4-1024x768.jpeg 1024w, http:\/\/wolfsreise.d-l-w.de\/wp-content\/uploads\/2022\/07\/C993BE3E-D936-43EB-872E-AE821772F8C4-300x225.jpeg 300w, http:\/\/wolfsreise.d-l-w.de\/wp-content\/uploads\/2022\/07\/C993BE3E-D936-43EB-872E-AE821772F8C4-150x113.jpeg 150w, http:\/\/wolfsreise.d-l-w.de\/wp-content\/uploads\/2022\/07\/C993BE3E-D936-43EB-872E-AE821772F8C4-768x576.jpeg 768w, http:\/\/wolfsreise.d-l-w.de\/wp-content\/uploads\/2022\/07\/C993BE3E-D936-43EB-872E-AE821772F8C4-1536x1152.jpeg 1536w, http:\/\/wolfsreise.d-l-w.de\/wp-content\/uploads\/2022\/07\/C993BE3E-D936-43EB-872E-AE821772F8C4-2048x1536.jpeg 2048w\" sizes=\"(max-width: 767px) 89vw, (max-width: 1000px) 54vw, (max-width: 1071px) 543px, 580px\" \/><figcaption>Solidarit\u00e4t mit der Ukraine vor dem Hauptbahnhof<\/figcaption><\/figure>\n\n\n\n<ul class=\"wp-block-list\"><li>Museumsbau Munch, Oper und neue Hafenprommenade<\/li><\/ul>\n\n\n\n<figure class=\"wp-block-image size-large\"><img loading=\"lazy\" decoding=\"async\" width=\"1024\" height=\"768\" src=\"http:\/\/wolfsreise.d-l-w.de\/wp-content\/uploads\/2022\/07\/9EA6388E-95C1-4CA6-876D-F729F4EF29BC-1024x768.jpeg\" alt=\"\" class=\"wp-image-3128\" srcset=\"http:\/\/wolfsreise.d-l-w.de\/wp-content\/uploads\/2022\/07\/9EA6388E-95C1-4CA6-876D-F729F4EF29BC-1024x768.jpeg 1024w, http:\/\/wolfsreise.d-l-w.de\/wp-content\/uploads\/2022\/07\/9EA6388E-95C1-4CA6-876D-F729F4EF29BC-300x225.jpeg 300w, http:\/\/wolfsreise.d-l-w.de\/wp-content\/uploads\/2022\/07\/9EA6388E-95C1-4CA6-876D-F729F4EF29BC-150x113.jpeg 150w, http:\/\/wolfsreise.d-l-w.de\/wp-content\/uploads\/2022\/07\/9EA6388E-95C1-4CA6-876D-F729F4EF29BC-768x576.jpeg 768w, http:\/\/wolfsreise.d-l-w.de\/wp-content\/uploads\/2022\/07\/9EA6388E-95C1-4CA6-876D-F729F4EF29BC-1536x1152.jpeg 1536w, http:\/\/wolfsreise.d-l-w.de\/wp-content\/uploads\/2022\/07\/9EA6388E-95C1-4CA6-876D-F729F4EF29BC-2048x1536.jpeg 2048w\" sizes=\"(max-width: 767px) 89vw, (max-width: 1000px) 54vw, (max-width: 1071px) 543px, 580px\" \/><\/figure>\n\n\n\n<ul class=\"wp-block-list\"><li>Sauna, schwimmend im Oslofjord, baden und alles f\u00fcr 10 Personen, <br>leider waren wir nur zu 5<\/li><\/ul>\n\n\n\n<figure class=\"wp-block-image size-large\"><img loading=\"lazy\" decoding=\"async\" width=\"1024\" height=\"768\" src=\"http:\/\/wolfsreise.d-l-w.de\/wp-content\/uploads\/2022\/07\/BB94833F-88C8-4F5A-83E9-D49E2AC42350-1024x768.jpeg\" alt=\"\" class=\"wp-image-3122\" srcset=\"http:\/\/wolfsreise.d-l-w.de\/wp-content\/uploads\/2022\/07\/BB94833F-88C8-4F5A-83E9-D49E2AC42350-1024x768.jpeg 1024w, http:\/\/wolfsreise.d-l-w.de\/wp-content\/uploads\/2022\/07\/BB94833F-88C8-4F5A-83E9-D49E2AC42350-300x225.jpeg 300w, http:\/\/wolfsreise.d-l-w.de\/wp-content\/uploads\/2022\/07\/BB94833F-88C8-4F5A-83E9-D49E2AC42350-150x113.jpeg 150w, http:\/\/wolfsreise.d-l-w.de\/wp-content\/uploads\/2022\/07\/BB94833F-88C8-4F5A-83E9-D49E2AC42350-768x576.jpeg 768w, http:\/\/wolfsreise.d-l-w.de\/wp-content\/uploads\/2022\/07\/BB94833F-88C8-4F5A-83E9-D49E2AC42350-1536x1152.jpeg 1536w, http:\/\/wolfsreise.d-l-w.de\/wp-content\/uploads\/2022\/07\/BB94833F-88C8-4F5A-83E9-D49E2AC42350-2048x1536.jpeg 2048w\" sizes=\"(max-width: 767px) 89vw, (max-width: 1000px) 54vw, (max-width: 1071px) 543px, 580px\" \/><\/figure>\n\n\n\n<ul class=\"wp-block-list\"><li>Wasser in der Stadt, neue Gestaltung der&nbsp;Gew\u00e4sser und Verbesserung der Wasserqualit\u00e4t, Bjerkedalenpark und neues Nationalmuseum<\/li><\/ul>\n\n\n\n<ul class=\"wp-block-list\"><li>Bootsfahrt auf dem Oslofjord und Crevetten satt<\/li><\/ul>\n\n\n\n<figure class=\"wp-block-image size-large\"><img loading=\"lazy\" decoding=\"async\" width=\"1024\" height=\"683\" src=\"http:\/\/wolfsreise.d-l-w.de\/wp-content\/uploads\/2022\/07\/F850DD75-E5C5-45A3-B3BF-A07AB86A8B1B-1024x683.jpeg\" alt=\"\" class=\"wp-image-3135\" srcset=\"http:\/\/wolfsreise.d-l-w.de\/wp-content\/uploads\/2022\/07\/F850DD75-E5C5-45A3-B3BF-A07AB86A8B1B-1024x683.jpeg 1024w, http:\/\/wolfsreise.d-l-w.de\/wp-content\/uploads\/2022\/07\/F850DD75-E5C5-45A3-B3BF-A07AB86A8B1B-300x200.jpeg 300w, http:\/\/wolfsreise.d-l-w.de\/wp-content\/uploads\/2022\/07\/F850DD75-E5C5-45A3-B3BF-A07AB86A8B1B-150x100.jpeg 150w, http:\/\/wolfsreise.d-l-w.de\/wp-content\/uploads\/2022\/07\/F850DD75-E5C5-45A3-B3BF-A07AB86A8B1B-768x512.jpeg 768w, http:\/\/wolfsreise.d-l-w.de\/wp-content\/uploads\/2022\/07\/F850DD75-E5C5-45A3-B3BF-A07AB86A8B1B-1536x1024.jpeg 1536w, http:\/\/wolfsreise.d-l-w.de\/wp-content\/uploads\/2022\/07\/F850DD75-E5C5-45A3-B3BF-A07AB86A8B1B-2048x1365.jpeg 2048w\" sizes=\"(max-width: 767px) 89vw, (max-width: 1000px) 54vw, (max-width: 1071px) 543px, 580px\" \/><\/figure>\n\n\n\n<ul class=\"wp-block-list\"><li>Skulpturenpark und kr\u00e4ftiges Rollstuhlschieben, Lichtinstalation und Lunch im k\u00fchlen Schatten\u00a0<\/li><\/ul>\n\n\n\n<figure class=\"wp-block-image size-large\"><img loading=\"lazy\" decoding=\"async\" width=\"1024\" height=\"683\" src=\"http:\/\/wolfsreise.d-l-w.de\/wp-content\/uploads\/2022\/07\/07A32388-3AA8-492A-9AA0-CF5EB138CE39-1024x683.jpeg\" alt=\"\" class=\"wp-image-3137\" srcset=\"http:\/\/wolfsreise.d-l-w.de\/wp-content\/uploads\/2022\/07\/07A32388-3AA8-492A-9AA0-CF5EB138CE39-1024x683.jpeg 1024w, http:\/\/wolfsreise.d-l-w.de\/wp-content\/uploads\/2022\/07\/07A32388-3AA8-492A-9AA0-CF5EB138CE39-300x200.jpeg 300w, http:\/\/wolfsreise.d-l-w.de\/wp-content\/uploads\/2022\/07\/07A32388-3AA8-492A-9AA0-CF5EB138CE39-150x100.jpeg 150w, http:\/\/wolfsreise.d-l-w.de\/wp-content\/uploads\/2022\/07\/07A32388-3AA8-492A-9AA0-CF5EB138CE39-768x512.jpeg 768w, http:\/\/wolfsreise.d-l-w.de\/wp-content\/uploads\/2022\/07\/07A32388-3AA8-492A-9AA0-CF5EB138CE39-1536x1024.jpeg 1536w, http:\/\/wolfsreise.d-l-w.de\/wp-content\/uploads\/2022\/07\/07A32388-3AA8-492A-9AA0-CF5EB138CE39-2048x1365.jpeg 2048w\" sizes=\"(max-width: 767px) 89vw, (max-width: 1000px) 54vw, (max-width: 1071px) 543px, 580px\" \/><\/figure>\n\n\n\n<p>Am Montag sind zun\u00e4chst Ruth, Theis, Gudrun und Kai abgereist. Wir fahren weiter auf die H\u00fctte (was nat\u00fcrlich ein gro\u00dfes Anwesen ist), zwischendurch Stabkirche und Ankunft in Jevnaker. Dann haben wir frei, entspannen, wandern, springen am wundervollsten Badeplatz in den zugeh\u00f6rigen Badesee. Wir sind fasziniert, dass Boote, Ruder, Toilette, der Strand, alle Stege gemeinschaftlich gepflegt werden, nichts wegkommt &#8211; eine solidarische Kommune, die sich selbst organisiert und verwaltet.<\/p>\n\n\n\n<figure class=\"wp-block-image size-large\"><img loading=\"lazy\" decoding=\"async\" width=\"1024\" height=\"768\" src=\"http:\/\/wolfsreise.d-l-w.de\/wp-content\/uploads\/2022\/07\/5EFE5621-F5D5-4454-840D-B171D45BD1B0-1024x768.jpeg\" alt=\"\" class=\"wp-image-3113\" srcset=\"http:\/\/wolfsreise.d-l-w.de\/wp-content\/uploads\/2022\/07\/5EFE5621-F5D5-4454-840D-B171D45BD1B0-1024x768.jpeg 1024w, http:\/\/wolfsreise.d-l-w.de\/wp-content\/uploads\/2022\/07\/5EFE5621-F5D5-4454-840D-B171D45BD1B0-300x225.jpeg 300w, http:\/\/wolfsreise.d-l-w.de\/wp-content\/uploads\/2022\/07\/5EFE5621-F5D5-4454-840D-B171D45BD1B0-150x113.jpeg 150w, http:\/\/wolfsreise.d-l-w.de\/wp-content\/uploads\/2022\/07\/5EFE5621-F5D5-4454-840D-B171D45BD1B0-768x576.jpeg 768w, http:\/\/wolfsreise.d-l-w.de\/wp-content\/uploads\/2022\/07\/5EFE5621-F5D5-4454-840D-B171D45BD1B0-1536x1152.jpeg 1536w, http:\/\/wolfsreise.d-l-w.de\/wp-content\/uploads\/2022\/07\/5EFE5621-F5D5-4454-840D-B171D45BD1B0-2048x1536.jpeg 2048w\" sizes=\"(max-width: 767px) 89vw, (max-width: 1000px) 54vw, (max-width: 1071px) 543px, 580px\" \/><figcaption>Der gemeinschaftliche Badestrand<\/figcaption><\/figure>\n\n\n\n<figure class=\"wp-block-image size-large\"><img loading=\"lazy\" decoding=\"async\" width=\"1024\" height=\"768\" src=\"http:\/\/wolfsreise.d-l-w.de\/wp-content\/uploads\/2022\/07\/0C084E02-CF69-412A-A5E1-F9AD0DF78B86-1024x768.jpeg\" alt=\"\" class=\"wp-image-3116\" srcset=\"http:\/\/wolfsreise.d-l-w.de\/wp-content\/uploads\/2022\/07\/0C084E02-CF69-412A-A5E1-F9AD0DF78B86-1024x768.jpeg 1024w, http:\/\/wolfsreise.d-l-w.de\/wp-content\/uploads\/2022\/07\/0C084E02-CF69-412A-A5E1-F9AD0DF78B86-300x225.jpeg 300w, http:\/\/wolfsreise.d-l-w.de\/wp-content\/uploads\/2022\/07\/0C084E02-CF69-412A-A5E1-F9AD0DF78B86-150x113.jpeg 150w, http:\/\/wolfsreise.d-l-w.de\/wp-content\/uploads\/2022\/07\/0C084E02-CF69-412A-A5E1-F9AD0DF78B86-768x576.jpeg 768w, http:\/\/wolfsreise.d-l-w.de\/wp-content\/uploads\/2022\/07\/0C084E02-CF69-412A-A5E1-F9AD0DF78B86-1536x1152.jpeg 1536w, http:\/\/wolfsreise.d-l-w.de\/wp-content\/uploads\/2022\/07\/0C084E02-CF69-412A-A5E1-F9AD0DF78B86-2048x1536.jpeg 2048w\" sizes=\"(max-width: 767px) 89vw, (max-width: 1000px) 54vw, (max-width: 1071px) 543px, 580px\" \/><figcaption>Die alte Tankstelle. Ein Projekt eines der H\u00fcttenbesitzer. Benzin gibt es allerdings nicht.<\/figcaption><\/figure>\n","protected":false},"excerpt":{"rendered":"<p>Das Oslo-Programm Neubau des Regierungviertels nach dem Attentat und Stadtspaziergang Museumsbau Munch, Oper und neue Hafenprommenade Sauna, schwimmend im Oslofjord, baden und alles f\u00fcr 10 Personen, leider waren wir nur zu 5 Wasser in der Stadt, neue Gestaltung der&nbsp;Gew\u00e4sser und Verbesserung der Wasserqualit\u00e4t, Bjerkedalenpark und neues Nationalmuseum Bootsfahrt auf dem Oslofjord und Crevetten satt Skulpturenpark &hellip; <\/p>\n<p class=\"link-more\"><a href=\"http:\/\/wolfsreise.d-l-w.de\/?p=3111\" class=\"more-link\"><span class=\"screen-reader-text\">\u201e3 Tage Oslo\u201c<\/span> weiterlesen<\/a><\/p>\n","protected":false},"author":1,"featured_media":0,"comment_status":"open","ping_status":"open","sticky":false,"template":"","format":"standard","meta":{"footnotes":""},"categories":[12],"tags":[],"class_list":["post-3111","post","type-post","status-publish","format-standard","hentry","category-toscana-bis-norwegen"],"_links":{"self":[{"href":"http:\/\/wolfsreise.d-l-w.de\/index.php?rest_route=\/wp\/v2\/posts\/3111"}],"collection":[{"href":"http:\/\/wolfsreise.d-l-w.de\/index.php?rest_route=\/wp\/v2\/posts"}],"about":[{"href":"http:\/\/wolfsreise.d-l-w.de\/index.php?rest_route=\/wp\/v2\/types\/post"}],"author":[{"embeddable":true,"href":"http:\/\/wolfsreise.d-l-w.de\/index.php?rest_route=\/wp\/v2\/users\/1"}],"replies":[{"embeddable":true,"href":"http:\/\/wolfsreise.d-l-w.de\/index.php?rest_route=%2Fwp%2Fv2%2Fcomments&post=3111"}],"version-history":[{"count":8,"href":"http:\/\/wolfsreise.d-l-w.de\/index.php?rest_route=\/wp\/v2\/posts\/3111\/revisions"}],"predecessor-version":[{"id":3138,"href":"http:\/\/wolfsreise.d-l-w.de\/index.php?rest_route=\/wp\/v2\/posts\/3111\/revisions\/3138"}],"wp:attachment":[{"href":"http:\/\/wolfsreise.d-l-w.de\/index.php?rest_route=%2Fwp%2Fv2%2Fmedia&parent=3111"}],"wp:term":[{"taxonomy":"category","embeddable":true,"href":"http:\/\/wolfsreise.d-l-w.de\/index.php?rest_route=%2Fwp%2Fv2%2Fcategories&post=3111"},{"taxonomy":"post_tag","embeddable":true,"href":"http:\/\/wolfsreise.d-l-w.de\/index.php?rest_route=%2Fwp%2Fv2%2Ftags&post=3111"}],"curies":[{"name":"wp","href":"https:\/\/api.w.org\/{rel}","templated":true}]}}