{"id":3075,"date":"2022-06-19T12:26:11","date_gmt":"2022-06-19T10:26:11","guid":{"rendered":"http:\/\/wolfsreise.d-l-w.de\/?p=3075"},"modified":"2022-06-19T12:34:52","modified_gmt":"2022-06-19T10:34:52","slug":"arezzo-und-umgebung","status":"publish","type":"post","link":"http:\/\/wolfsreise.d-l-w.de\/?p=3075","title":{"rendered":"Arezzo und Umgebung"},"content":{"rendered":"\n<p>Der n\u00e4chste Tag ist nat\u00fcrlich wieder ein Ausflugstag.\u00a0<\/p>\n\n\n\n<p>Wir besichtigen Arezzo, zumindest den alten wunderbaren Teil. Nachdem wir die moderne Vorstadt \u00fcberwunden und das Amphitheater umgangen haben, tauchen wir ein ins Mittelalter. Besser gesagt, weiter zur\u00fcck bis zu den Etruskern, den R\u00f6mern und anderen, die Arezzo mit gebaut haben.<\/p>\n\n\n\n<figure class=\"wp-block-image size-large\"><img loading=\"lazy\" decoding=\"async\" width=\"683\" height=\"1024\" src=\"http:\/\/wolfsreise.d-l-w.de\/wp-content\/uploads\/2022\/06\/P1031034-683x1024.jpg\" alt=\"\" class=\"wp-image-3077\" srcset=\"http:\/\/wolfsreise.d-l-w.de\/wp-content\/uploads\/2022\/06\/P1031034-683x1024.jpg 683w, http:\/\/wolfsreise.d-l-w.de\/wp-content\/uploads\/2022\/06\/P1031034-200x300.jpg 200w, http:\/\/wolfsreise.d-l-w.de\/wp-content\/uploads\/2022\/06\/P1031034-100x150.jpg 100w, http:\/\/wolfsreise.d-l-w.de\/wp-content\/uploads\/2022\/06\/P1031034-768x1152.jpg 768w, http:\/\/wolfsreise.d-l-w.de\/wp-content\/uploads\/2022\/06\/P1031034-1024x1536.jpg 1024w, http:\/\/wolfsreise.d-l-w.de\/wp-content\/uploads\/2022\/06\/P1031034-1365x2048.jpg 1365w, http:\/\/wolfsreise.d-l-w.de\/wp-content\/uploads\/2022\/06\/P1031034-scaled.jpg 1707w\" sizes=\"(max-width: 683px) 100vw, 683px\" \/><\/figure>\n\n\n\n<figure class=\"wp-block-image size-large\"><img loading=\"lazy\" decoding=\"async\" width=\"683\" height=\"1024\" src=\"http:\/\/wolfsreise.d-l-w.de\/wp-content\/uploads\/2022\/06\/P1031038-683x1024.jpg\" alt=\"\" class=\"wp-image-3078\" srcset=\"http:\/\/wolfsreise.d-l-w.de\/wp-content\/uploads\/2022\/06\/P1031038-683x1024.jpg 683w, http:\/\/wolfsreise.d-l-w.de\/wp-content\/uploads\/2022\/06\/P1031038-200x300.jpg 200w, http:\/\/wolfsreise.d-l-w.de\/wp-content\/uploads\/2022\/06\/P1031038-100x150.jpg 100w, http:\/\/wolfsreise.d-l-w.de\/wp-content\/uploads\/2022\/06\/P1031038-768x1152.jpg 768w, http:\/\/wolfsreise.d-l-w.de\/wp-content\/uploads\/2022\/06\/P1031038-1024x1536.jpg 1024w, http:\/\/wolfsreise.d-l-w.de\/wp-content\/uploads\/2022\/06\/P1031038-1365x2048.jpg 1365w, http:\/\/wolfsreise.d-l-w.de\/wp-content\/uploads\/2022\/06\/P1031038-scaled.jpg 1707w\" sizes=\"(max-width: 683px) 100vw, 683px\" \/><\/figure>\n\n\n\n<p>Ein Blick in die weite Landschaft, ganz oben vom Domplatz aus, erkl\u00e4rt, warum die Stadt oben liegt: viel besser zu verteidigen. Heute aber nicht mehr wichtig.<\/p>\n\n\n\n<p>Ein paar Stra\u00dfen abseits vom Haupttourismus Weg finden wir eine typisch italienische Mittagscantina, in der drei Generationen der Familie im Laufschritt neue Platten hinter den Tresen stellen, Essen aufw\u00e4rmen, Essen zum Mitnehmen eint\u00fcten, der Vater mit einer kleinen Tasche Essen ausliefert und wir das gew\u00fcnschte in kurzer Zeit erhalten.<\/p>\n\n\n\n<p>Street Art K\u00fcnstler haben die Platten der Stromanschl\u00fcsse an den H\u00e4usern neu gestaltet und Portraits gro\u00dfe Frauen und M\u00e4nner interpretiert.<\/p>\n\n\n\n<figure class=\"wp-block-gallery has-nested-images columns-default is-cropped wp-block-gallery-1 is-layout-flex wp-block-gallery-is-layout-flex\">\n<figure class=\"wp-block-image size-large\"><img loading=\"lazy\" decoding=\"async\" width=\"1920\" height=\"2560\" data-id=\"3089\" src=\"http:\/\/wolfsreise.d-l-w.de\/wp-content\/uploads\/2022\/06\/IMG_9350-scaled.jpg\" alt=\"\" class=\"wp-image-3089\" srcset=\"http:\/\/wolfsreise.d-l-w.de\/wp-content\/uploads\/2022\/06\/IMG_9350-scaled.jpg 1920w, http:\/\/wolfsreise.d-l-w.de\/wp-content\/uploads\/2022\/06\/IMG_9350-225x300.jpg 225w, http:\/\/wolfsreise.d-l-w.de\/wp-content\/uploads\/2022\/06\/IMG_9350-768x1024.jpg 768w, http:\/\/wolfsreise.d-l-w.de\/wp-content\/uploads\/2022\/06\/IMG_9350-113x150.jpg 113w, http:\/\/wolfsreise.d-l-w.de\/wp-content\/uploads\/2022\/06\/IMG_9350-1152x1536.jpg 1152w, http:\/\/wolfsreise.d-l-w.de\/wp-content\/uploads\/2022\/06\/IMG_9350-1536x2048.jpg 1536w\" sizes=\"(max-width: 767px) 89vw, (max-width: 1000px) 54vw, (max-width: 1071px) 543px, 580px\" \/><\/figure>\n\n\n\n<figure class=\"wp-block-image size-large\"><img loading=\"lazy\" decoding=\"async\" width=\"2560\" height=\"1920\" data-id=\"3086\" src=\"http:\/\/wolfsreise.d-l-w.de\/wp-content\/uploads\/2022\/06\/IMG_9346-scaled.jpg\" alt=\"\" class=\"wp-image-3086\" srcset=\"http:\/\/wolfsreise.d-l-w.de\/wp-content\/uploads\/2022\/06\/IMG_9346-scaled.jpg 2560w, http:\/\/wolfsreise.d-l-w.de\/wp-content\/uploads\/2022\/06\/IMG_9346-300x225.jpg 300w, http:\/\/wolfsreise.d-l-w.de\/wp-content\/uploads\/2022\/06\/IMG_9346-1024x768.jpg 1024w, http:\/\/wolfsreise.d-l-w.de\/wp-content\/uploads\/2022\/06\/IMG_9346-150x113.jpg 150w, http:\/\/wolfsreise.d-l-w.de\/wp-content\/uploads\/2022\/06\/IMG_9346-768x576.jpg 768w, http:\/\/wolfsreise.d-l-w.de\/wp-content\/uploads\/2022\/06\/IMG_9346-1536x1152.jpg 1536w, http:\/\/wolfsreise.d-l-w.de\/wp-content\/uploads\/2022\/06\/IMG_9346-2048x1536.jpg 2048w\" sizes=\"(max-width: 767px) 89vw, (max-width: 1000px) 54vw, (max-width: 1071px) 543px, 580px\" \/><\/figure>\n\n\n\n<figure class=\"wp-block-image size-large\"><img loading=\"lazy\" decoding=\"async\" width=\"2560\" height=\"1920\" data-id=\"3085\" src=\"http:\/\/wolfsreise.d-l-w.de\/wp-content\/uploads\/2022\/06\/IMG_9345-scaled.jpg\" alt=\"\" class=\"wp-image-3085\" srcset=\"http:\/\/wolfsreise.d-l-w.de\/wp-content\/uploads\/2022\/06\/IMG_9345-scaled.jpg 2560w, http:\/\/wolfsreise.d-l-w.de\/wp-content\/uploads\/2022\/06\/IMG_9345-300x225.jpg 300w, http:\/\/wolfsreise.d-l-w.de\/wp-content\/uploads\/2022\/06\/IMG_9345-1024x768.jpg 1024w, http:\/\/wolfsreise.d-l-w.de\/wp-content\/uploads\/2022\/06\/IMG_9345-150x112.jpg 150w, http:\/\/wolfsreise.d-l-w.de\/wp-content\/uploads\/2022\/06\/IMG_9345-768x576.jpg 768w, http:\/\/wolfsreise.d-l-w.de\/wp-content\/uploads\/2022\/06\/IMG_9345-1536x1152.jpg 1536w, http:\/\/wolfsreise.d-l-w.de\/wp-content\/uploads\/2022\/06\/IMG_9345-2048x1536.jpg 2048w\" sizes=\"(max-width: 767px) 89vw, (max-width: 1000px) 54vw, (max-width: 1071px) 543px, 580px\" \/><\/figure>\n\n\n\n<figure class=\"wp-block-image size-large\"><img loading=\"lazy\" decoding=\"async\" width=\"2318\" height=\"2560\" data-id=\"3084\" src=\"http:\/\/wolfsreise.d-l-w.de\/wp-content\/uploads\/2022\/06\/IMG_9351-scaled.jpg\" alt=\"\" class=\"wp-image-3084\" srcset=\"http:\/\/wolfsreise.d-l-w.de\/wp-content\/uploads\/2022\/06\/IMG_9351-scaled.jpg 2318w, http:\/\/wolfsreise.d-l-w.de\/wp-content\/uploads\/2022\/06\/IMG_9351-272x300.jpg 272w, http:\/\/wolfsreise.d-l-w.de\/wp-content\/uploads\/2022\/06\/IMG_9351-927x1024.jpg 927w, http:\/\/wolfsreise.d-l-w.de\/wp-content\/uploads\/2022\/06\/IMG_9351-136x150.jpg 136w, http:\/\/wolfsreise.d-l-w.de\/wp-content\/uploads\/2022\/06\/IMG_9351-768x848.jpg 768w, http:\/\/wolfsreise.d-l-w.de\/wp-content\/uploads\/2022\/06\/IMG_9351-1391x1536.jpg 1391w, http:\/\/wolfsreise.d-l-w.de\/wp-content\/uploads\/2022\/06\/IMG_9351-1855x2048.jpg 1855w\" sizes=\"(max-width: 767px) 89vw, (max-width: 1000px) 54vw, (max-width: 1071px) 543px, 580px\" \/><\/figure>\n\n\n\n<figure class=\"wp-block-image size-large\"><img loading=\"lazy\" decoding=\"async\" width=\"2560\" height=\"1920\" data-id=\"3083\" src=\"http:\/\/wolfsreise.d-l-w.de\/wp-content\/uploads\/2022\/06\/IMG_9349-scaled.jpg\" alt=\"\" class=\"wp-image-3083\" srcset=\"http:\/\/wolfsreise.d-l-w.de\/wp-content\/uploads\/2022\/06\/IMG_9349-scaled.jpg 2560w, http:\/\/wolfsreise.d-l-w.de\/wp-content\/uploads\/2022\/06\/IMG_9349-300x225.jpg 300w, http:\/\/wolfsreise.d-l-w.de\/wp-content\/uploads\/2022\/06\/IMG_9349-1024x768.jpg 1024w, http:\/\/wolfsreise.d-l-w.de\/wp-content\/uploads\/2022\/06\/IMG_9349-150x112.jpg 150w, http:\/\/wolfsreise.d-l-w.de\/wp-content\/uploads\/2022\/06\/IMG_9349-768x576.jpg 768w, http:\/\/wolfsreise.d-l-w.de\/wp-content\/uploads\/2022\/06\/IMG_9349-1536x1152.jpg 1536w, http:\/\/wolfsreise.d-l-w.de\/wp-content\/uploads\/2022\/06\/IMG_9349-2048x1536.jpg 2048w\" sizes=\"(max-width: 767px) 89vw, (max-width: 1000px) 54vw, (max-width: 1071px) 543px, 580px\" \/><\/figure>\n<\/figure>\n\n\n\n<p>Sp\u00e4ter fahren wir durchs Land, entdecken die alte Br\u00fccke in Buriano e Penna \u00fcber den Arno, die das Vorbild f\u00fcr die Br\u00fccke hinter der Mona Lisa sein soll. Wir m\u00fcssen das noch nachpr\u00fcfen. Das geht aber erst in Paris. Der Arno ist tr\u00e4ge und gr\u00fcn, zum Baden l\u00e4dt er \u00fcberhaupt nicht ein, Fische sehen wir auch keine.<\/p>\n\n\n\n<figure class=\"wp-block-image size-large\"><img loading=\"lazy\" decoding=\"async\" width=\"1024\" height=\"683\" src=\"http:\/\/wolfsreise.d-l-w.de\/wp-content\/uploads\/2022\/06\/P1031044-1024x683.jpg\" alt=\"\" class=\"wp-image-3079\" srcset=\"http:\/\/wolfsreise.d-l-w.de\/wp-content\/uploads\/2022\/06\/P1031044-1024x683.jpg 1024w, http:\/\/wolfsreise.d-l-w.de\/wp-content\/uploads\/2022\/06\/P1031044-300x200.jpg 300w, http:\/\/wolfsreise.d-l-w.de\/wp-content\/uploads\/2022\/06\/P1031044-150x100.jpg 150w, http:\/\/wolfsreise.d-l-w.de\/wp-content\/uploads\/2022\/06\/P1031044-768x512.jpg 768w, http:\/\/wolfsreise.d-l-w.de\/wp-content\/uploads\/2022\/06\/P1031044-1536x1024.jpg 1536w, http:\/\/wolfsreise.d-l-w.de\/wp-content\/uploads\/2022\/06\/P1031044.jpg 1920w\" sizes=\"(max-width: 767px) 89vw, (max-width: 1000px) 54vw, (max-width: 1071px) 543px, 580px\" \/><\/figure>\n\n\n\n<p>Ein kleiner Umweg f\u00fchrt uns nach Loro Ciufenna, wo wir das Kirchlein Pieve di San Pietro a Gropina entdecken. Schlicht romanisch, kein bisschen bemalt, alte S\u00e4ulen mit unterschiedlichsten Kapitellen und endlich: durch die Alabasterfensterscheiben f\u00e4llt warmes Licht.<\/p>\n\n\n\n<figure class=\"wp-block-image size-large\"><img loading=\"lazy\" decoding=\"async\" width=\"683\" height=\"1024\" src=\"http:\/\/wolfsreise.d-l-w.de\/wp-content\/uploads\/2022\/06\/P1031058-683x1024.jpg\" alt=\"\" class=\"wp-image-3080\" srcset=\"http:\/\/wolfsreise.d-l-w.de\/wp-content\/uploads\/2022\/06\/P1031058-683x1024.jpg 683w, http:\/\/wolfsreise.d-l-w.de\/wp-content\/uploads\/2022\/06\/P1031058-200x300.jpg 200w, http:\/\/wolfsreise.d-l-w.de\/wp-content\/uploads\/2022\/06\/P1031058-100x150.jpg 100w, http:\/\/wolfsreise.d-l-w.de\/wp-content\/uploads\/2022\/06\/P1031058-768x1152.jpg 768w, http:\/\/wolfsreise.d-l-w.de\/wp-content\/uploads\/2022\/06\/P1031058-1024x1536.jpg 1024w, http:\/\/wolfsreise.d-l-w.de\/wp-content\/uploads\/2022\/06\/P1031058-1365x2048.jpg 1365w, http:\/\/wolfsreise.d-l-w.de\/wp-content\/uploads\/2022\/06\/P1031058-scaled.jpg 1707w\" sizes=\"(max-width: 683px) 100vw, 683px\" \/><\/figure>\n\n\n\n<figure class=\"wp-block-image size-large\"><img loading=\"lazy\" decoding=\"async\" width=\"1024\" height=\"683\" src=\"http:\/\/wolfsreise.d-l-w.de\/wp-content\/uploads\/2022\/06\/P1031051-1024x683.jpg\" alt=\"\" class=\"wp-image-3081\" srcset=\"http:\/\/wolfsreise.d-l-w.de\/wp-content\/uploads\/2022\/06\/P1031051-1024x683.jpg 1024w, http:\/\/wolfsreise.d-l-w.de\/wp-content\/uploads\/2022\/06\/P1031051-300x200.jpg 300w, http:\/\/wolfsreise.d-l-w.de\/wp-content\/uploads\/2022\/06\/P1031051-150x100.jpg 150w, http:\/\/wolfsreise.d-l-w.de\/wp-content\/uploads\/2022\/06\/P1031051-768x512.jpg 768w, http:\/\/wolfsreise.d-l-w.de\/wp-content\/uploads\/2022\/06\/P1031051-1536x1024.jpg 1536w, http:\/\/wolfsreise.d-l-w.de\/wp-content\/uploads\/2022\/06\/P1031051.jpg 1920w\" sizes=\"(max-width: 767px) 89vw, (max-width: 1000px) 54vw, (max-width: 1071px) 543px, 580px\" \/><\/figure>\n\n\n\n<p>Dies wird auf dieser Reise die letzte Kirche sein, die wir besuchen. So haben wir\u00b4s beschlossen.<\/p>\n","protected":false},"excerpt":{"rendered":"<p>Der n\u00e4chste Tag ist nat\u00fcrlich wieder ein Ausflugstag.\u00a0 Wir besichtigen Arezzo, zumindest den alten wunderbaren Teil. Nachdem wir die moderne Vorstadt \u00fcberwunden und das Amphitheater umgangen haben, tauchen wir ein ins Mittelalter. Besser gesagt, weiter zur\u00fcck bis zu den Etruskern, den R\u00f6mern und anderen, die Arezzo mit gebaut haben. Ein Blick in die weite Landschaft, &hellip; <\/p>\n<p class=\"link-more\"><a href=\"http:\/\/wolfsreise.d-l-w.de\/?p=3075\" class=\"more-link\"><span class=\"screen-reader-text\">\u201eArezzo und Umgebung\u201c<\/span> weiterlesen<\/a><\/p>\n","protected":false},"author":1,"featured_media":0,"comment_status":"open","ping_status":"open","sticky":false,"template":"","format":"standard","meta":{"footnotes":""},"categories":[12],"tags":[],"class_list":["post-3075","post","type-post","status-publish","format-standard","hentry","category-toscana-bis-norwegen"],"_links":{"self":[{"href":"http:\/\/wolfsreise.d-l-w.de\/index.php?rest_route=\/wp\/v2\/posts\/3075"}],"collection":[{"href":"http:\/\/wolfsreise.d-l-w.de\/index.php?rest_route=\/wp\/v2\/posts"}],"about":[{"href":"http:\/\/wolfsreise.d-l-w.de\/index.php?rest_route=\/wp\/v2\/types\/post"}],"author":[{"embeddable":true,"href":"http:\/\/wolfsreise.d-l-w.de\/index.php?rest_route=\/wp\/v2\/users\/1"}],"replies":[{"embeddable":true,"href":"http:\/\/wolfsreise.d-l-w.de\/index.php?rest_route=%2Fwp%2Fv2%2Fcomments&post=3075"}],"version-history":[{"count":4,"href":"http:\/\/wolfsreise.d-l-w.de\/index.php?rest_route=\/wp\/v2\/posts\/3075\/revisions"}],"predecessor-version":[{"id":3092,"href":"http:\/\/wolfsreise.d-l-w.de\/index.php?rest_route=\/wp\/v2\/posts\/3075\/revisions\/3092"}],"wp:attachment":[{"href":"http:\/\/wolfsreise.d-l-w.de\/index.php?rest_route=%2Fwp%2Fv2%2Fmedia&parent=3075"}],"wp:term":[{"taxonomy":"category","embeddable":true,"href":"http:\/\/wolfsreise.d-l-w.de\/index.php?rest_route=%2Fwp%2Fv2%2Fcategories&post=3075"},{"taxonomy":"post_tag","embeddable":true,"href":"http:\/\/wolfsreise.d-l-w.de\/index.php?rest_route=%2Fwp%2Fv2%2Ftags&post=3075"}],"curies":[{"name":"wp","href":"https:\/\/api.w.org\/{rel}","templated":true}]}}