{"id":3065,"date":"2022-06-19T11:38:31","date_gmt":"2022-06-19T09:38:31","guid":{"rendered":"http:\/\/wolfsreise.d-l-w.de\/?p=3065"},"modified":"2022-06-19T11:42:14","modified_gmt":"2022-06-19T09:42:14","slug":"skulpturenpark-la-serpara-undpici-bei-mirella","status":"publish","type":"post","link":"http:\/\/wolfsreise.d-l-w.de\/?p=3065","title":{"rendered":"Skulpturenpark &#8222;La Serpara&#8220; undPici bei Mirella"},"content":{"rendered":"\n<p>Eine gro\u00dfe \u00dcberraschung ist der Skulpturen-Park \u201eLa Serpara\u201c in Civitella d\u2018Agliano. Mit Angela Wahr, selbst dort K\u00fcnstlerin, erleben wir eine spannende, engagierte F\u00fchrung und lernen in 2 Stunden etwa 40 K\u00fcnstler und ihre Kunst Werke kennen. Der Initiator des Gartens, Paul Wiedmer, ist bekannt geworden mit seinen Feuerskulpturen, die ein kreatives, \u201efreundliches\u201c Feuer ausspucken. Wie lange steigende Gaspreise das wohl noch erlauben?<\/p>\n\n\n\n<figure class=\"wp-block-image size-large\"><img loading=\"lazy\" decoding=\"async\" width=\"768\" height=\"1024\" src=\"http:\/\/wolfsreise.d-l-w.de\/wp-content\/uploads\/2022\/06\/IMG_1966-768x1024.jpg\" alt=\"\" class=\"wp-image-3069\" srcset=\"http:\/\/wolfsreise.d-l-w.de\/wp-content\/uploads\/2022\/06\/IMG_1966-768x1024.jpg 768w, http:\/\/wolfsreise.d-l-w.de\/wp-content\/uploads\/2022\/06\/IMG_1966-225x300.jpg 225w, http:\/\/wolfsreise.d-l-w.de\/wp-content\/uploads\/2022\/06\/IMG_1966-113x150.jpg 113w, http:\/\/wolfsreise.d-l-w.de\/wp-content\/uploads\/2022\/06\/IMG_1966-1152x1536.jpg 1152w, http:\/\/wolfsreise.d-l-w.de\/wp-content\/uploads\/2022\/06\/IMG_1966-rotated.jpg 1512w\" sizes=\"(max-width: 767px) 89vw, (max-width: 1000px) 54vw, (max-width: 1071px) 543px, 580px\" \/><\/figure>\n\n\n\n<figure class=\"wp-block-image size-large\"><img loading=\"lazy\" decoding=\"async\" width=\"768\" height=\"1024\" src=\"http:\/\/wolfsreise.d-l-w.de\/wp-content\/uploads\/2022\/06\/IMG_1985-768x1024.jpg\" alt=\"\" class=\"wp-image-3067\" srcset=\"http:\/\/wolfsreise.d-l-w.de\/wp-content\/uploads\/2022\/06\/IMG_1985-768x1024.jpg 768w, http:\/\/wolfsreise.d-l-w.de\/wp-content\/uploads\/2022\/06\/IMG_1985-225x300.jpg 225w, http:\/\/wolfsreise.d-l-w.de\/wp-content\/uploads\/2022\/06\/IMG_1985-113x150.jpg 113w, http:\/\/wolfsreise.d-l-w.de\/wp-content\/uploads\/2022\/06\/IMG_1985-1152x1536.jpg 1152w, http:\/\/wolfsreise.d-l-w.de\/wp-content\/uploads\/2022\/06\/IMG_1985-rotated.jpg 1512w\" sizes=\"(max-width: 767px) 89vw, (max-width: 1000px) 54vw, (max-width: 1071px) 543px, 580px\" \/><\/figure>\n\n\n\n<figure class=\"wp-block-gallery has-nested-images columns-default is-cropped wp-block-gallery-1 is-layout-flex wp-block-gallery-is-layout-flex\">\n<figure class=\"wp-block-image size-large\"><img loading=\"lazy\" decoding=\"async\" width=\"1024\" height=\"768\" data-id=\"3066\" src=\"http:\/\/wolfsreise.d-l-w.de\/wp-content\/uploads\/2022\/06\/IMG_1972-1024x768.jpg\" alt=\"\" class=\"wp-image-3066\" srcset=\"http:\/\/wolfsreise.d-l-w.de\/wp-content\/uploads\/2022\/06\/IMG_1972-1024x768.jpg 1024w, http:\/\/wolfsreise.d-l-w.de\/wp-content\/uploads\/2022\/06\/IMG_1972-300x225.jpg 300w, http:\/\/wolfsreise.d-l-w.de\/wp-content\/uploads\/2022\/06\/IMG_1972-150x113.jpg 150w, http:\/\/wolfsreise.d-l-w.de\/wp-content\/uploads\/2022\/06\/IMG_1972-768x576.jpg 768w, http:\/\/wolfsreise.d-l-w.de\/wp-content\/uploads\/2022\/06\/IMG_1972-1536x1152.jpg 1536w, http:\/\/wolfsreise.d-l-w.de\/wp-content\/uploads\/2022\/06\/IMG_1972.jpg 2016w\" sizes=\"(max-width: 767px) 89vw, (max-width: 1000px) 54vw, (max-width: 1071px) 543px, 580px\" \/><\/figure>\n<\/figure>\n\n\n\n<figure class=\"wp-block-image size-large\"><img loading=\"lazy\" decoding=\"async\" width=\"768\" height=\"1024\" src=\"http:\/\/wolfsreise.d-l-w.de\/wp-content\/uploads\/2022\/06\/IMG_1991-768x1024.jpg\" alt=\"\" class=\"wp-image-3068\" srcset=\"http:\/\/wolfsreise.d-l-w.de\/wp-content\/uploads\/2022\/06\/IMG_1991-768x1024.jpg 768w, http:\/\/wolfsreise.d-l-w.de\/wp-content\/uploads\/2022\/06\/IMG_1991-225x300.jpg 225w, http:\/\/wolfsreise.d-l-w.de\/wp-content\/uploads\/2022\/06\/IMG_1991-113x150.jpg 113w, http:\/\/wolfsreise.d-l-w.de\/wp-content\/uploads\/2022\/06\/IMG_1991-1152x1536.jpg 1152w, http:\/\/wolfsreise.d-l-w.de\/wp-content\/uploads\/2022\/06\/IMG_1991-rotated.jpg 1512w\" sizes=\"(max-width: 767px) 89vw, (max-width: 1000px) 54vw, (max-width: 1071px) 543px, 580px\" \/><\/figure>\n\n\n\n<p>\u201eDer Skulpturengarten La Serpara in der H\u00fcgellandschaft nahe Orvieto ist ein Geheimtipp. Obgleich f\u00fcr Besucher geschaffen, dr\u00e4ngt er sich nicht auf, sondern will entdeckt werden. Der Schweizer K\u00fcnstler Paul Wiedmer hat den Garten 1997 gegr\u00fcndet. La Serpara w\u00e4chst von Jahr zu Jahr durch die Aufstellung neuer Arbeiten von Paul Wiedmer, sowie der vor Ort realisierten Werke eingeladener K\u00fcnstlerfreunde.\u201c Ein lohnender Besuch f\u00fcr alle die eine \u201eVereinigung\u201c von Kunst und Natur mit ihrer Pflanzenvielfalt sch\u00e4tzen.<\/p>\n\n\n\n<figure class=\"wp-block-image size-large\"><img loading=\"lazy\" decoding=\"async\" width=\"1024\" height=\"768\" src=\"http:\/\/wolfsreise.d-l-w.de\/wp-content\/uploads\/2022\/06\/fullsizeoutput_263f-1024x768.jpeg\" alt=\"\" class=\"wp-image-3071\" srcset=\"http:\/\/wolfsreise.d-l-w.de\/wp-content\/uploads\/2022\/06\/fullsizeoutput_263f-1024x768.jpeg 1024w, http:\/\/wolfsreise.d-l-w.de\/wp-content\/uploads\/2022\/06\/fullsizeoutput_263f-300x225.jpeg 300w, http:\/\/wolfsreise.d-l-w.de\/wp-content\/uploads\/2022\/06\/fullsizeoutput_263f-150x113.jpeg 150w, http:\/\/wolfsreise.d-l-w.de\/wp-content\/uploads\/2022\/06\/fullsizeoutput_263f-768x576.jpeg 768w, http:\/\/wolfsreise.d-l-w.de\/wp-content\/uploads\/2022\/06\/fullsizeoutput_263f-1536x1152.jpeg 1536w, http:\/\/wolfsreise.d-l-w.de\/wp-content\/uploads\/2022\/06\/fullsizeoutput_263f-2048x1536.jpeg 2048w\" sizes=\"(max-width: 767px) 89vw, (max-width: 1000px) 54vw, (max-width: 1071px) 543px, 580px\" \/><figcaption>Pici handgemacht<\/figcaption><\/figure>\n\n\n\n<p>Wir essen bei Mirella und Lucia zu Abend, eine ganz liebe Einladung. Und hinterher sind wir so pappsatt, dass wir eigentlich nach Hause rollen k\u00f6nnten. Aber nein, zu weit, zu dunkel und zu steil.<\/p>\n\n\n\n<p>Vorspeisen: &nbsp;Zucchinibl\u00fcten aus dem Garten, frittiert, 5 Sorten K\u00e4se von Freunden oder Nachbarn hergestellt mit Feigenmarmelade von Mirella (davon bekommen wir jeder ein Glas als Abschiedsgeschenk), 3 Sorten vom eigenen Schweinchen, n\u00e4mlich Panchetta, Schinken u d ein Luftgetrocknetes von Mirella gew\u00fcrzt und zubereitet. [eigentlich sind wir schon jetzt satt!]<\/p>\n\n\n\n<p>Hauptgang: Pichi mit einer Tomatensauce nach Art des Hauses, jeder muss 2 Teller verdr\u00fccken.<\/p>\n\n\n\n<figure class=\"wp-block-image size-large\"><img loading=\"lazy\" decoding=\"async\" width=\"1024\" height=\"768\" src=\"http:\/\/wolfsreise.d-l-w.de\/wp-content\/uploads\/2022\/06\/IMG_2002-1024x768.jpg\" alt=\"\" class=\"wp-image-3072\" srcset=\"http:\/\/wolfsreise.d-l-w.de\/wp-content\/uploads\/2022\/06\/IMG_2002-1024x768.jpg 1024w, http:\/\/wolfsreise.d-l-w.de\/wp-content\/uploads\/2022\/06\/IMG_2002-300x225.jpg 300w, http:\/\/wolfsreise.d-l-w.de\/wp-content\/uploads\/2022\/06\/IMG_2002-150x113.jpg 150w, http:\/\/wolfsreise.d-l-w.de\/wp-content\/uploads\/2022\/06\/IMG_2002-768x576.jpg 768w, http:\/\/wolfsreise.d-l-w.de\/wp-content\/uploads\/2022\/06\/IMG_2002-1536x1152.jpg 1536w, http:\/\/wolfsreise.d-l-w.de\/wp-content\/uploads\/2022\/06\/IMG_2002-2048x1536.jpg 2048w\" sizes=\"(max-width: 767px) 89vw, (max-width: 1000px) 54vw, (max-width: 1071px) 543px, 580px\" \/><\/figure>\n\n\n\n<p>Und dann noch der Nachtisch: eine luftige Torte mit einer dicken roten Marmeladencreme, nat\u00fcrlich auch hausgemacht von Mirella!<\/p>\n\n\n\n<p>Dann kommt noch Kaffee und Schnaps und schon k\u00f6nnen wir nichts mehr, auch nicht schlafen. Soweit zur positiven \u201eN\u00f6tigung\u201c.<\/p>\n\n\n\n<p>Und dann gab es auch noch die babylonische Sprachverwirrung: Italienisch vorrangig, Franz\u00f6sisch einigerma\u00dfen, Deutsch perfekt, Englisch rudiment\u00e4r. Aber das gegenseitige Verst\u00e4ndnis war nie ein Problem.<\/p>\n","protected":false},"excerpt":{"rendered":"<p>Eine gro\u00dfe \u00dcberraschung ist der Skulpturen-Park \u201eLa Serpara\u201c in Civitella d\u2018Agliano. Mit Angela Wahr, selbst dort K\u00fcnstlerin, erleben wir eine spannende, engagierte F\u00fchrung und lernen in 2 Stunden etwa 40 K\u00fcnstler und ihre Kunst Werke kennen. Der Initiator des Gartens, Paul Wiedmer, ist bekannt geworden mit seinen Feuerskulpturen, die ein kreatives, \u201efreundliches\u201c Feuer ausspucken. Wie &hellip; <\/p>\n<p class=\"link-more\"><a href=\"http:\/\/wolfsreise.d-l-w.de\/?p=3065\" class=\"more-link\"><span class=\"screen-reader-text\">\u201eSkulpturenpark &#8222;La Serpara&#8220; undPici bei Mirella\u201c<\/span> weiterlesen<\/a><\/p>\n","protected":false},"author":1,"featured_media":0,"comment_status":"open","ping_status":"open","sticky":false,"template":"","format":"standard","meta":{"footnotes":""},"categories":[12],"tags":[],"class_list":["post-3065","post","type-post","status-publish","format-standard","hentry","category-toscana-bis-norwegen"],"_links":{"self":[{"href":"http:\/\/wolfsreise.d-l-w.de\/index.php?rest_route=\/wp\/v2\/posts\/3065"}],"collection":[{"href":"http:\/\/wolfsreise.d-l-w.de\/index.php?rest_route=\/wp\/v2\/posts"}],"about":[{"href":"http:\/\/wolfsreise.d-l-w.de\/index.php?rest_route=\/wp\/v2\/types\/post"}],"author":[{"embeddable":true,"href":"http:\/\/wolfsreise.d-l-w.de\/index.php?rest_route=\/wp\/v2\/users\/1"}],"replies":[{"embeddable":true,"href":"http:\/\/wolfsreise.d-l-w.de\/index.php?rest_route=%2Fwp%2Fv2%2Fcomments&post=3065"}],"version-history":[{"count":3,"href":"http:\/\/wolfsreise.d-l-w.de\/index.php?rest_route=\/wp\/v2\/posts\/3065\/revisions"}],"predecessor-version":[{"id":3074,"href":"http:\/\/wolfsreise.d-l-w.de\/index.php?rest_route=\/wp\/v2\/posts\/3065\/revisions\/3074"}],"wp:attachment":[{"href":"http:\/\/wolfsreise.d-l-w.de\/index.php?rest_route=%2Fwp%2Fv2%2Fmedia&parent=3065"}],"wp:term":[{"taxonomy":"category","embeddable":true,"href":"http:\/\/wolfsreise.d-l-w.de\/index.php?rest_route=%2Fwp%2Fv2%2Fcategories&post=3065"},{"taxonomy":"post_tag","embeddable":true,"href":"http:\/\/wolfsreise.d-l-w.de\/index.php?rest_route=%2Fwp%2Fv2%2Ftags&post=3065"}],"curies":[{"name":"wp","href":"https:\/\/api.w.org\/{rel}","templated":true}]}}