{"id":2968,"date":"2022-06-05T12:00:02","date_gmt":"2022-06-05T10:00:02","guid":{"rendered":"http:\/\/wolfsreise.d-l-w.de\/?p=2968"},"modified":"2022-06-05T12:00:06","modified_gmt":"2022-06-05T10:00:06","slug":"eine-wanderung-zum-eingewoehnen","status":"publish","type":"post","link":"http:\/\/wolfsreise.d-l-w.de\/?p=2968","title":{"rendered":"Eine Wanderung zum Eingew\u00f6hnen\u00a0"},"content":{"rendered":"\n<p>Wir gehen mit einem Minipicknick und ausreichend Wasser los zum \u02cbParco Villa Trecci\u2018, der erst 2014 angelegt wurde &#8211; ein Park ecosostenibile.<\/p>\n\n\n\n<figure class=\"wp-block-image size-large\"><img loading=\"lazy\" decoding=\"async\" width=\"1024\" height=\"766\" src=\"http:\/\/wolfsreise.d-l-w.de\/wp-content\/uploads\/2022\/06\/B261FFB2-85A8-420F-9343-273E89ACE53E-1024x766.jpeg\" alt=\"\" class=\"wp-image-3012\" srcset=\"http:\/\/wolfsreise.d-l-w.de\/wp-content\/uploads\/2022\/06\/B261FFB2-85A8-420F-9343-273E89ACE53E-1024x766.jpeg 1024w, http:\/\/wolfsreise.d-l-w.de\/wp-content\/uploads\/2022\/06\/B261FFB2-85A8-420F-9343-273E89ACE53E-300x225.jpeg 300w, http:\/\/wolfsreise.d-l-w.de\/wp-content\/uploads\/2022\/06\/B261FFB2-85A8-420F-9343-273E89ACE53E-150x112.jpeg 150w, http:\/\/wolfsreise.d-l-w.de\/wp-content\/uploads\/2022\/06\/B261FFB2-85A8-420F-9343-273E89ACE53E-768x575.jpeg 768w, http:\/\/wolfsreise.d-l-w.de\/wp-content\/uploads\/2022\/06\/B261FFB2-85A8-420F-9343-273E89ACE53E.jpeg 1280w\" sizes=\"(max-width: 767px) 89vw, (max-width: 1000px) 54vw, (max-width: 1071px) 543px, 580px\" \/><\/figure>\n\n\n\n<p>Ein Gartenarchitekt aus Montepulchano konnte hier auf 5 ha Terrain seinen Traum verwirklicht und 10 unterschiedliche Gartenr\u00e4ume entwickelt. Heute pflegen 5 G\u00e4rtner*innen 400 verschiedene Pflanzenarten. Wer dort wohnt, wer es finanzierte, wer verantwortlich ist f\u00fcr die ganze Pracht, k\u00f6nnen wir nicht herausfinden. Aber Dino verr\u00e4t, dass ein Teil des Gebietes fr\u00fcher seiner Familie geh\u00f6rte. Wir haben keine Sonderkonditionen erhalten!<\/p>\n\n\n\n<p>Auf dem R\u00fcckweg klauen wir die erste reifen S\u00fc\u00dfkirschen. Die Bienenfresser schrecken auf als wir passieren und locken uns von ihren Bruth\u00f6hlen weg, zeige ihre Flugkuenste und ermuntern Hans mit seinem dicken Tele wiederzukommen.&nbsp;<\/p>\n\n\n\n<p>En verra!&nbsp;<\/p>\n","protected":false},"excerpt":{"rendered":"<p>Wir gehen mit einem Minipicknick und ausreichend Wasser los zum \u02cbParco Villa Trecci\u2018, der erst 2014 angelegt wurde &#8211; ein Park ecosostenibile. Ein Gartenarchitekt aus Montepulchano konnte hier auf 5 ha Terrain seinen Traum verwirklicht und 10 unterschiedliche Gartenr\u00e4ume entwickelt. Heute pflegen 5 G\u00e4rtner*innen 400 verschiedene Pflanzenarten. Wer dort wohnt, wer es finanzierte, wer verantwortlich &hellip; <\/p>\n<p class=\"link-more\"><a href=\"http:\/\/wolfsreise.d-l-w.de\/?p=2968\" class=\"more-link\"><span class=\"screen-reader-text\">\u201eEine Wanderung zum Eingew\u00f6hnen\u00a0\u201c<\/span> weiterlesen<\/a><\/p>\n","protected":false},"author":1,"featured_media":0,"comment_status":"open","ping_status":"open","sticky":false,"template":"","format":"standard","meta":{"footnotes":""},"categories":[12],"tags":[],"class_list":["post-2968","post","type-post","status-publish","format-standard","hentry","category-toscana-bis-norwegen"],"_links":{"self":[{"href":"http:\/\/wolfsreise.d-l-w.de\/index.php?rest_route=\/wp\/v2\/posts\/2968"}],"collection":[{"href":"http:\/\/wolfsreise.d-l-w.de\/index.php?rest_route=\/wp\/v2\/posts"}],"about":[{"href":"http:\/\/wolfsreise.d-l-w.de\/index.php?rest_route=\/wp\/v2\/types\/post"}],"author":[{"embeddable":true,"href":"http:\/\/wolfsreise.d-l-w.de\/index.php?rest_route=\/wp\/v2\/users\/1"}],"replies":[{"embeddable":true,"href":"http:\/\/wolfsreise.d-l-w.de\/index.php?rest_route=%2Fwp%2Fv2%2Fcomments&post=2968"}],"version-history":[{"count":3,"href":"http:\/\/wolfsreise.d-l-w.de\/index.php?rest_route=\/wp\/v2\/posts\/2968\/revisions"}],"predecessor-version":[{"id":3014,"href":"http:\/\/wolfsreise.d-l-w.de\/index.php?rest_route=\/wp\/v2\/posts\/2968\/revisions\/3014"}],"wp:attachment":[{"href":"http:\/\/wolfsreise.d-l-w.de\/index.php?rest_route=%2Fwp%2Fv2%2Fmedia&parent=2968"}],"wp:term":[{"taxonomy":"category","embeddable":true,"href":"http:\/\/wolfsreise.d-l-w.de\/index.php?rest_route=%2Fwp%2Fv2%2Fcategories&post=2968"},{"taxonomy":"post_tag","embeddable":true,"href":"http:\/\/wolfsreise.d-l-w.de\/index.php?rest_route=%2Fwp%2Fv2%2Ftags&post=2968"}],"curies":[{"name":"wp","href":"https:\/\/api.w.org\/{rel}","templated":true}]}}