{"id":2943,"date":"2022-05-25T21:15:36","date_gmt":"2022-05-25T19:15:36","guid":{"rendered":"http:\/\/wolfsreise.d-l-w.de\/?p=2943"},"modified":"2025-07-03T22:11:14","modified_gmt":"2025-07-03T20:11:14","slug":"der-weg-bis-montepulchano-fuehrt-ueber-den-lieblichen-chianti","status":"publish","type":"post","link":"http:\/\/wolfsreise.d-l-w.de\/?p=2943","title":{"rendered":"Der Weg bis Montepulchiano f\u00fchrt \u00fcber den lieblichen Chianti"},"content":{"rendered":"\n<p>Nach einem sonnigen, sehr italienischem Fr\u00fchst\u00fcck (salzloses Wei\u00dfbrot, salzlose Butter, zweierlei Marmeladen und ein kleiner Kaffee) starten wir, um Moni und Hans zu treffen; bei Mirella und Lucia. <\/p>\n\n\n\n<figure class=\"wp-block-image size-large\"><img loading=\"lazy\" decoding=\"async\" width=\"1024\" height=\"768\" src=\"http:\/\/wolfsreise.d-l-w.de\/wp-content\/uploads\/2022\/05\/C2BB22BC-2E7E-4E70-A5C4-197575328CED-1024x768.jpeg\" alt=\"\" class=\"wp-image-2947\" srcset=\"http:\/\/wolfsreise.d-l-w.de\/wp-content\/uploads\/2022\/05\/C2BB22BC-2E7E-4E70-A5C4-197575328CED-1024x768.jpeg 1024w, http:\/\/wolfsreise.d-l-w.de\/wp-content\/uploads\/2022\/05\/C2BB22BC-2E7E-4E70-A5C4-197575328CED-300x225.jpeg 300w, http:\/\/wolfsreise.d-l-w.de\/wp-content\/uploads\/2022\/05\/C2BB22BC-2E7E-4E70-A5C4-197575328CED-150x113.jpeg 150w, http:\/\/wolfsreise.d-l-w.de\/wp-content\/uploads\/2022\/05\/C2BB22BC-2E7E-4E70-A5C4-197575328CED-768x576.jpeg 768w, http:\/\/wolfsreise.d-l-w.de\/wp-content\/uploads\/2022\/05\/C2BB22BC-2E7E-4E70-A5C4-197575328CED-1536x1152.jpeg 1536w, http:\/\/wolfsreise.d-l-w.de\/wp-content\/uploads\/2022\/05\/C2BB22BC-2E7E-4E70-A5C4-197575328CED-2048x1536.jpeg 2048w\" sizes=\"(max-width: 767px) 89vw, (max-width: 1000px) 54vw, (max-width: 1071px) 543px, 580px\" \/><\/figure>\n\n\n\n<p>Wir fahren sehr langsam kurvige Bergstr\u00e4sschen zwischen Steineichen, E\u00dfkastanien, Walnussb\u00e4umen und an H\u00e4ngen klebenden Bergd\u00f6rfchen bis Radda, das schon gegen 10.00 morgens touristisch \u00fcberlaufen ist. Im einzigen ge\u00f6ffneten Kaffee sind bereits alle Schattenpl\u00e4tze besetzt. Wir verzichten und hoffen auf dem Weg etwas zu finden. Der Weg ist schlie\u00dflich das Ziel\u2026 aber pustkuchen, nix bis Montepulchano. Immer nur Enoteca, vinery oder noch mehr L\u00e4dchen mit Rotweinflaschen. Wer will das schon am fr\u00fchen Morgen! <\/p>\n\n\n\n<p>So landen wir ohne St\u00e4rkung bei Mirella und Lucia und schaffen unser eigenes Buschaos.<\/p>\n\n\n\n<p>Wir packen den Bus aus, alles in Plastikbeutel rein, s\u00e4mtliche Rucks\u00e4cke gef\u00fcllt und noch diverse Kisten\u2026<\/p>\n\n\n\n<figure class=\"wp-block-image size-large\"><img loading=\"lazy\" decoding=\"async\" width=\"1024\" height=\"768\" src=\"http:\/\/wolfsreise.d-l-w.de\/wp-content\/uploads\/2022\/05\/589970C4-6F77-4E7F-AE9E-549007D5F696-1024x768.jpeg\" alt=\"\" class=\"wp-image-2949\" srcset=\"http:\/\/wolfsreise.d-l-w.de\/wp-content\/uploads\/2022\/05\/589970C4-6F77-4E7F-AE9E-549007D5F696-1024x768.jpeg 1024w, http:\/\/wolfsreise.d-l-w.de\/wp-content\/uploads\/2022\/05\/589970C4-6F77-4E7F-AE9E-549007D5F696-300x225.jpeg 300w, http:\/\/wolfsreise.d-l-w.de\/wp-content\/uploads\/2022\/05\/589970C4-6F77-4E7F-AE9E-549007D5F696-150x113.jpeg 150w, http:\/\/wolfsreise.d-l-w.de\/wp-content\/uploads\/2022\/05\/589970C4-6F77-4E7F-AE9E-549007D5F696-768x576.jpeg 768w, http:\/\/wolfsreise.d-l-w.de\/wp-content\/uploads\/2022\/05\/589970C4-6F77-4E7F-AE9E-549007D5F696-1536x1152.jpeg 1536w, http:\/\/wolfsreise.d-l-w.de\/wp-content\/uploads\/2022\/05\/589970C4-6F77-4E7F-AE9E-549007D5F696-2048x1536.jpeg 2048w\" sizes=\"(max-width: 767px) 89vw, (max-width: 1000px) 54vw, (max-width: 1071px) 543px, 580px\" \/><\/figure>\n\n\n\n<p>Ein echtes Bordell. 4 Taschen, 2 Rucks\u00e4cke, 3 Schult\u00fcten, eine K\u00fchlbox und noch eine T\u00fcte voller Lebensmittel asten wir die schmalen Wege und Treppen in die Wohnung von Christiane und Dino hoch. Schwei\u00df tropft in dicken Rinnen an uns ab und mitleidige Blicke schauen uns nach. Das machen wir zweimal und nehmen ersch\u00f6pft einen ersten Kaffee.<\/p>\n\n\n\n<p>Noch habe wir f\u00fcr das Auto keinen Parkplatz. Wir warten bis wenigstens ein paar Tagestouris wieder weg sind. Hans und Gerd finden einen Platz f\u00fcrs Auto und beim Aufstieg eine Platz f\u00fcr den ersten Wein.<\/p>\n\n\n\n<figure class=\"wp-block-image size-large\"><img loading=\"lazy\" decoding=\"async\" width=\"1024\" height=\"768\" src=\"http:\/\/wolfsreise.d-l-w.de\/wp-content\/uploads\/2022\/05\/92F67539-AB46-4140-AD76-5ADA57B02B99-1024x768.jpeg\" alt=\"\" class=\"wp-image-2951\" srcset=\"http:\/\/wolfsreise.d-l-w.de\/wp-content\/uploads\/2022\/05\/92F67539-AB46-4140-AD76-5ADA57B02B99-1024x768.jpeg 1024w, http:\/\/wolfsreise.d-l-w.de\/wp-content\/uploads\/2022\/05\/92F67539-AB46-4140-AD76-5ADA57B02B99-300x225.jpeg 300w, http:\/\/wolfsreise.d-l-w.de\/wp-content\/uploads\/2022\/05\/92F67539-AB46-4140-AD76-5ADA57B02B99-150x113.jpeg 150w, http:\/\/wolfsreise.d-l-w.de\/wp-content\/uploads\/2022\/05\/92F67539-AB46-4140-AD76-5ADA57B02B99-768x576.jpeg 768w, http:\/\/wolfsreise.d-l-w.de\/wp-content\/uploads\/2022\/05\/92F67539-AB46-4140-AD76-5ADA57B02B99-1536x1152.jpeg 1536w, http:\/\/wolfsreise.d-l-w.de\/wp-content\/uploads\/2022\/05\/92F67539-AB46-4140-AD76-5ADA57B02B99-2048x1536.jpeg 2048w\" sizes=\"(max-width: 767px) 89vw, (max-width: 1000px) 54vw, (max-width: 1071px) 543px, 580px\" \/><\/figure>\n\n\n\n<p>Eine zweite Flasche geht auch noch \u2026 und dann, und dann! \u2026<\/p>\n","protected":false},"excerpt":{"rendered":"<p>Nach einem sonnigen, sehr italienischem Fr\u00fchst\u00fcck (salzloses Wei\u00dfbrot, salzlose Butter, zweierlei Marmeladen und ein kleiner Kaffee) starten wir, um Moni und Hans zu treffen; bei Mirella und Lucia. Wir fahren sehr langsam kurvige Bergstr\u00e4sschen zwischen Steineichen, E\u00dfkastanien, Walnussb\u00e4umen und an H\u00e4ngen klebenden Bergd\u00f6rfchen bis Radda, das schon gegen 10.00 morgens touristisch \u00fcberlaufen ist. Im einzigen &hellip; <\/p>\n<p class=\"link-more\"><a href=\"http:\/\/wolfsreise.d-l-w.de\/?p=2943\" class=\"more-link\"><span class=\"screen-reader-text\">\u201eDer Weg bis Montepulchiano f\u00fchrt \u00fcber den lieblichen Chianti\u201c<\/span> weiterlesen<\/a><\/p>\n","protected":false},"author":2,"featured_media":0,"comment_status":"open","ping_status":"open","sticky":false,"template":"","format":"standard","meta":{"footnotes":""},"categories":[12],"tags":[],"class_list":["post-2943","post","type-post","status-publish","format-standard","hentry","category-toscana-bis-norwegen"],"_links":{"self":[{"href":"http:\/\/wolfsreise.d-l-w.de\/index.php?rest_route=\/wp\/v2\/posts\/2943"}],"collection":[{"href":"http:\/\/wolfsreise.d-l-w.de\/index.php?rest_route=\/wp\/v2\/posts"}],"about":[{"href":"http:\/\/wolfsreise.d-l-w.de\/index.php?rest_route=\/wp\/v2\/types\/post"}],"author":[{"embeddable":true,"href":"http:\/\/wolfsreise.d-l-w.de\/index.php?rest_route=\/wp\/v2\/users\/2"}],"replies":[{"embeddable":true,"href":"http:\/\/wolfsreise.d-l-w.de\/index.php?rest_route=%2Fwp%2Fv2%2Fcomments&post=2943"}],"version-history":[{"count":6,"href":"http:\/\/wolfsreise.d-l-w.de\/index.php?rest_route=\/wp\/v2\/posts\/2943\/revisions"}],"predecessor-version":[{"id":3396,"href":"http:\/\/wolfsreise.d-l-w.de\/index.php?rest_route=\/wp\/v2\/posts\/2943\/revisions\/3396"}],"wp:attachment":[{"href":"http:\/\/wolfsreise.d-l-w.de\/index.php?rest_route=%2Fwp%2Fv2%2Fmedia&parent=2943"}],"wp:term":[{"taxonomy":"category","embeddable":true,"href":"http:\/\/wolfsreise.d-l-w.de\/index.php?rest_route=%2Fwp%2Fv2%2Fcategories&post=2943"},{"taxonomy":"post_tag","embeddable":true,"href":"http:\/\/wolfsreise.d-l-w.de\/index.php?rest_route=%2Fwp%2Fv2%2Ftags&post=2943"}],"curies":[{"name":"wp","href":"https:\/\/api.w.org\/{rel}","templated":true}]}}