{"id":2920,"date":"2022-05-22T19:11:07","date_gmt":"2022-05-22T17:11:07","guid":{"rendered":"http:\/\/wolfsreise.d-l-w.de\/?p=2920"},"modified":"2022-05-22T19:11:38","modified_gmt":"2022-05-22T17:11:38","slug":"die-schoene-italienerin-des-campingplatzes-will-geschirr-spuelen","status":"publish","type":"post","link":"http:\/\/wolfsreise.d-l-w.de\/?p=2920","title":{"rendered":"Die sch\u00f6ne Italienerin des Campingplatzes will Geschirr sp\u00fclen"},"content":{"rendered":"\n<p>Am Morgen gibt\u2019s f\u00fcr sie und den Gatten einen Becher Kaffee, das Kindlein hat einen aus Plastik, klar: ohne Kaffee. Was hat sie dabei zum Absp\u00fclen? Kaltes Wasser, Finger 1a manik\u00fcrt, das M\u00e4dchen am Rockzipfel, eine prall gef\u00fcllte Kulturtasche gr\u00f6\u00dferer Dimension und Haarspray. Was fehlt? Geschirrsp\u00fclmittel, ein Geschirrtuch, wozu sollte das auch gut sein? Sch\u00f6nheit, Sch\u00f6nheit hat Vorrang!<\/p>\n\n\n\n<p><\/p>\n\n\n\n<p><\/p>\n","protected":false},"excerpt":{"rendered":"<p>Am Morgen gibt\u2019s f\u00fcr sie und den Gatten einen Becher Kaffee, das Kindlein hat einen aus Plastik, klar: ohne Kaffee. Was hat sie dabei zum Absp\u00fclen? Kaltes Wasser, Finger 1a manik\u00fcrt, das M\u00e4dchen am Rockzipfel, eine prall gef\u00fcllte Kulturtasche gr\u00f6\u00dferer Dimension und Haarspray. Was fehlt? Geschirrsp\u00fclmittel, ein Geschirrtuch, wozu sollte das auch gut sein? Sch\u00f6nheit, &hellip; <\/p>\n<p class=\"link-more\"><a href=\"http:\/\/wolfsreise.d-l-w.de\/?p=2920\" class=\"more-link\"><span class=\"screen-reader-text\">\u201eDie sch\u00f6ne Italienerin des Campingplatzes will Geschirr sp\u00fclen\u201c<\/span> weiterlesen<\/a><\/p>\n","protected":false},"author":2,"featured_media":0,"comment_status":"open","ping_status":"open","sticky":false,"template":"","format":"standard","meta":{"footnotes":""},"categories":[12],"tags":[],"class_list":["post-2920","post","type-post","status-publish","format-standard","hentry","category-toscana-bis-norwegen"],"_links":{"self":[{"href":"http:\/\/wolfsreise.d-l-w.de\/index.php?rest_route=\/wp\/v2\/posts\/2920"}],"collection":[{"href":"http:\/\/wolfsreise.d-l-w.de\/index.php?rest_route=\/wp\/v2\/posts"}],"about":[{"href":"http:\/\/wolfsreise.d-l-w.de\/index.php?rest_route=\/wp\/v2\/types\/post"}],"author":[{"embeddable":true,"href":"http:\/\/wolfsreise.d-l-w.de\/index.php?rest_route=\/wp\/v2\/users\/2"}],"replies":[{"embeddable":true,"href":"http:\/\/wolfsreise.d-l-w.de\/index.php?rest_route=%2Fwp%2Fv2%2Fcomments&post=2920"}],"version-history":[{"count":2,"href":"http:\/\/wolfsreise.d-l-w.de\/index.php?rest_route=\/wp\/v2\/posts\/2920\/revisions"}],"predecessor-version":[{"id":2933,"href":"http:\/\/wolfsreise.d-l-w.de\/index.php?rest_route=\/wp\/v2\/posts\/2920\/revisions\/2933"}],"wp:attachment":[{"href":"http:\/\/wolfsreise.d-l-w.de\/index.php?rest_route=%2Fwp%2Fv2%2Fmedia&parent=2920"}],"wp:term":[{"taxonomy":"category","embeddable":true,"href":"http:\/\/wolfsreise.d-l-w.de\/index.php?rest_route=%2Fwp%2Fv2%2Fcategories&post=2920"},{"taxonomy":"post_tag","embeddable":true,"href":"http:\/\/wolfsreise.d-l-w.de\/index.php?rest_route=%2Fwp%2Fv2%2Ftags&post=2920"}],"curies":[{"name":"wp","href":"https:\/\/api.w.org\/{rel}","templated":true}]}}