{"id":2902,"date":"2022-05-21T21:48:14","date_gmt":"2022-05-21T19:48:14","guid":{"rendered":"http:\/\/wolfsreise.d-l-w.de\/?p=2902"},"modified":"2022-05-21T21:48:15","modified_gmt":"2022-05-21T19:48:15","slug":"ein-reisebeginn-voller-widrigkeiten%ef%bf%bc","status":"publish","type":"post","link":"http:\/\/wolfsreise.d-l-w.de\/?p=2902","title":{"rendered":"Ein Reisebeginn voller Widrigkeiten\ufffc"},"content":{"rendered":"\n<p>Unsere diesj\u00e4hrige Reise, die von Frankreich nach Italien \u00fcber Deutschland, D\u00e4nemark bis nach Norwegen f\u00fchren soll, begann mit allerlei Schwierigkeiten. So viele Widrigkeiten, dass fast ein Abbruch drohte.<\/p>\n\n\n\n<p>Erstens: wir haben am Dienstag Honig geerntet, das war mit 22 kg durchaus erfolgreich. Aber Gerd fand, dass die Bienen zu eng wohnen und mehr Platz brauchen. Mit einer Teilung der zwei Bienenv\u00f6lker, was sie nicht wirklich gut fanden, hatte sich Gerd dann an seinem rechten Arm mindestens drei Stiche zugezogen, durch den Astronauten Bienenanzug hindurch. Der Arm wurde dicker und dicker, Christiane, unsere wundervolle \u00c4rztin, beruhigte zwar, dass er es \u00fcberleben w\u00fcrde, dass Start der Katastrophe nur wenig ab. Essigwickel, st\u00f6hnen Jucken, alles dabei.Zweitens: unser vier Wochen h\u00f6chstens sechs Wochen hast du mehr, also ein ganz neuerJa Rasenm\u00e4her hat nach nur der H\u00e4lfte im Garten seinen Geist aufgegebenein Geist aufgegeben und war nat\u00fcrlich nicht so schnell zu reparieren. Tina konnte aushelfen. Wir werden nach unserer Reise \u00fcber professionelle Leistung nachdenken. Aber ich konnte zu Ende n\u00e4hen, mal sehen was in den n\u00e4chsten Tagen so w\u00e4chst.<\/p>\n\n\n\n<p>Die dritte Katastrophe ereignete sich kurz nach unserer Abfahrt \u2013 \u201esollen wir \u00fcberhaupt fahren alles so schwierig ist\u201c \u2013 Auf einem Parkplatz in Luneray.<\/p>\n\n\n\n<p>Ein Treckerfahrer mit Anh\u00e4nger stie\u00df zur\u00fcck, direkt in den Bus. Gl\u00fccklicherweise war er so langsam und Gerd so schnell, dass nur ganz wenig passiert ist. Aber der Reisebeginn war nicht einfach.<\/p>\n\n\n\n<p>\u201e Warum blo\u00df, wollen wir wirklich los, ist doch sch\u00f6n in der Normandie!\u201c<\/p>\n\n\n\n<p>Aber nun sitzen wir am Ufer der Rhone zwischen Rosen, alten B\u00e4umen, M\u00fccken, frischen Wind, haben im St\u00e4dtchen wirklich gut gegessen \u2013alles hat sich wunderbar gef\u00fcgt.<\/p>\n\n\n\n<figure class=\"wp-block-image size-large\"><img loading=\"lazy\" decoding=\"async\" width=\"1024\" height=\"768\" src=\"http:\/\/wolfsreise.d-l-w.de\/wp-content\/uploads\/2022\/05\/B8B3ED32-BE7A-4CE8-A1A2-8ECEDD54995B-1024x768.jpeg\" alt=\"\" class=\"wp-image-2912\" srcset=\"http:\/\/wolfsreise.d-l-w.de\/wp-content\/uploads\/2022\/05\/B8B3ED32-BE7A-4CE8-A1A2-8ECEDD54995B-1024x768.jpeg 1024w, http:\/\/wolfsreise.d-l-w.de\/wp-content\/uploads\/2022\/05\/B8B3ED32-BE7A-4CE8-A1A2-8ECEDD54995B-300x225.jpeg 300w, http:\/\/wolfsreise.d-l-w.de\/wp-content\/uploads\/2022\/05\/B8B3ED32-BE7A-4CE8-A1A2-8ECEDD54995B-150x113.jpeg 150w, http:\/\/wolfsreise.d-l-w.de\/wp-content\/uploads\/2022\/05\/B8B3ED32-BE7A-4CE8-A1A2-8ECEDD54995B-768x576.jpeg 768w, http:\/\/wolfsreise.d-l-w.de\/wp-content\/uploads\/2022\/05\/B8B3ED32-BE7A-4CE8-A1A2-8ECEDD54995B-1536x1152.jpeg 1536w, http:\/\/wolfsreise.d-l-w.de\/wp-content\/uploads\/2022\/05\/B8B3ED32-BE7A-4CE8-A1A2-8ECEDD54995B-2048x1536.jpeg 2048w\" sizes=\"(max-width: 767px) 89vw, (max-width: 1000px) 54vw, (max-width: 1071px) 543px, 580px\" \/><\/figure>\n\n\n\n<figure class=\"wp-block-image size-large\"><img loading=\"lazy\" decoding=\"async\" width=\"768\" height=\"1024\" src=\"http:\/\/wolfsreise.d-l-w.de\/wp-content\/uploads\/2022\/05\/45E86BCA-21E8-4205-AF01-CD2E7AF7DD5B-768x1024.jpeg\" alt=\"\" class=\"wp-image-2913\" srcset=\"http:\/\/wolfsreise.d-l-w.de\/wp-content\/uploads\/2022\/05\/45E86BCA-21E8-4205-AF01-CD2E7AF7DD5B-768x1024.jpeg 768w, http:\/\/wolfsreise.d-l-w.de\/wp-content\/uploads\/2022\/05\/45E86BCA-21E8-4205-AF01-CD2E7AF7DD5B-225x300.jpeg 225w, http:\/\/wolfsreise.d-l-w.de\/wp-content\/uploads\/2022\/05\/45E86BCA-21E8-4205-AF01-CD2E7AF7DD5B-113x150.jpeg 113w, http:\/\/wolfsreise.d-l-w.de\/wp-content\/uploads\/2022\/05\/45E86BCA-21E8-4205-AF01-CD2E7AF7DD5B-1152x1536.jpeg 1152w, http:\/\/wolfsreise.d-l-w.de\/wp-content\/uploads\/2022\/05\/45E86BCA-21E8-4205-AF01-CD2E7AF7DD5B-1536x2048.jpeg 1536w, http:\/\/wolfsreise.d-l-w.de\/wp-content\/uploads\/2022\/05\/45E86BCA-21E8-4205-AF01-CD2E7AF7DD5B-scaled.jpeg 1920w\" sizes=\"(max-width: 767px) 89vw, (max-width: 1000px) 54vw, (max-width: 1071px) 543px, 580px\" \/><\/figure>\n","protected":false},"excerpt":{"rendered":"<p>Unsere diesj\u00e4hrige Reise, die von Frankreich nach Italien \u00fcber Deutschland, D\u00e4nemark bis nach Norwegen f\u00fchren soll, begann mit allerlei Schwierigkeiten. So viele Widrigkeiten, dass fast ein Abbruch drohte. Erstens: wir haben am Dienstag Honig geerntet, das war mit 22 kg durchaus erfolgreich. Aber Gerd fand, dass die Bienen zu eng wohnen und mehr Platz brauchen. &hellip; <\/p>\n<p class=\"link-more\"><a href=\"http:\/\/wolfsreise.d-l-w.de\/?p=2902\" class=\"more-link\"><span class=\"screen-reader-text\">\u201eEin Reisebeginn voller Widrigkeiten\ufffc\u201c<\/span> weiterlesen<\/a><\/p>\n","protected":false},"author":2,"featured_media":0,"comment_status":"open","ping_status":"open","sticky":false,"template":"","format":"standard","meta":{"footnotes":""},"categories":[12],"tags":[],"class_list":["post-2902","post","type-post","status-publish","format-standard","hentry","category-toscana-bis-norwegen"],"_links":{"self":[{"href":"http:\/\/wolfsreise.d-l-w.de\/index.php?rest_route=\/wp\/v2\/posts\/2902"}],"collection":[{"href":"http:\/\/wolfsreise.d-l-w.de\/index.php?rest_route=\/wp\/v2\/posts"}],"about":[{"href":"http:\/\/wolfsreise.d-l-w.de\/index.php?rest_route=\/wp\/v2\/types\/post"}],"author":[{"embeddable":true,"href":"http:\/\/wolfsreise.d-l-w.de\/index.php?rest_route=\/wp\/v2\/users\/2"}],"replies":[{"embeddable":true,"href":"http:\/\/wolfsreise.d-l-w.de\/index.php?rest_route=%2Fwp%2Fv2%2Fcomments&post=2902"}],"version-history":[{"count":6,"href":"http:\/\/wolfsreise.d-l-w.de\/index.php?rest_route=\/wp\/v2\/posts\/2902\/revisions"}],"predecessor-version":[{"id":2914,"href":"http:\/\/wolfsreise.d-l-w.de\/index.php?rest_route=\/wp\/v2\/posts\/2902\/revisions\/2914"}],"wp:attachment":[{"href":"http:\/\/wolfsreise.d-l-w.de\/index.php?rest_route=%2Fwp%2Fv2%2Fmedia&parent=2902"}],"wp:term":[{"taxonomy":"category","embeddable":true,"href":"http:\/\/wolfsreise.d-l-w.de\/index.php?rest_route=%2Fwp%2Fv2%2Fcategories&post=2902"},{"taxonomy":"post_tag","embeddable":true,"href":"http:\/\/wolfsreise.d-l-w.de\/index.php?rest_route=%2Fwp%2Fv2%2Ftags&post=2902"}],"curies":[{"name":"wp","href":"https:\/\/api.w.org\/{rel}","templated":true}]}}