{"id":280,"date":"2015-04-01T20:49:13","date_gmt":"2015-04-01T18:49:13","guid":{"rendered":"http:\/\/wolfsreise.d-l-w.de\/?p=280"},"modified":"2018-06-22T15:40:05","modified_gmt":"2018-06-22T13:40:05","slug":"arkadien-mitch-korkeichen-gedeon-lupinen-orchieden-und-sonne-sonne","status":"publish","type":"post","link":"http:\/\/wolfsreise.d-l-w.de\/?p=280","title":{"rendered":"Arkadien mit Korkeichen, gelben Lupinen, wilder Schopflavendel am Stra\u00dfenrand, verstreut Orchideeden und Sonne, Sonne in einer uralten Kulturlandschaft"},"content":{"rendered":"<p>Seit drei Tagen ist endlich &#8222;Fr\u00fchling&#8220; f\u00fcr die Portugiesen, f\u00fcr uns ist es eher hochsommerlich zwischen 28 und 33 Grad mit dem hier abonnierten blauen Himmel. Mehr ist dazu eigentlich nicht zu sagen.<\/p>\n<p>Das Alentejo ist ein armes, auch an Bev\u00f6lkerung armes Land &#8211; noch weniger dicht besiedelt als das Wendland. Und die Mehrheit der Einwohner ist \u00e4lter oder noch \u00e4lter. Landschaft, Weite, noch ist es gr\u00fcn, Rinder und Schafe Athen unter Korkeichen, Olivenb\u00e4ume reihen sich an Schn\u00fcren auf, Schafe Weiden darunter in wei\u00df, Braun und nat\u00fcrlich schwarz. St\u00f6rche sind die zahlreichsten Bewohner. Pinien als Alleeb\u00e4ume unterwandern die Stra\u00dfe, hin und wieder ein d\u00f6rflicher Flecken, meist gekr\u00f6nt von einer gro\u00dfen wei\u00dfen Kirche, auf r\u00f6mischen, maurischen Mauern, christlich erneuert. Eines der Verkehrsschilder zeigt einen &#8222;&#8230;&#8220;<\/p>\n<p>Wer err\u00e4t es?<span style=\"line-height: 28px;\">&nbsp;<\/span><\/p>\n<p><img decoding=\"async\" src=\"http:\/\/wolfsreise.d-l-w.de\/wp-content\/uploads\/2015\/04\/DSCF3454.jpg\" alt=\"\">&nbsp;&nbsp;<img decoding=\"async\" src=\"http:\/\/wolfsreise.d-l-w.de\/wp-content\/uploads\/2015\/04\/DSCF3457.jpg\" alt=\"\">&nbsp;&nbsp;<img decoding=\"async\" src=\"http:\/\/wolfsreise.d-l-w.de\/wp-content\/uploads\/2015\/04\/DSCF3421.jpg\" alt=\"\">&nbsp;&nbsp;<img decoding=\"async\" src=\"http:\/\/wolfsreise.d-l-w.de\/wp-content\/uploads\/2015\/04\/DSCF3423.jpg\" alt=\"\">&nbsp;&nbsp;<img decoding=\"async\" src=\"http:\/\/wolfsreise.d-l-w.de\/wp-content\/uploads\/2015\/04\/DSCF3430.jpg\" alt=\"\">&nbsp;&nbsp;<\/p>\n<p>Das Land ist vor tausenden von Jahren schon &#8222;besiedelt&#8220; worden. Steinkreise und Hinkelsteine rund um Evora sind stumme Zeugen, von denen man wenig wei\u00df. Es soll &#8222;Ritzungen&#8220; mit kultischen Symbolen, die ich nicht erkennen kann. Grabst\u00e4tten aus dieser neolithischen Zeit mit gigantisch aufgerichteten Steinen sch\u00fctzten die Toten und sie waren wohl schon damals nach Himmelsrichtungen ausgerichtet. Diese G\u00e4ber sind von einem Clan \u00fcber Jahrhunderte genutzt worden &#8211; auch noch in der Bronze- und Eisenzeit von den Nachgeborenen, die die alten Toten in den Gr\u00e4bern lie\u00dfen und ihre Toten dazu betteten.<\/p>\n<p>Die gerade Verstorbenen wurden im Zentrum bestattet. Die zuvor Verstorbenen wuden dann an denRand ger\u00fcckt und die &#8222;Neuen&#8220; hatten das Privileg der Mitte &#8211; zumindest kurzfristig. In der Regel wurden &#8222;freundliche&#8220; St\u00e4tten gesucht, T\u00e4ler mit Weitblick, Wasser musste sein und das Land sollte fruchtbar sein. So zumindest vermutet die Arch\u00e4ologie. Eine Privatgruppe, die eine Guide gebucht hatten, der wirklich gute Infos vortrug, hat vier Jahre studiert, um nun als Reisef\u00fchrer zu arbeiten. Andernfalls gab es nur die M\u00f6glichkeit der Immigration, denn in seiner Profession war und ist keine Stelle in Sicht.<\/p>\n<p>&nbsp;<img decoding=\"async\" src=\"http:\/\/wolfsreise.d-l-w.de\/wp-content\/uploads\/2015\/04\/DSCF3532.jpg\" alt=\"\"><\/p>\n<p><i>Steinkreis von Cromeleque dos Almendres <span style=\"line-height: 28px;\">in der N\u00e4he von&nbsp;<\/span><\/i><\/p>\n<p>&nbsp;<img decoding=\"async\" src=\"http:\/\/wolfsreise.d-l-w.de\/wp-content\/uploads\/2015\/04\/DSCF3543-0.jpg\" alt=\"\">&nbsp;<i><span style=\"line-height: 28px;\"><br \/><\/span><\/i><\/p>\n<p><i>H\u00fchnengrab Anta do Zambujeiro, eine von acht in der Region gefunden Gabst\u00e4tten, die gr\u00f6\u00dfte in Protugal und erst in den 90er Jahren des letzten Jahrhunderts. Es ist die einzig gesicherte St\u00e4tte, alle anderen sind nur lokalisiert und Teil noch in Privatbesitz. Der Staat verf\u00fcgt nicht \u00fcber die Mittel das Land zu kaufen. Gibt es keine anderen Schutzm\u00f6glichkeiten? Nich wei\u00df ich es nicht.<\/i><\/p>\n","protected":false},"excerpt":{"rendered":"<p>Seit drei Tagen ist endlich &#8222;Fr\u00fchling&#8220; f\u00fcr die Portugiesen, f\u00fcr uns ist es eher hochsommerlich zwischen 28 und 33 Grad mit dem hier abonnierten blauen Himmel. Mehr ist dazu eigentlich nicht zu sagen. Das Alentejo ist ein armes, auch an Bev\u00f6lkerung armes Land &#8211; noch weniger dicht besiedelt als das Wendland. Und die Mehrheit der &hellip; <\/p>\n<p class=\"link-more\"><a href=\"http:\/\/wolfsreise.d-l-w.de\/?p=280\" class=\"more-link\"><span class=\"screen-reader-text\">\u201eArkadien mit Korkeichen, gelben Lupinen, wilder Schopflavendel am Stra\u00dfenrand, verstreut Orchideeden und Sonne, Sonne in einer uralten Kulturlandschaft\u201c<\/span> weiterlesen<\/a><\/p>\n","protected":false},"author":2,"featured_media":0,"comment_status":"open","ping_status":"open","sticky":false,"template":"","format":"standard","meta":{"footnotes":""},"categories":[8],"tags":[],"class_list":["post-280","post","type-post","status-publish","format-standard","hentry","category-portugal"],"_links":{"self":[{"href":"http:\/\/wolfsreise.d-l-w.de\/index.php?rest_route=\/wp\/v2\/posts\/280"}],"collection":[{"href":"http:\/\/wolfsreise.d-l-w.de\/index.php?rest_route=\/wp\/v2\/posts"}],"about":[{"href":"http:\/\/wolfsreise.d-l-w.de\/index.php?rest_route=\/wp\/v2\/types\/post"}],"author":[{"embeddable":true,"href":"http:\/\/wolfsreise.d-l-w.de\/index.php?rest_route=\/wp\/v2\/users\/2"}],"replies":[{"embeddable":true,"href":"http:\/\/wolfsreise.d-l-w.de\/index.php?rest_route=%2Fwp%2Fv2%2Fcomments&post=280"}],"version-history":[{"count":7,"href":"http:\/\/wolfsreise.d-l-w.de\/index.php?rest_route=\/wp\/v2\/posts\/280\/revisions"}],"predecessor-version":[{"id":309,"href":"http:\/\/wolfsreise.d-l-w.de\/index.php?rest_route=\/wp\/v2\/posts\/280\/revisions\/309"}],"wp:attachment":[{"href":"http:\/\/wolfsreise.d-l-w.de\/index.php?rest_route=%2Fwp%2Fv2%2Fmedia&parent=280"}],"wp:term":[{"taxonomy":"category","embeddable":true,"href":"http:\/\/wolfsreise.d-l-w.de\/index.php?rest_route=%2Fwp%2Fv2%2Fcategories&post=280"},{"taxonomy":"post_tag","embeddable":true,"href":"http:\/\/wolfsreise.d-l-w.de\/index.php?rest_route=%2Fwp%2Fv2%2Ftags&post=280"}],"curies":[{"name":"wp","href":"https:\/\/api.w.org\/{rel}","templated":true}]}}