{"id":2760,"date":"2019-10-08T22:33:26","date_gmt":"2019-10-08T20:33:26","guid":{"rendered":"http:\/\/wolfsreise.d-l-w.de\/?p=2760"},"modified":"2019-10-09T14:17:10","modified_gmt":"2019-10-09T12:17:10","slug":"la-chapelle-sur-dun-ruft-laut-lauter-ganz-laut","status":"publish","type":"post","link":"http:\/\/wolfsreise.d-l-w.de\/?p=2760","title":{"rendered":"La Chapelle sur Dun ruft laut, lauter, ganz laut!"},"content":{"rendered":"\n<p>Denn morgens beim Aufstehen sind jetzt nur noch ca. 9 Grad und das ist nicht nur gef\u00fchlt verdammt kalt. Auch f\u00e4llt das Kochen am Abend der K\u00e4lte und Feuchtigkeit zum Opfer, denn seit wir Gabi in Marbella verlassen haben, sind wir schnurstracks nach Norden durchgestartet. Wir m\u00fcssen es akzeptieren, die sch\u00f6ne Sommerzeit ist vorbei und einem nicht allzu freundlichen Herbst gewichen. Die Esskastanien fallen, N\u00fcsse sind reif und wir m\u00fcssen im Bus sitzen und unser abendliches Gl\u00e4schen trinken.<\/p>\n\n\n\n<p>Nein, das wollen wir nicht mehr lange machen. Aber zwischendurch springt uns noch die eine oder andere Weinregion an: \u00cantre des mers, die Touraine (unser Lieblingswein \u00c9l\u00e8phant), da m\u00fcssen wir noch schnell hin. Vielleicht ein Zimmer, vielleicht einfach weiter in die Normandie. klar ist, wenn\u2019s wirklich regnet, brechen wir die nicht aufgebauten Zelte an.<\/p>\n\n\n\n<figure class=\"wp-block-image\"><img loading=\"lazy\" decoding=\"async\" width=\"1024\" height=\"768\" src=\"http:\/\/wolfsreise.d-l-w.de\/wp-content\/uploads\/2019\/10\/2E961C15-319F-414D-9BE9-623BB735BB94-1024x768.jpeg\" alt=\"\" class=\"wp-image-2762\" srcset=\"http:\/\/wolfsreise.d-l-w.de\/wp-content\/uploads\/2019\/10\/2E961C15-319F-414D-9BE9-623BB735BB94-1024x768.jpeg 1024w, http:\/\/wolfsreise.d-l-w.de\/wp-content\/uploads\/2019\/10\/2E961C15-319F-414D-9BE9-623BB735BB94-150x113.jpeg 150w, http:\/\/wolfsreise.d-l-w.de\/wp-content\/uploads\/2019\/10\/2E961C15-319F-414D-9BE9-623BB735BB94-300x225.jpeg 300w, http:\/\/wolfsreise.d-l-w.de\/wp-content\/uploads\/2019\/10\/2E961C15-319F-414D-9BE9-623BB735BB94-768x576.jpeg 768w, http:\/\/wolfsreise.d-l-w.de\/wp-content\/uploads\/2019\/10\/2E961C15-319F-414D-9BE9-623BB735BB94.jpeg 1632w\" sizes=\"(max-width: 767px) 89vw, (max-width: 1000px) 54vw, (max-width: 1071px) 543px, 580px\" \/><\/figure>\n\n\n\n<p>Ein kleines Highlight haben wir morgen fr\u00fch noch vor uns. Wir radeln in das h\u00fcbsche St\u00e4dtchen Montmorillant, die Stadt der B\u00fccher. Wir werden irgendwo nett fr\u00fchst\u00fccken, die vielen Buchladen im herausgeputzten Mittelalterort durchst\u00f6bern und dann Richtung Tour weiter nach Norden d\u00fcsen. Ok, war nicht kalt genug f\u00fcr Fr\u00fchst\u00fcck im St\u00e4dtchen, wir fr\u00fchst\u00fccken zum letzen Mal vor dem Bus, das Brot immerhin ist warm. Dann ein kurzer Fototrip in den immer noch schlafenden Ort und ab in Richtung Lieblingswinzer am Cher.<\/p>\n\n\n\n<figure class=\"wp-block-image\"><img loading=\"lazy\" decoding=\"async\" width=\"768\" height=\"1024\" src=\"http:\/\/wolfsreise.d-l-w.de\/wp-content\/uploads\/2019\/10\/B8D1DDA6-696F-4424-A671-B310F99EFFF3-e1570566108166-768x1024.jpeg\" alt=\"\" class=\"wp-image-2765\" srcset=\"http:\/\/wolfsreise.d-l-w.de\/wp-content\/uploads\/2019\/10\/B8D1DDA6-696F-4424-A671-B310F99EFFF3-e1570566108166-768x1024.jpeg 768w, http:\/\/wolfsreise.d-l-w.de\/wp-content\/uploads\/2019\/10\/B8D1DDA6-696F-4424-A671-B310F99EFFF3-e1570566108166-113x150.jpeg 113w, http:\/\/wolfsreise.d-l-w.de\/wp-content\/uploads\/2019\/10\/B8D1DDA6-696F-4424-A671-B310F99EFFF3-e1570566108166-225x300.jpeg 225w, http:\/\/wolfsreise.d-l-w.de\/wp-content\/uploads\/2019\/10\/B8D1DDA6-696F-4424-A671-B310F99EFFF3-e1570566108166.jpeg 1536w\" sizes=\"(max-width: 767px) 89vw, (max-width: 1000px) 54vw, (max-width: 1071px) 543px, 580px\" \/><figcaption>Montmorillon, da wollen wir noch mal hin, wenn die Sonne scheint und die kleinen Buchl\u00e4den alle aufhaben.<\/figcaption><\/figure>\n\n\n\n<p>Dort warten sehns\u00fcchtig die G\u00e4rten- und Heckenscheren, wie sch\u00f6n gesagt. Die Eichh\u00f6rnchen wohl eher nicht.<\/p>\n\n\n\n<p>Wir kaufen noch jede Menge Wein beim Elefanten, dort waren wir auch schon mit Moni und Hans &#8230; das reicht f\u00fcr Weihnachten, wenn sie uns besuchen. Noch 5 Stunden, zum ersten Mal Autobahn &#8230; ab geht die Kiste.<\/p>\n\n\n\n<p>Was erwartet uns?<\/p>\n\n\n\n<p>Rosenungeheuer, Weinschlangen, Feigen, die den Weg versperren, Unkraut wo wir hinsehen, im Haus Spinnen und ihre Gewebe \u00fcberall. Aber egal: wir haben \u201eunser\u201c Bett tonight. Reise zu Ende, dar\u00fcber nachzudenken beginnt jetzt. <\/p>\n\n\n\n<figure class=\"wp-block-image\"><img loading=\"lazy\" decoding=\"async\" width=\"1024\" height=\"768\" src=\"http:\/\/wolfsreise.d-l-w.de\/wp-content\/uploads\/2019\/10\/681D3AFD-FF8D-45EF-B077-97EBEC5A5751-e1570623327660-1024x768.jpeg\" alt=\"\" class=\"wp-image-2771\" srcset=\"http:\/\/wolfsreise.d-l-w.de\/wp-content\/uploads\/2019\/10\/681D3AFD-FF8D-45EF-B077-97EBEC5A5751-e1570623327660-1024x768.jpeg 1024w, http:\/\/wolfsreise.d-l-w.de\/wp-content\/uploads\/2019\/10\/681D3AFD-FF8D-45EF-B077-97EBEC5A5751-e1570623327660-150x113.jpeg 150w, http:\/\/wolfsreise.d-l-w.de\/wp-content\/uploads\/2019\/10\/681D3AFD-FF8D-45EF-B077-97EBEC5A5751-e1570623327660-300x225.jpeg 300w, http:\/\/wolfsreise.d-l-w.de\/wp-content\/uploads\/2019\/10\/681D3AFD-FF8D-45EF-B077-97EBEC5A5751-e1570623327660-768x576.jpeg 768w, http:\/\/wolfsreise.d-l-w.de\/wp-content\/uploads\/2019\/10\/681D3AFD-FF8D-45EF-B077-97EBEC5A5751-e1570623327660.jpeg 1632w\" sizes=\"(max-width: 767px) 89vw, (max-width: 1000px) 54vw, (max-width: 1071px) 543px, 580px\" \/><figcaption>Ein letzter Gru\u00df mit Alpenveilchen &#8230; und der Herbst beginnt, nun auch f\u00fcr uns.<\/figcaption><\/figure>\n","protected":false},"excerpt":{"rendered":"<p>Denn morgens beim Aufstehen sind jetzt nur noch ca. 9 Grad und das ist nicht nur gef\u00fchlt verdammt kalt. Auch f\u00e4llt das Kochen am Abend der K\u00e4lte und Feuchtigkeit zum Opfer, denn seit wir Gabi in Marbella verlassen haben, sind wir schnurstracks nach Norden durchgestartet. Wir m\u00fcssen es akzeptieren, die sch\u00f6ne Sommerzeit ist vorbei und &hellip; <\/p>\n<p class=\"link-more\"><a href=\"http:\/\/wolfsreise.d-l-w.de\/?p=2760\" class=\"more-link\"><span class=\"screen-reader-text\">\u201eLa Chapelle sur Dun ruft laut, lauter, ganz laut!\u201c<\/span> weiterlesen<\/a><\/p>\n","protected":false},"author":2,"featured_media":0,"comment_status":"open","ping_status":"open","sticky":false,"template":"","format":"standard","meta":{"footnotes":""},"categories":[9],"tags":[],"class_list":["post-2760","post","type-post","status-publish","format-standard","hentry","category-europa-2019"],"_links":{"self":[{"href":"http:\/\/wolfsreise.d-l-w.de\/index.php?rest_route=\/wp\/v2\/posts\/2760"}],"collection":[{"href":"http:\/\/wolfsreise.d-l-w.de\/index.php?rest_route=\/wp\/v2\/posts"}],"about":[{"href":"http:\/\/wolfsreise.d-l-w.de\/index.php?rest_route=\/wp\/v2\/types\/post"}],"author":[{"embeddable":true,"href":"http:\/\/wolfsreise.d-l-w.de\/index.php?rest_route=\/wp\/v2\/users\/2"}],"replies":[{"embeddable":true,"href":"http:\/\/wolfsreise.d-l-w.de\/index.php?rest_route=%2Fwp%2Fv2%2Fcomments&post=2760"}],"version-history":[{"count":9,"href":"http:\/\/wolfsreise.d-l-w.de\/index.php?rest_route=\/wp\/v2\/posts\/2760\/revisions"}],"predecessor-version":[{"id":2772,"href":"http:\/\/wolfsreise.d-l-w.de\/index.php?rest_route=\/wp\/v2\/posts\/2760\/revisions\/2772"}],"wp:attachment":[{"href":"http:\/\/wolfsreise.d-l-w.de\/index.php?rest_route=%2Fwp%2Fv2%2Fmedia&parent=2760"}],"wp:term":[{"taxonomy":"category","embeddable":true,"href":"http:\/\/wolfsreise.d-l-w.de\/index.php?rest_route=%2Fwp%2Fv2%2Fcategories&post=2760"},{"taxonomy":"post_tag","embeddable":true,"href":"http:\/\/wolfsreise.d-l-w.de\/index.php?rest_route=%2Fwp%2Fv2%2Ftags&post=2760"}],"curies":[{"name":"wp","href":"https:\/\/api.w.org\/{rel}","templated":true}]}}