{"id":2718,"date":"2019-09-29T21:23:16","date_gmt":"2019-09-29T19:23:16","guid":{"rendered":"http:\/\/wolfsreise.d-l-w.de\/?p=2718"},"modified":"2019-10-11T17:27:38","modified_gmt":"2019-10-11T15:27:38","slug":"immer-nach-sueden-gabi-entgegen","status":"publish","type":"post","link":"http:\/\/wolfsreise.d-l-w.de\/?p=2718","title":{"rendered":"Immer nach S\u00fcden &#8211; Gabi entgegen"},"content":{"rendered":"\n<p>Kathedralen sind out, gro\u00dfe St\u00e4dte sind out, Landschaft ist in, Ruhe ist in und W\u00e4rme ebenso. Nach zwei kalten Fr\u00fchst\u00fccken ( so um die 9 Grad) wollen wir mehr warm, nicht nur Sonne am Mittag. Das hei\u00dft weiter nach S\u00fcden, immer der Nase nach. <\/p>\n\n\n\n<p>Spaniens Landschaft im Herbst kann \u00f6de. Und kann ganz langweilige Stra\u00dfen, immer gerade aus. Alles gelb, ocker, verwaschen. Was fressen blo\u00df die Schafe und K\u00fche? Nur manche haben B\u00e4ume oder Mauern, die Schatten werfen.<\/p>\n\n\n\n<figure class=\"wp-block-image\"><img loading=\"lazy\" decoding=\"async\" width=\"1024\" height=\"768\" src=\"http:\/\/wolfsreise.d-l-w.de\/wp-content\/uploads\/2019\/09\/EEBAE5B0-A43A-4002-AF84-2C154636B9AB-1024x768.jpeg\" alt=\"\" class=\"wp-image-2706\" srcset=\"http:\/\/wolfsreise.d-l-w.de\/wp-content\/uploads\/2019\/09\/EEBAE5B0-A43A-4002-AF84-2C154636B9AB-1024x768.jpeg 1024w, http:\/\/wolfsreise.d-l-w.de\/wp-content\/uploads\/2019\/09\/EEBAE5B0-A43A-4002-AF84-2C154636B9AB-150x113.jpeg 150w, http:\/\/wolfsreise.d-l-w.de\/wp-content\/uploads\/2019\/09\/EEBAE5B0-A43A-4002-AF84-2C154636B9AB-300x225.jpeg 300w, http:\/\/wolfsreise.d-l-w.de\/wp-content\/uploads\/2019\/09\/EEBAE5B0-A43A-4002-AF84-2C154636B9AB-768x576.jpeg 768w, http:\/\/wolfsreise.d-l-w.de\/wp-content\/uploads\/2019\/09\/EEBAE5B0-A43A-4002-AF84-2C154636B9AB.jpeg 2048w\" sizes=\"(max-width: 767px) 89vw, (max-width: 1000px) 54vw, (max-width: 1071px) 543px, 580px\" \/><figcaption>Spaniens Sierra im Herbst. Weite \u00d6dnis kilometerlang, immer gerade aus. Schafe, K\u00fche, Menschen und Orte kaum.<\/figcaption><\/figure>\n\n\n\n<p>Freude kommt auf, wenn ein \u00d6rtchen mit einer Bar, einem Restaurant auftaucht. Leben und Menschen gibt es doch noch. Viele werden\u2019s nicht sein.<\/p>\n\n\n\n<figure class=\"wp-block-image\"><img loading=\"lazy\" decoding=\"async\" width=\"1024\" height=\"768\" src=\"http:\/\/wolfsreise.d-l-w.de\/wp-content\/uploads\/2019\/09\/4819CD71-08FC-43D8-B955-CBF8EE0DF03D-1024x768.jpeg\" alt=\"\" class=\"wp-image-2705\" srcset=\"http:\/\/wolfsreise.d-l-w.de\/wp-content\/uploads\/2019\/09\/4819CD71-08FC-43D8-B955-CBF8EE0DF03D-1024x768.jpeg 1024w, http:\/\/wolfsreise.d-l-w.de\/wp-content\/uploads\/2019\/09\/4819CD71-08FC-43D8-B955-CBF8EE0DF03D-150x113.jpeg 150w, http:\/\/wolfsreise.d-l-w.de\/wp-content\/uploads\/2019\/09\/4819CD71-08FC-43D8-B955-CBF8EE0DF03D-300x225.jpeg 300w, http:\/\/wolfsreise.d-l-w.de\/wp-content\/uploads\/2019\/09\/4819CD71-08FC-43D8-B955-CBF8EE0DF03D-768x576.jpeg 768w, http:\/\/wolfsreise.d-l-w.de\/wp-content\/uploads\/2019\/09\/4819CD71-08FC-43D8-B955-CBF8EE0DF03D.jpeg 2048w\" sizes=\"(max-width: 767px) 89vw, (max-width: 1000px) 54vw, (max-width: 1071px) 543px, 580px\" \/><figcaption>Pampa, stundenlang!<\/figcaption><\/figure>\n\n\n\n<p>Wir steuern Casar\u00e9s an. Es ist Mittagszeit. Wie soll man sich zwischen all den Tapaserien entscheiden? Ganz einfach: wo ist gesicherter Schatten, denn inzwischen sind wieder mal 35 Grad. Flucht nach vorn!<\/p>\n\n\n\n<figure class=\"wp-block-image\"><img loading=\"lazy\" decoding=\"async\" width=\"1024\" height=\"768\" src=\"http:\/\/wolfsreise.d-l-w.de\/wp-content\/uploads\/2019\/09\/18E9D616-975A-4BEB-9B36-585671159FFB-1024x768.jpeg\" alt=\"\" class=\"wp-image-2702\" srcset=\"http:\/\/wolfsreise.d-l-w.de\/wp-content\/uploads\/2019\/09\/18E9D616-975A-4BEB-9B36-585671159FFB-1024x768.jpeg 1024w, http:\/\/wolfsreise.d-l-w.de\/wp-content\/uploads\/2019\/09\/18E9D616-975A-4BEB-9B36-585671159FFB-150x113.jpeg 150w, http:\/\/wolfsreise.d-l-w.de\/wp-content\/uploads\/2019\/09\/18E9D616-975A-4BEB-9B36-585671159FFB-300x225.jpeg 300w, http:\/\/wolfsreise.d-l-w.de\/wp-content\/uploads\/2019\/09\/18E9D616-975A-4BEB-9B36-585671159FFB-768x576.jpeg 768w, http:\/\/wolfsreise.d-l-w.de\/wp-content\/uploads\/2019\/09\/18E9D616-975A-4BEB-9B36-585671159FFB.jpeg 2048w\" sizes=\"(max-width: 767px) 89vw, (max-width: 1000px) 54vw, (max-width: 1071px) 543px, 580px\" \/><figcaption>Casar\u00e9s in seiner ganzen historischen Pracht. Ein Mittagsstop mit drei Sternen.<\/figcaption><\/figure>\n\n\n\n<figure class=\"wp-block-image\"><img loading=\"lazy\" decoding=\"async\" width=\"1024\" height=\"768\" src=\"http:\/\/wolfsreise.d-l-w.de\/wp-content\/uploads\/2019\/09\/D8C63A1D-CC7D-4DFB-AF67-0C3FA95F6199-1024x768.jpeg\" alt=\"\" class=\"wp-image-2703\" srcset=\"http:\/\/wolfsreise.d-l-w.de\/wp-content\/uploads\/2019\/09\/D8C63A1D-CC7D-4DFB-AF67-0C3FA95F6199-1024x768.jpeg 1024w, http:\/\/wolfsreise.d-l-w.de\/wp-content\/uploads\/2019\/09\/D8C63A1D-CC7D-4DFB-AF67-0C3FA95F6199-150x113.jpeg 150w, http:\/\/wolfsreise.d-l-w.de\/wp-content\/uploads\/2019\/09\/D8C63A1D-CC7D-4DFB-AF67-0C3FA95F6199-300x225.jpeg 300w, http:\/\/wolfsreise.d-l-w.de\/wp-content\/uploads\/2019\/09\/D8C63A1D-CC7D-4DFB-AF67-0C3FA95F6199-768x576.jpeg 768w, http:\/\/wolfsreise.d-l-w.de\/wp-content\/uploads\/2019\/09\/D8C63A1D-CC7D-4DFB-AF67-0C3FA95F6199.jpeg 2048w\" sizes=\"(max-width: 767px) 89vw, (max-width: 1000px) 54vw, (max-width: 1071px) 543px, 580px\" \/><figcaption>Die fast noch maurischen Pal\u00e4ste von Carar\u00e9s.<\/figcaption><\/figure>\n\n\n\n<p>Sp\u00e4ter trinken wir Caf\u00e9 auf einem Dorfplatz und sind sicher, dass ganz Spanien Sonntags essen geht, den Tag mit Freunden verplaudert, die Kinder l\u00e4rmen und alle immer lauter erz\u00e4hlen m\u00fcssen, denn sie wollen ja trotz der \u00fcblichen Lautst\u00e4rke geh\u00f6rt werden. Ob\u2019s der Alkohol macht oder das Naturell?<\/p>\n\n\n\n<p>Egal, wir ziehen weiter, sind die einzigen auf dem Camping, haben eine Talsperre, in der wir schwimmen vor der T\u00fcr und eine Bar mit Seeblick, Wein und Eisw\u00fcrfeln. 22.00 Uhr 22 Grad. Was wollen wir noch mehr?<\/p>\n\n\n\n<p>Zu Gabi!<\/p>\n\n\n\n<figure class=\"wp-block-image\"><img loading=\"lazy\" decoding=\"async\" width=\"1024\" height=\"843\" src=\"http:\/\/wolfsreise.d-l-w.de\/wp-content\/uploads\/2019\/10\/220DB144-AA81-48D6-8324-526C65804EB1-1024x843.jpeg\" alt=\"\" class=\"wp-image-2745\" srcset=\"http:\/\/wolfsreise.d-l-w.de\/wp-content\/uploads\/2019\/10\/220DB144-AA81-48D6-8324-526C65804EB1-1024x843.jpeg 1024w, http:\/\/wolfsreise.d-l-w.de\/wp-content\/uploads\/2019\/10\/220DB144-AA81-48D6-8324-526C65804EB1-150x124.jpeg 150w, http:\/\/wolfsreise.d-l-w.de\/wp-content\/uploads\/2019\/10\/220DB144-AA81-48D6-8324-526C65804EB1-300x247.jpeg 300w, http:\/\/wolfsreise.d-l-w.de\/wp-content\/uploads\/2019\/10\/220DB144-AA81-48D6-8324-526C65804EB1-768x633.jpeg 768w, http:\/\/wolfsreise.d-l-w.de\/wp-content\/uploads\/2019\/10\/220DB144-AA81-48D6-8324-526C65804EB1.jpeg 1865w\" sizes=\"(max-width: 767px) 89vw, (max-width: 1000px) 54vw, (max-width: 1071px) 543px, 580px\" \/><figcaption>Endlos \u00f6de trockene Weite (wie es hier wohl im Fr\u00fchling bl\u00fcht?) wechseln mit einsamen Bergen.<\/figcaption><\/figure>\n\n\n\n<figure class=\"wp-block-image\"><img loading=\"lazy\" decoding=\"async\" width=\"1024\" height=\"768\" src=\"http:\/\/wolfsreise.d-l-w.de\/wp-content\/uploads\/2019\/10\/3F348F2E-06DD-475C-98C4-9C8127F032B5-1024x768.jpeg\" alt=\"\" class=\"wp-image-2746\" srcset=\"http:\/\/wolfsreise.d-l-w.de\/wp-content\/uploads\/2019\/10\/3F348F2E-06DD-475C-98C4-9C8127F032B5-1024x768.jpeg 1024w, http:\/\/wolfsreise.d-l-w.de\/wp-content\/uploads\/2019\/10\/3F348F2E-06DD-475C-98C4-9C8127F032B5-150x113.jpeg 150w, http:\/\/wolfsreise.d-l-w.de\/wp-content\/uploads\/2019\/10\/3F348F2E-06DD-475C-98C4-9C8127F032B5-300x225.jpeg 300w, http:\/\/wolfsreise.d-l-w.de\/wp-content\/uploads\/2019\/10\/3F348F2E-06DD-475C-98C4-9C8127F032B5-768x576.jpeg 768w, http:\/\/wolfsreise.d-l-w.de\/wp-content\/uploads\/2019\/10\/3F348F2E-06DD-475C-98C4-9C8127F032B5.jpeg 2048w\" sizes=\"(max-width: 767px) 89vw, (max-width: 1000px) 54vw, (max-width: 1071px) 543px, 580px\" \/><figcaption>Die Waldbrandgefahr isr hoch, ehe wir in den Nationalpark fahren und die kleine, enge und kaum befahrene Bergstra\u00dfe bew\u00e4ltigen, werden wir von einem Ranger angehalten, Papiere kontrolliert und Autokennzeichen vermehrt. Der Hubschrauber steht auf seinem Platz um jederzeit L\u00f6scheins\u00e4tze fliegen zu k\u00f6nnen. Pinien und Eukalyptus brennen wie Zunder. Hoffentlich nicht mehr in diesem Jahr!<\/figcaption><\/figure>\n\n\n\n<p>Dann kommt das Ende unserer Reise schon in Sicht. Wir werden zur\u00fcck die Autobahn nehmen, uns noch eine Pause bei unserem Lieblingswinzer an der Loire g\u00f6nnen und Mitte Oktober in der Normandie landen.<\/p>\n\n\n\n<p>Es wird Zeit, die Campingpl\u00e4tze schlie\u00dfen, die Schwimmb\u00e4der sind schon leer und im Norden m\u00fcssen wir wieder die Schlafs\u00e4cke herausholen. Wie zu Beginn unserer Grand Tour. <\/p>\n","protected":false},"excerpt":{"rendered":"<p>Kathedralen sind out, gro\u00dfe St\u00e4dte sind out, Landschaft ist in, Ruhe ist in und W\u00e4rme ebenso. Nach zwei kalten Fr\u00fchst\u00fccken ( so um die 9 Grad) wollen wir mehr warm, nicht nur Sonne am Mittag. Das hei\u00dft weiter nach S\u00fcden, immer der Nase nach. Spaniens Landschaft im Herbst kann \u00f6de. Und kann ganz langweilige Stra\u00dfen, &hellip; <\/p>\n<p class=\"link-more\"><a href=\"http:\/\/wolfsreise.d-l-w.de\/?p=2718\" class=\"more-link\"><span class=\"screen-reader-text\">\u201eImmer nach S\u00fcden &#8211; Gabi entgegen\u201c<\/span> weiterlesen<\/a><\/p>\n","protected":false},"author":2,"featured_media":0,"comment_status":"open","ping_status":"open","sticky":false,"template":"","format":"standard","meta":{"footnotes":""},"categories":[9],"tags":[],"class_list":["post-2718","post","type-post","status-publish","format-standard","hentry","category-europa-2019"],"_links":{"self":[{"href":"http:\/\/wolfsreise.d-l-w.de\/index.php?rest_route=\/wp\/v2\/posts\/2718"}],"collection":[{"href":"http:\/\/wolfsreise.d-l-w.de\/index.php?rest_route=\/wp\/v2\/posts"}],"about":[{"href":"http:\/\/wolfsreise.d-l-w.de\/index.php?rest_route=\/wp\/v2\/types\/post"}],"author":[{"embeddable":true,"href":"http:\/\/wolfsreise.d-l-w.de\/index.php?rest_route=\/wp\/v2\/users\/2"}],"replies":[{"embeddable":true,"href":"http:\/\/wolfsreise.d-l-w.de\/index.php?rest_route=%2Fwp%2Fv2%2Fcomments&post=2718"}],"version-history":[{"count":13,"href":"http:\/\/wolfsreise.d-l-w.de\/index.php?rest_route=\/wp\/v2\/posts\/2718\/revisions"}],"predecessor-version":[{"id":2748,"href":"http:\/\/wolfsreise.d-l-w.de\/index.php?rest_route=\/wp\/v2\/posts\/2718\/revisions\/2748"}],"wp:attachment":[{"href":"http:\/\/wolfsreise.d-l-w.de\/index.php?rest_route=%2Fwp%2Fv2%2Fmedia&parent=2718"}],"wp:term":[{"taxonomy":"category","embeddable":true,"href":"http:\/\/wolfsreise.d-l-w.de\/index.php?rest_route=%2Fwp%2Fv2%2Fcategories&post=2718"},{"taxonomy":"post_tag","embeddable":true,"href":"http:\/\/wolfsreise.d-l-w.de\/index.php?rest_route=%2Fwp%2Fv2%2Ftags&post=2718"}],"curies":[{"name":"wp","href":"https:\/\/api.w.org\/{rel}","templated":true}]}}