{"id":2691,"date":"2019-09-29T20:40:23","date_gmt":"2019-09-29T18:40:23","guid":{"rendered":"http:\/\/wolfsreise.d-l-w.de\/?p=2691"},"modified":"2019-11-13T14:21:06","modified_gmt":"2019-11-13T13:21:06","slug":"salamanca-und-die-letzten-kathedralen-auf-dem-weg-zur-heiligsprechung","status":"publish","type":"post","link":"http:\/\/wolfsreise.d-l-w.de\/?p=2691","title":{"rendered":"Salamanca und die letzten Kathedralen auf dem Weg zur Heiligsprechung"},"content":{"rendered":"\n<p>Nat\u00fcrlich nicht von uns, eher von allen m\u00f6glichen mit denen wir ohnehin nicht bekannt sind und auch nicht werden.<\/p>\n\n\n\n<figure class=\"wp-block-image\"><img loading=\"lazy\" decoding=\"async\" width=\"1024\" height=\"768\" src=\"http:\/\/wolfsreise.d-l-w.de\/wp-content\/uploads\/2019\/09\/A2B4866B-1F7A-4FAF-BE6B-8063559EDF67-1024x768.jpeg\" alt=\"\" class=\"wp-image-2676\" srcset=\"http:\/\/wolfsreise.d-l-w.de\/wp-content\/uploads\/2019\/09\/A2B4866B-1F7A-4FAF-BE6B-8063559EDF67-1024x768.jpeg 1024w, http:\/\/wolfsreise.d-l-w.de\/wp-content\/uploads\/2019\/09\/A2B4866B-1F7A-4FAF-BE6B-8063559EDF67-150x113.jpeg 150w, http:\/\/wolfsreise.d-l-w.de\/wp-content\/uploads\/2019\/09\/A2B4866B-1F7A-4FAF-BE6B-8063559EDF67-300x225.jpeg 300w, http:\/\/wolfsreise.d-l-w.de\/wp-content\/uploads\/2019\/09\/A2B4866B-1F7A-4FAF-BE6B-8063559EDF67-768x576.jpeg 768w, http:\/\/wolfsreise.d-l-w.de\/wp-content\/uploads\/2019\/09\/A2B4866B-1F7A-4FAF-BE6B-8063559EDF67.jpeg 2048w\" sizes=\"(max-width: 767px) 89vw, (max-width: 1000px) 54vw, (max-width: 1071px) 543px, 580px\" \/><figcaption>Der sch\u00f6nste Platz Spaniens, Plaza Major, verkleinert auf eine \u201ehandliche\u201c Gr\u00f6\u00dfe, Stierk\u00e4mpfe, M\u00e4rkte etc. finden dort heute nicht mehr statt, nur noch Touri-Abfertigung. Wir fl\u00fcchten ob all der Sch\u00f6nheit.<\/figcaption><\/figure>\n\n\n\n<p>Salamanca geht nicht ohne Kathedralen &#8211; auch wenn es viel anderes zu sehen gibt. Und es das Hauptquartier Francos im spanischen B\u00fcrgerkrieg war und heute das Zentrum der Erinnerung an diesen Krieg beherbergt. Diesmal besuchen wir das Museum nicht, zuviel spanisch, zu wenig englisch. Ein Anderes mal.<\/p>\n\n\n\n<figure class=\"wp-block-image\"><img loading=\"lazy\" decoding=\"async\" width=\"1024\" height=\"768\" src=\"http:\/\/wolfsreise.d-l-w.de\/wp-content\/uploads\/2019\/09\/9CF7F55E-D723-45E1-B9DB-346D97A401B6-1024x768.jpeg\" alt=\"\" class=\"wp-image-2677\" srcset=\"http:\/\/wolfsreise.d-l-w.de\/wp-content\/uploads\/2019\/09\/9CF7F55E-D723-45E1-B9DB-346D97A401B6-1024x768.jpeg 1024w, http:\/\/wolfsreise.d-l-w.de\/wp-content\/uploads\/2019\/09\/9CF7F55E-D723-45E1-B9DB-346D97A401B6-150x113.jpeg 150w, http:\/\/wolfsreise.d-l-w.de\/wp-content\/uploads\/2019\/09\/9CF7F55E-D723-45E1-B9DB-346D97A401B6-300x225.jpeg 300w, http:\/\/wolfsreise.d-l-w.de\/wp-content\/uploads\/2019\/09\/9CF7F55E-D723-45E1-B9DB-346D97A401B6-768x576.jpeg 768w, http:\/\/wolfsreise.d-l-w.de\/wp-content\/uploads\/2019\/09\/9CF7F55E-D723-45E1-B9DB-346D97A401B6.jpeg 2048w\" sizes=\"(max-width: 767px) 89vw, (max-width: 1000px) 54vw, (max-width: 1071px) 543px, 580px\" \/><figcaption>Der Mittelpunkt des gro\u00dfen Platzes &#8211; spanisch geflaggt.<\/figcaption><\/figure>\n\n\n\n<p>Ich stolpere \u00fcber eine kleine feine und alternative Kunstausstellung mit K\u00fcnstlern, die kleine B\u00fccher, Statements und andere politische Karikaturen drucken und eine alternative Zeitschrift ver\u00f6ffentlichen. Dabei verliere ich Gerd, der wie fast immer, schon weit voraus ist. Telefone sind doch n\u00fctzlich.<\/p>\n\n\n\n<p>Ok, dann Kathedralen, eine alte und eine viel gr\u00f6\u00dfere neue  und in beiden Hochzeiten. Ok, wir h\u00f6ren wieder alles \u00fcber alle Heiligen, Bisch\u00f6fe, P\u00e4pste, Baumeister und Sponsoren und vergessen alles gleich wieder.<\/p>\n\n\n\n<figure class=\"wp-block-image\"><img loading=\"lazy\" decoding=\"async\" width=\"1024\" height=\"768\" src=\"http:\/\/wolfsreise.d-l-w.de\/wp-content\/uploads\/2019\/09\/071D3413-0584-4E95-9895-16CD7979847B-1024x768.jpeg\" alt=\"\" class=\"wp-image-2729\" srcset=\"http:\/\/wolfsreise.d-l-w.de\/wp-content\/uploads\/2019\/09\/071D3413-0584-4E95-9895-16CD7979847B-1024x768.jpeg 1024w, http:\/\/wolfsreise.d-l-w.de\/wp-content\/uploads\/2019\/09\/071D3413-0584-4E95-9895-16CD7979847B-150x113.jpeg 150w, http:\/\/wolfsreise.d-l-w.de\/wp-content\/uploads\/2019\/09\/071D3413-0584-4E95-9895-16CD7979847B-300x225.jpeg 300w, http:\/\/wolfsreise.d-l-w.de\/wp-content\/uploads\/2019\/09\/071D3413-0584-4E95-9895-16CD7979847B-768x576.jpeg 768w, http:\/\/wolfsreise.d-l-w.de\/wp-content\/uploads\/2019\/09\/071D3413-0584-4E95-9895-16CD7979847B.jpeg 2048w\" sizes=\"(max-width: 767px) 89vw, (max-width: 1000px) 54vw, (max-width: 1071px) 543px, 580px\" \/><figcaption>Das Doppelmonster in G\u00e4nze.<\/figcaption><\/figure>\n\n\n\n<figure class=\"wp-block-image\"><img loading=\"lazy\" decoding=\"async\" width=\"729\" height=\"1024\" src=\"http:\/\/wolfsreise.d-l-w.de\/wp-content\/uploads\/2019\/09\/FF779E2D-374E-4F28-A2A2-D50F6820389A-729x1024.jpeg\" alt=\"\" class=\"wp-image-2732\" srcset=\"http:\/\/wolfsreise.d-l-w.de\/wp-content\/uploads\/2019\/09\/FF779E2D-374E-4F28-A2A2-D50F6820389A-729x1024.jpeg 729w, http:\/\/wolfsreise.d-l-w.de\/wp-content\/uploads\/2019\/09\/FF779E2D-374E-4F28-A2A2-D50F6820389A-107x150.jpeg 107w, http:\/\/wolfsreise.d-l-w.de\/wp-content\/uploads\/2019\/09\/FF779E2D-374E-4F28-A2A2-D50F6820389A-214x300.jpeg 214w, http:\/\/wolfsreise.d-l-w.de\/wp-content\/uploads\/2019\/09\/FF779E2D-374E-4F28-A2A2-D50F6820389A-768x1079.jpeg 768w, http:\/\/wolfsreise.d-l-w.de\/wp-content\/uploads\/2019\/09\/FF779E2D-374E-4F28-A2A2-D50F6820389A.jpeg 1536w\" sizes=\"(max-width: 729px) 100vw, 729px\" \/><figcaption>Gotik in robuster Pracht. Hochzeit ebenso.<\/figcaption><\/figure>\n\n\n\n<figure class=\"wp-block-image\"><img loading=\"lazy\" decoding=\"async\" width=\"1024\" height=\"768\" src=\"http:\/\/wolfsreise.d-l-w.de\/wp-content\/uploads\/2019\/09\/6BE1AFB6-B2A3-49D5-97FE-47CF636C7ADF-1024x768.jpeg\" alt=\"\" class=\"wp-image-2709\" srcset=\"http:\/\/wolfsreise.d-l-w.de\/wp-content\/uploads\/2019\/09\/6BE1AFB6-B2A3-49D5-97FE-47CF636C7ADF-1024x768.jpeg 1024w, http:\/\/wolfsreise.d-l-w.de\/wp-content\/uploads\/2019\/09\/6BE1AFB6-B2A3-49D5-97FE-47CF636C7ADF-150x113.jpeg 150w, http:\/\/wolfsreise.d-l-w.de\/wp-content\/uploads\/2019\/09\/6BE1AFB6-B2A3-49D5-97FE-47CF636C7ADF-300x225.jpeg 300w, http:\/\/wolfsreise.d-l-w.de\/wp-content\/uploads\/2019\/09\/6BE1AFB6-B2A3-49D5-97FE-47CF636C7ADF-768x576.jpeg 768w, http:\/\/wolfsreise.d-l-w.de\/wp-content\/uploads\/2019\/09\/6BE1AFB6-B2A3-49D5-97FE-47CF636C7ADF.jpeg 2048w\" sizes=\"(max-width: 767px) 89vw, (max-width: 1000px) 54vw, (max-width: 1071px) 543px, 580px\" \/><figcaption>Die alte fr\u00fchgotische oder sp\u00e4tromanische Kathedrale von hinten &#8211; prachtvoll wie von vorn.<\/figcaption><\/figure>\n\n\n\n<p>Ansonsten toll, gigantisch, protzig, alles, was das Herz begehrt- kurz vor der Heiligsprechung. <\/p>\n\n\n\n<figure class=\"wp-block-image\"><img loading=\"lazy\" decoding=\"async\" width=\"1024\" height=\"768\" src=\"http:\/\/wolfsreise.d-l-w.de\/wp-content\/uploads\/2019\/09\/1F5E6A60-DFDA-4D95-8757-E440E9C550CD-e1569781983220-1024x768.jpeg\" alt=\"\" class=\"wp-image-2707\" srcset=\"http:\/\/wolfsreise.d-l-w.de\/wp-content\/uploads\/2019\/09\/1F5E6A60-DFDA-4D95-8757-E440E9C550CD-e1569781983220-1024x768.jpeg 1024w, http:\/\/wolfsreise.d-l-w.de\/wp-content\/uploads\/2019\/09\/1F5E6A60-DFDA-4D95-8757-E440E9C550CD-e1569781983220-150x113.jpeg 150w, http:\/\/wolfsreise.d-l-w.de\/wp-content\/uploads\/2019\/09\/1F5E6A60-DFDA-4D95-8757-E440E9C550CD-e1569781983220-300x225.jpeg 300w, http:\/\/wolfsreise.d-l-w.de\/wp-content\/uploads\/2019\/09\/1F5E6A60-DFDA-4D95-8757-E440E9C550CD-e1569781983220-768x576.jpeg 768w\" sizes=\"(max-width: 767px) 89vw, (max-width: 1000px) 54vw, (max-width: 1071px) 543px, 580px\" \/><figcaption>Das Gew\u00f6lbe aus Glas entsch\u00e4digt f\u00fcr den Inhalt des Museums; der Art Deco Palast Casa LIS.<\/figcaption><\/figure>\n\n\n\n<figure class=\"wp-block-image\"><img loading=\"lazy\" decoding=\"async\" width=\"401\" height=\"1024\" src=\"http:\/\/wolfsreise.d-l-w.de\/wp-content\/uploads\/2019\/09\/722C117F-E5A5-4B77-B3E9-5D77B8C11833-401x1024.jpeg\" alt=\"\" class=\"wp-image-2708\" srcset=\"http:\/\/wolfsreise.d-l-w.de\/wp-content\/uploads\/2019\/09\/722C117F-E5A5-4B77-B3E9-5D77B8C11833-401x1024.jpeg 401w, http:\/\/wolfsreise.d-l-w.de\/wp-content\/uploads\/2019\/09\/722C117F-E5A5-4B77-B3E9-5D77B8C11833-59x150.jpeg 59w, http:\/\/wolfsreise.d-l-w.de\/wp-content\/uploads\/2019\/09\/722C117F-E5A5-4B77-B3E9-5D77B8C11833-118x300.jpeg 118w, http:\/\/wolfsreise.d-l-w.de\/wp-content\/uploads\/2019\/09\/722C117F-E5A5-4B77-B3E9-5D77B8C11833-768x1960.jpeg 768w, http:\/\/wolfsreise.d-l-w.de\/wp-content\/uploads\/2019\/09\/722C117F-E5A5-4B77-B3E9-5D77B8C11833.jpeg 977w\" sizes=\"(max-width: 401px) 100vw, 401px\" \/><figcaption>Mehr Art Deco geht nicht und kitschiger auch nicht, wie sch\u00f6n?<\/figcaption><\/figure>\n","protected":false},"excerpt":{"rendered":"<p>Nat\u00fcrlich nicht von uns, eher von allen m\u00f6glichen mit denen wir ohnehin nicht bekannt sind und auch nicht werden. Salamanca geht nicht ohne Kathedralen &#8211; auch wenn es viel anderes zu sehen gibt. Und es das Hauptquartier Francos im spanischen B\u00fcrgerkrieg war und heute das Zentrum der Erinnerung an diesen Krieg beherbergt. Diesmal besuchen wir &hellip; <\/p>\n<p class=\"link-more\"><a href=\"http:\/\/wolfsreise.d-l-w.de\/?p=2691\" class=\"more-link\"><span class=\"screen-reader-text\">\u201eSalamanca und die letzten Kathedralen auf dem Weg zur Heiligsprechung\u201c<\/span> weiterlesen<\/a><\/p>\n","protected":false},"author":2,"featured_media":0,"comment_status":"open","ping_status":"open","sticky":false,"template":"","format":"standard","meta":{"footnotes":""},"categories":[9],"tags":[],"class_list":["post-2691","post","type-post","status-publish","format-standard","hentry","category-europa-2019"],"_links":{"self":[{"href":"http:\/\/wolfsreise.d-l-w.de\/index.php?rest_route=\/wp\/v2\/posts\/2691"}],"collection":[{"href":"http:\/\/wolfsreise.d-l-w.de\/index.php?rest_route=\/wp\/v2\/posts"}],"about":[{"href":"http:\/\/wolfsreise.d-l-w.de\/index.php?rest_route=\/wp\/v2\/types\/post"}],"author":[{"embeddable":true,"href":"http:\/\/wolfsreise.d-l-w.de\/index.php?rest_route=\/wp\/v2\/users\/2"}],"replies":[{"embeddable":true,"href":"http:\/\/wolfsreise.d-l-w.de\/index.php?rest_route=%2Fwp%2Fv2%2Fcomments&post=2691"}],"version-history":[{"count":15,"href":"http:\/\/wolfsreise.d-l-w.de\/index.php?rest_route=\/wp\/v2\/posts\/2691\/revisions"}],"predecessor-version":[{"id":2780,"href":"http:\/\/wolfsreise.d-l-w.de\/index.php?rest_route=\/wp\/v2\/posts\/2691\/revisions\/2780"}],"wp:attachment":[{"href":"http:\/\/wolfsreise.d-l-w.de\/index.php?rest_route=%2Fwp%2Fv2%2Fmedia&parent=2691"}],"wp:term":[{"taxonomy":"category","embeddable":true,"href":"http:\/\/wolfsreise.d-l-w.de\/index.php?rest_route=%2Fwp%2Fv2%2Fcategories&post=2691"},{"taxonomy":"post_tag","embeddable":true,"href":"http:\/\/wolfsreise.d-l-w.de\/index.php?rest_route=%2Fwp%2Fv2%2Ftags&post=2691"}],"curies":[{"name":"wp","href":"https:\/\/api.w.org\/{rel}","templated":true}]}}