{"id":2634,"date":"2019-09-26T22:20:43","date_gmt":"2019-09-26T20:20:43","guid":{"rendered":"http:\/\/wolfsreise.d-l-w.de\/?p=2634"},"modified":"2019-11-13T14:28:32","modified_gmt":"2019-11-13T13:28:32","slug":"ein-tag-voller-hindernisse-und-keine-erfreulichen-ende-gut-alles-gut","status":"publish","type":"post","link":"http:\/\/wolfsreise.d-l-w.de\/?p=2634","title":{"rendered":"Ein Tag voller Hindernisse &#8211; und keine erfreulichen; Ende gut, alles gut."},"content":{"rendered":"\n<p>Zuerst war die Stra\u00dfe nach Ria\u00f1o gesperrt. Wir folgten der Umleitung, dann dem Navi in die Berge. Es wollte aber nur nach 15 min Serpentinen bequem wenden, um wieder auf die gesperrte Stra\u00dfe zu fahren. Also folgten wir nun den Schildern. Es gab sowieso keine Alternative und dann kaum Abzweigungen.&nbsp;<\/p>\n\n\n\n<p>Dieser Umweg f\u00fchrte uns durch enge Felsschluchten, die dem Fahrer den Blick in den Himmel verstellten.&nbsp;<\/p>\n\n\n\n<p>Dann \u00fcber einen Pass. Hinter uns ein beeindruckendes Felsmassiv und gr\u00fcne Bergweiden auf der anderen Seite. Hin und wieder ein Dorf, sehr gepflegte H\u00e4user, manche frisch renoviert.&nbsp;<\/p>\n\n\n\n<figure class=\"wp-block-image\"><img loading=\"lazy\" decoding=\"async\" width=\"1024\" height=\"768\" src=\"http:\/\/wolfsreise.d-l-w.de\/wp-content\/uploads\/2019\/09\/CEF0FEB6-280F-4985-9DCB-CE94CCFB1070-1024x768.jpeg\" alt=\"\" class=\"wp-image-2639\" srcset=\"http:\/\/wolfsreise.d-l-w.de\/wp-content\/uploads\/2019\/09\/CEF0FEB6-280F-4985-9DCB-CE94CCFB1070-1024x768.jpeg 1024w, http:\/\/wolfsreise.d-l-w.de\/wp-content\/uploads\/2019\/09\/CEF0FEB6-280F-4985-9DCB-CE94CCFB1070-150x113.jpeg 150w, http:\/\/wolfsreise.d-l-w.de\/wp-content\/uploads\/2019\/09\/CEF0FEB6-280F-4985-9DCB-CE94CCFB1070-300x225.jpeg 300w, http:\/\/wolfsreise.d-l-w.de\/wp-content\/uploads\/2019\/09\/CEF0FEB6-280F-4985-9DCB-CE94CCFB1070-768x576.jpeg 768w, http:\/\/wolfsreise.d-l-w.de\/wp-content\/uploads\/2019\/09\/CEF0FEB6-280F-4985-9DCB-CE94CCFB1070.jpeg 2048w\" sizes=\"(max-width: 767px) 89vw, (max-width: 1000px) 54vw, (max-width: 1071px) 543px, 580px\" \/><figcaption>Der NP der Picos &#8230;<\/figcaption><\/figure>\n\n\n\n<figure class=\"wp-block-image\"><img loading=\"lazy\" decoding=\"async\" width=\"1024\" height=\"768\" src=\"http:\/\/wolfsreise.d-l-w.de\/wp-content\/uploads\/2019\/09\/8A6B97C1-401E-44B1-8CD2-89B527E94204-1024x768.jpeg\" alt=\"\" class=\"wp-image-2640\" srcset=\"http:\/\/wolfsreise.d-l-w.de\/wp-content\/uploads\/2019\/09\/8A6B97C1-401E-44B1-8CD2-89B527E94204-1024x768.jpeg 1024w, http:\/\/wolfsreise.d-l-w.de\/wp-content\/uploads\/2019\/09\/8A6B97C1-401E-44B1-8CD2-89B527E94204-150x113.jpeg 150w, http:\/\/wolfsreise.d-l-w.de\/wp-content\/uploads\/2019\/09\/8A6B97C1-401E-44B1-8CD2-89B527E94204-300x225.jpeg 300w, http:\/\/wolfsreise.d-l-w.de\/wp-content\/uploads\/2019\/09\/8A6B97C1-401E-44B1-8CD2-89B527E94204-768x576.jpeg 768w, http:\/\/wolfsreise.d-l-w.de\/wp-content\/uploads\/2019\/09\/8A6B97C1-401E-44B1-8CD2-89B527E94204.jpeg 2048w\" sizes=\"(max-width: 767px) 89vw, (max-width: 1000px) 54vw, (max-width: 1071px) 543px, 580px\" \/><figcaption>Mit Morgennebel.<\/figcaption><\/figure>\n\n\n\n<p>Nach sehr vielen Kurven kamen wir zur\u00fcck auf die urspr\u00fcngliche Stra\u00dfe, um nach etlichen weiteren Kurven vor einer Absperrung zu stehen. Stra\u00dfe gesperrt von 8:30 &#8211; 13 und 15 &#8211; 20 Uhr.&nbsp; Ein franz\u00f6sisches Paar im Wohnmobil hatte schon das Picknick ausgepackt. Wir fuhren zur\u00fcck zu einer kleinen Bar.<\/p>\n\n\n\n<p>Das Tagesmen\u00fc gab es nicht. Nur crocetos und chorrizo mit Wasser und Kaffee. Aber dann nach der Baustelle das bl\u00f6deste, das passieren konnte, einen platten Reifen und keine Chance die Radmuttern los zu bekommen. Also mitten in den Bergen bei schlechter Telefonverbindung einen Pannendienst besorgen und hoffen, hoffen \u2026  soweit, so schlecht.  Bis L\u00e9on, der Stadt in der es vielleicht neue Reifen gibt,  mind. 2 Stunden \u00fcber Bergstra\u00dfen weit weg. Aber noch scheint die Sonne und erst am Abend wird es kalt \u2026 <\/p>\n\n\n\n<figure class=\"wp-block-image\"><img loading=\"lazy\" decoding=\"async\" width=\"1024\" height=\"768\" src=\"http:\/\/wolfsreise.d-l-w.de\/wp-content\/uploads\/2019\/09\/0E6E3E73-22A5-4705-AE37-78C10A365E6C-1024x768.jpeg\" alt=\"\" class=\"wp-image-2635\" srcset=\"http:\/\/wolfsreise.d-l-w.de\/wp-content\/uploads\/2019\/09\/0E6E3E73-22A5-4705-AE37-78C10A365E6C-1024x768.jpeg 1024w, http:\/\/wolfsreise.d-l-w.de\/wp-content\/uploads\/2019\/09\/0E6E3E73-22A5-4705-AE37-78C10A365E6C-150x113.jpeg 150w, http:\/\/wolfsreise.d-l-w.de\/wp-content\/uploads\/2019\/09\/0E6E3E73-22A5-4705-AE37-78C10A365E6C-300x225.jpeg 300w, http:\/\/wolfsreise.d-l-w.de\/wp-content\/uploads\/2019\/09\/0E6E3E73-22A5-4705-AE37-78C10A365E6C-768x576.jpeg 768w\" sizes=\"(max-width: 767px) 89vw, (max-width: 1000px) 54vw, (max-width: 1071px) 543px, 580px\" \/><figcaption>Der yellow Plattfu\u00df am steilen Berg auf einer der einsamsten Stra\u00dfen Spaniens &#8211; er hat einen tollen Ausblick, wir harren aus.<\/figcaption><\/figure>\n\n\n\n<p>Die Stra\u00dfensperrung h\u00e4lt den Abschleppdienst eine Extrastunde auf. Wir versuchen erneut den Pannendienst in Deutschland zu aktivieren, doch gerade als sie wieder ans Telefon gehen, kommt er um die Ecke.  Das Ersatzrad unter dem Auto h\u00e4tte Gerd ohne hervorragende Werkzeughilfe und das Aufbocken des Autos niemals rausholen k\u00f6nnen, denn  der Schraubenschl\u00fcssel, den VW spendiert hat um die Radmuttern zu l\u00f6sen, passt bei den Alufelgen nicht richtig auf die Schrauben. Damit kann man nicht mal Einbrecher erschrecken. Wir werden ihn  ersetzen m\u00fcssen durch was Anst\u00e4ndiges &#8211; f\u00fcrs n\u00e4chste Mal. Es ist unsere vierte Reifenpanne. Wir haben ein ungl\u00fcckliches Abbo darauf. Jedenfalls erreichen wir Leon, Reifenflicken geht nicht, er macht Beulen. Morgen gibts neue Puschen. Wir erreichen den Campingplatz gegen 20.30, schon fast im Halbdunkel nach einer kurzen Irrfahrt \u00fcber ganz m\u00f6rderische Feldwege. Aber: tolle Landschaft, schroffe Bergmassive des Pico de Europa, weite sonnige Hochebenen k\u00f6nnten entsch\u00e4digen. Wir nehmen heute mal zu wenig davon wahr. Wir sind entschuldigt!<\/p>\n\n\n\n<p>Der einzige, der sich freuen kann, Ist Lars, denn nun habe ich Zeit sein Expos\u00e9 zu lesen.  <\/p>\n\n\n\n<p>Und Lars hatte doch nicht so viel Gl\u00fcck, ich konnte mich nicht recht konzentrieren. Das wird sch\u00f6n noch.  Erst als die Reifen gewechselt werden, aber ich dann doch Zeit f\u00fcr Lars. Un der Gerd ist es nicht, der unter dem Auto liegt.<\/p>\n\n\n\n<figure class=\"wp-block-image\"><img loading=\"lazy\" decoding=\"async\" width=\"1024\" height=\"765\" src=\"http:\/\/wolfsreise.d-l-w.de\/wp-content\/uploads\/2019\/09\/947E068A-1498-4FBE-BEFA-998FB8288EA0-e1569609204981-1024x765.jpeg\" alt=\"\" class=\"wp-image-2654\" srcset=\"http:\/\/wolfsreise.d-l-w.de\/wp-content\/uploads\/2019\/09\/947E068A-1498-4FBE-BEFA-998FB8288EA0-e1569609204981-1024x765.jpeg 1024w, http:\/\/wolfsreise.d-l-w.de\/wp-content\/uploads\/2019\/09\/947E068A-1498-4FBE-BEFA-998FB8288EA0-e1569609204981-150x112.jpeg 150w, http:\/\/wolfsreise.d-l-w.de\/wp-content\/uploads\/2019\/09\/947E068A-1498-4FBE-BEFA-998FB8288EA0-e1569609204981-300x224.jpeg 300w, http:\/\/wolfsreise.d-l-w.de\/wp-content\/uploads\/2019\/09\/947E068A-1498-4FBE-BEFA-998FB8288EA0-e1569609204981-768x574.jpeg 768w\" sizes=\"(max-width: 767px) 89vw, (max-width: 1000px) 54vw, (max-width: 1071px) 543px, 580px\" \/><figcaption>F\u00fcr Frauen ein aussichtsloses Unterfangen. Und welcher Mann traut sich das auf freier Strecke zu, wenn Muttern streiken und das Werkzeug von VW eher nix taugt? Wir kaufen neue Knarren und besorgen ein Stahlrohr, f\u00fcrs n\u00e4chste Mal.<\/figcaption><\/figure>\n","protected":false},"excerpt":{"rendered":"<p>Zuerst war die Stra\u00dfe nach Ria\u00f1o gesperrt. Wir folgten der Umleitung, dann dem Navi in die Berge. Es wollte aber nur nach 15 min Serpentinen bequem wenden, um wieder auf die gesperrte Stra\u00dfe zu fahren. Also folgten wir nun den Schildern. Es gab sowieso keine Alternative und dann kaum Abzweigungen.&nbsp; Dieser Umweg f\u00fchrte uns durch &hellip; <\/p>\n<p class=\"link-more\"><a href=\"http:\/\/wolfsreise.d-l-w.de\/?p=2634\" class=\"more-link\"><span class=\"screen-reader-text\">\u201eEin Tag voller Hindernisse &#8211; und keine erfreulichen; Ende gut, alles gut.\u201c<\/span> weiterlesen<\/a><\/p>\n","protected":false},"author":2,"featured_media":0,"comment_status":"open","ping_status":"open","sticky":false,"template":"","format":"standard","meta":{"footnotes":""},"categories":[9],"tags":[],"class_list":["post-2634","post","type-post","status-publish","format-standard","hentry","category-europa-2019"],"_links":{"self":[{"href":"http:\/\/wolfsreise.d-l-w.de\/index.php?rest_route=\/wp\/v2\/posts\/2634"}],"collection":[{"href":"http:\/\/wolfsreise.d-l-w.de\/index.php?rest_route=\/wp\/v2\/posts"}],"about":[{"href":"http:\/\/wolfsreise.d-l-w.de\/index.php?rest_route=\/wp\/v2\/types\/post"}],"author":[{"embeddable":true,"href":"http:\/\/wolfsreise.d-l-w.de\/index.php?rest_route=\/wp\/v2\/users\/2"}],"replies":[{"embeddable":true,"href":"http:\/\/wolfsreise.d-l-w.de\/index.php?rest_route=%2Fwp%2Fv2%2Fcomments&post=2634"}],"version-history":[{"count":9,"href":"http:\/\/wolfsreise.d-l-w.de\/index.php?rest_route=\/wp\/v2\/posts\/2634\/revisions"}],"predecessor-version":[{"id":2781,"href":"http:\/\/wolfsreise.d-l-w.de\/index.php?rest_route=\/wp\/v2\/posts\/2634\/revisions\/2781"}],"wp:attachment":[{"href":"http:\/\/wolfsreise.d-l-w.de\/index.php?rest_route=%2Fwp%2Fv2%2Fmedia&parent=2634"}],"wp:term":[{"taxonomy":"category","embeddable":true,"href":"http:\/\/wolfsreise.d-l-w.de\/index.php?rest_route=%2Fwp%2Fv2%2Fcategories&post=2634"},{"taxonomy":"post_tag","embeddable":true,"href":"http:\/\/wolfsreise.d-l-w.de\/index.php?rest_route=%2Fwp%2Fv2%2Ftags&post=2634"}],"curies":[{"name":"wp","href":"https:\/\/api.w.org\/{rel}","templated":true}]}}