{"id":2621,"date":"2019-09-25T13:23:36","date_gmt":"2019-09-25T11:23:36","guid":{"rendered":"http:\/\/wolfsreise.d-l-w.de\/?p=2621"},"modified":"2019-09-26T22:36:31","modified_gmt":"2019-09-26T20:36:31","slug":"ein-morgen-am-spanischen-atlantik","status":"publish","type":"post","link":"http:\/\/wolfsreise.d-l-w.de\/?p=2621","title":{"rendered":"Ein Morgen am spanischen Atlantik"},"content":{"rendered":"\n<p>Nachdem Gerd von den 21 Bodegas in Haro nur bei dreien Rioja probieren durfte und auch die eine Flasche f\u00fcr 141 Euro nicht gekauft hat (sondern nur 5 Flaschen, mehr passten nicht aufs Fahrrad und in den Rucksack), es au\u00dferdem regnerisch-kalt war, sind wir Richtung Meer abgebogen. Auch hier ist es erfrischend, morgens 15 Grad und erst nach 10 Uhr kommt die Sonne und w\u00e4rmt unsere F\u00fc\u00dfe.&nbsp;<\/p>\n\n\n\n<p>Aber ein berauschender Blick auf ein wildes Meer. Wie kalt das Wasser ist, werden wir sp\u00e4ter testen.<\/p>\n\n\n\n<figure class=\"wp-block-image\"><img loading=\"lazy\" decoding=\"async\" width=\"1024\" height=\"765\" src=\"http:\/\/wolfsreise.d-l-w.de\/wp-content\/uploads\/2019\/09\/B33110DE-3E66-4848-93E0-532101D63F25-e1569410523582-1024x765.jpeg\" alt=\"\" class=\"wp-image-2623\" srcset=\"http:\/\/wolfsreise.d-l-w.de\/wp-content\/uploads\/2019\/09\/B33110DE-3E66-4848-93E0-532101D63F25-e1569410523582-1024x765.jpeg 1024w, http:\/\/wolfsreise.d-l-w.de\/wp-content\/uploads\/2019\/09\/B33110DE-3E66-4848-93E0-532101D63F25-e1569410523582-150x112.jpeg 150w, http:\/\/wolfsreise.d-l-w.de\/wp-content\/uploads\/2019\/09\/B33110DE-3E66-4848-93E0-532101D63F25-e1569410523582-300x224.jpeg 300w, http:\/\/wolfsreise.d-l-w.de\/wp-content\/uploads\/2019\/09\/B33110DE-3E66-4848-93E0-532101D63F25-e1569410523582-768x574.jpeg 768w\" sizes=\"(max-width: 767px) 89vw, (max-width: 1000px) 54vw, (max-width: 1071px) 543px, 580px\" \/><figcaption>Morgens der erste Blick.<\/figcaption><\/figure>\n\n\n\n<figure class=\"wp-block-image\"><img loading=\"lazy\" decoding=\"async\" width=\"1024\" height=\"768\" src=\"http:\/\/wolfsreise.d-l-w.de\/wp-content\/uploads\/2019\/09\/CC2E2D8A-14E2-4E68-B2C6-0748B85C56F3-1024x768.jpeg\" alt=\"\" class=\"wp-image-2631\" srcset=\"http:\/\/wolfsreise.d-l-w.de\/wp-content\/uploads\/2019\/09\/CC2E2D8A-14E2-4E68-B2C6-0748B85C56F3-1024x768.jpeg 1024w, http:\/\/wolfsreise.d-l-w.de\/wp-content\/uploads\/2019\/09\/CC2E2D8A-14E2-4E68-B2C6-0748B85C56F3-150x113.jpeg 150w, http:\/\/wolfsreise.d-l-w.de\/wp-content\/uploads\/2019\/09\/CC2E2D8A-14E2-4E68-B2C6-0748B85C56F3-300x225.jpeg 300w, http:\/\/wolfsreise.d-l-w.de\/wp-content\/uploads\/2019\/09\/CC2E2D8A-14E2-4E68-B2C6-0748B85C56F3-768x576.jpeg 768w\" sizes=\"(max-width: 767px) 89vw, (max-width: 1000px) 54vw, (max-width: 1071px) 543px, 580px\" \/><figcaption>Und dann der zweite Blick! Baden abgelehnt, zu kalt, zu viel unbekannte Str\u00f6mung.<\/figcaption><\/figure>\n\n\n\n<p>Wir haben wieder Sterne gesammelt. Die Kathedrale von Burgos hat gleich drei. Weltkulturerbe, durchorganisierter Tourismus, jeder bekommt einen Telefonh\u00f6rer in seiner Sprache. Zwei Stunden kann man alle Wohlt\u00e4ter, K\u00f6nige, Bisch\u00f6fe, F\u00fcrsten und F\u00fcrstinnen, Heilige und weniger Heilige, Baumeister und Bauh\u00fctten auswendig lernen, denn dieser riesige Bau bietet alles. Und das seit dem 12. Jahrhundert. F\u00fcr dieses Kunstwerk &#8211; die erste Kathedrale im gotischen Stil in Spanien &#8211; wurde eine k\u00f6nigliche Residenz abgerissen. Was tut Mann nicht alles f\u00fcr das eigene Seelenheil. Und wer dort begraben werden wollte, der musste schon eine Kapelle stiften und ein Rentabel spendieren. Eines \u201egoldiger\u201c als das andere.\u00a0<\/p>\n\n\n\n<p>Billig und Demut geht anders.  <\/p>\n\n\n\n<figure class=\"wp-block-image\"><img loading=\"lazy\" decoding=\"async\" width=\"1024\" height=\"768\" src=\"http:\/\/wolfsreise.d-l-w.de\/wp-content\/uploads\/2019\/09\/CC40A7A8-B3B8-413C-AD83-8AB20EBF6C4C-1024x768.jpeg\" alt=\"\" class=\"wp-image-2608\" srcset=\"http:\/\/wolfsreise.d-l-w.de\/wp-content\/uploads\/2019\/09\/CC40A7A8-B3B8-413C-AD83-8AB20EBF6C4C-1024x768.jpeg 1024w, http:\/\/wolfsreise.d-l-w.de\/wp-content\/uploads\/2019\/09\/CC40A7A8-B3B8-413C-AD83-8AB20EBF6C4C-150x113.jpeg 150w, http:\/\/wolfsreise.d-l-w.de\/wp-content\/uploads\/2019\/09\/CC40A7A8-B3B8-413C-AD83-8AB20EBF6C4C-300x225.jpeg 300w, http:\/\/wolfsreise.d-l-w.de\/wp-content\/uploads\/2019\/09\/CC40A7A8-B3B8-413C-AD83-8AB20EBF6C4C-768x576.jpeg 768w, http:\/\/wolfsreise.d-l-w.de\/wp-content\/uploads\/2019\/09\/CC40A7A8-B3B8-413C-AD83-8AB20EBF6C4C.jpeg 2048w\" sizes=\"(max-width: 767px) 89vw, (max-width: 1000px) 54vw, (max-width: 1071px) 543px, 580px\" \/><figcaption>Die! Kathedrale von Burgos in ihrer martialischen Pracht<\/figcaption><\/figure>\n\n\n\n<figure class=\"wp-block-image\"><img loading=\"lazy\" decoding=\"async\" width=\"768\" height=\"1024\" src=\"http:\/\/wolfsreise.d-l-w.de\/wp-content\/uploads\/2019\/09\/9F538C6B-6828-42E4-92EE-30952385C2EE-e1569408870403-768x1024.jpeg\" alt=\"\" class=\"wp-image-2609\" srcset=\"http:\/\/wolfsreise.d-l-w.de\/wp-content\/uploads\/2019\/09\/9F538C6B-6828-42E4-92EE-30952385C2EE-e1569408870403-768x1024.jpeg 768w, http:\/\/wolfsreise.d-l-w.de\/wp-content\/uploads\/2019\/09\/9F538C6B-6828-42E4-92EE-30952385C2EE-e1569408870403-113x150.jpeg 113w, http:\/\/wolfsreise.d-l-w.de\/wp-content\/uploads\/2019\/09\/9F538C6B-6828-42E4-92EE-30952385C2EE-e1569408870403-225x300.jpeg 225w, http:\/\/wolfsreise.d-l-w.de\/wp-content\/uploads\/2019\/09\/9F538C6B-6828-42E4-92EE-30952385C2EE-e1569408870403.jpeg 1536w\" sizes=\"(max-width: 767px) 89vw, (max-width: 1000px) 54vw, (max-width: 1071px) 543px, 580px\" \/><figcaption>Transzendente Unendlichkeit, dem Himmel am n\u00e4chsten<\/figcaption><\/figure>\n\n\n\n<figure class=\"wp-block-image\"><img loading=\"lazy\" decoding=\"async\" width=\"768\" height=\"1024\" src=\"http:\/\/wolfsreise.d-l-w.de\/wp-content\/uploads\/2019\/09\/D4DCDBE5-4F1F-44C0-ABF6-18E93A243A06-e1569408806418-768x1024.jpeg\" alt=\"\" class=\"wp-image-2610\" srcset=\"http:\/\/wolfsreise.d-l-w.de\/wp-content\/uploads\/2019\/09\/D4DCDBE5-4F1F-44C0-ABF6-18E93A243A06-e1569408806418-768x1024.jpeg 768w, http:\/\/wolfsreise.d-l-w.de\/wp-content\/uploads\/2019\/09\/D4DCDBE5-4F1F-44C0-ABF6-18E93A243A06-e1569408806418-113x150.jpeg 113w, http:\/\/wolfsreise.d-l-w.de\/wp-content\/uploads\/2019\/09\/D4DCDBE5-4F1F-44C0-ABF6-18E93A243A06-e1569408806418-225x300.jpeg 225w, http:\/\/wolfsreise.d-l-w.de\/wp-content\/uploads\/2019\/09\/D4DCDBE5-4F1F-44C0-ABF6-18E93A243A06-e1569408806418.jpeg 1536w\" sizes=\"(max-width: 767px) 89vw, (max-width: 1000px) 54vw, (max-width: 1071px) 543px, 580px\" \/><figcaption>Meisterliches Gold f\u00fcr die Ewigkeit<\/figcaption><\/figure>\n","protected":false},"excerpt":{"rendered":"<p>Nachdem Gerd von den 21 Bodegas in Haro nur bei dreien Rioja probieren durfte und auch die eine Flasche f\u00fcr 141 Euro nicht gekauft hat (sondern nur 5 Flaschen, mehr passten nicht aufs Fahrrad und in den Rucksack), es au\u00dferdem regnerisch-kalt war, sind wir Richtung Meer abgebogen. Auch hier ist es erfrischend, morgens 15 Grad &hellip; <\/p>\n<p class=\"link-more\"><a href=\"http:\/\/wolfsreise.d-l-w.de\/?p=2621\" class=\"more-link\"><span class=\"screen-reader-text\">\u201eEin Morgen am spanischen Atlantik\u201c<\/span> weiterlesen<\/a><\/p>\n","protected":false},"author":2,"featured_media":0,"comment_status":"open","ping_status":"open","sticky":false,"template":"","format":"standard","meta":{"footnotes":""},"categories":[9],"tags":[],"class_list":["post-2621","post","type-post","status-publish","format-standard","hentry","category-europa-2019"],"_links":{"self":[{"href":"http:\/\/wolfsreise.d-l-w.de\/index.php?rest_route=\/wp\/v2\/posts\/2621"}],"collection":[{"href":"http:\/\/wolfsreise.d-l-w.de\/index.php?rest_route=\/wp\/v2\/posts"}],"about":[{"href":"http:\/\/wolfsreise.d-l-w.de\/index.php?rest_route=\/wp\/v2\/types\/post"}],"author":[{"embeddable":true,"href":"http:\/\/wolfsreise.d-l-w.de\/index.php?rest_route=\/wp\/v2\/users\/2"}],"replies":[{"embeddable":true,"href":"http:\/\/wolfsreise.d-l-w.de\/index.php?rest_route=%2Fwp%2Fv2%2Fcomments&post=2621"}],"version-history":[{"count":7,"href":"http:\/\/wolfsreise.d-l-w.de\/index.php?rest_route=\/wp\/v2\/posts\/2621\/revisions"}],"predecessor-version":[{"id":2646,"href":"http:\/\/wolfsreise.d-l-w.de\/index.php?rest_route=\/wp\/v2\/posts\/2621\/revisions\/2646"}],"wp:attachment":[{"href":"http:\/\/wolfsreise.d-l-w.de\/index.php?rest_route=%2Fwp%2Fv2%2Fmedia&parent=2621"}],"wp:term":[{"taxonomy":"category","embeddable":true,"href":"http:\/\/wolfsreise.d-l-w.de\/index.php?rest_route=%2Fwp%2Fv2%2Fcategories&post=2621"},{"taxonomy":"post_tag","embeddable":true,"href":"http:\/\/wolfsreise.d-l-w.de\/index.php?rest_route=%2Fwp%2Fv2%2Ftags&post=2621"}],"curies":[{"name":"wp","href":"https:\/\/api.w.org\/{rel}","templated":true}]}}