{"id":2612,"date":"2019-09-25T13:13:38","date_gmt":"2019-09-25T11:13:38","guid":{"rendered":"http:\/\/wolfsreise.d-l-w.de\/?p=2612"},"modified":"2019-09-26T22:25:31","modified_gmt":"2019-09-26T20:25:31","slug":"nach-spanien-durch-die-pyrenaeen","status":"publish","type":"post","link":"http:\/\/wolfsreise.d-l-w.de\/?p=2612","title":{"rendered":"Nach Spanien durch die Pyren\u00e4en"},"content":{"rendered":"\n<p>Den erstem spanischen Kaffee (eindeutig besser als der franz\u00f6sische) trinken wir in Salies de B\u00e9arn und \u00fcberlegen kurz ob wir da bleiben sollen, weil es so ein h\u00fcbsches St\u00e4dtchen ist. Salz k\u00f6nnen wir leider nicht kaufen, es ist Samstag Mittag. Wir sind auf dem Weg nach Santiago de Compostella. Wir eindeutig nicht, aber die Masse an Pilgern, die am Stra\u00dfenrand permanent von Autos \u00fcberholt werden, lassen es uns wissen. Von Kontemplation oder spiritueller Einkehr k\u00f6nnen wir nichts entdecken. Nur \u00f6de an der Stra\u00dfe laufen, durch abgeerntete Felder ohne Baum und Strauch, ein zweifelhaftes Vergn\u00fcgen, jedenfalls von au\u00dfen betrachtet.<\/p>\n\n\n\n<p> <\/p>\n\n\n\n<figure class=\"wp-block-image\"><img loading=\"lazy\" decoding=\"async\" width=\"1024\" height=\"768\" src=\"http:\/\/wolfsreise.d-l-w.de\/wp-content\/uploads\/2019\/09\/02BC8A09-AF3E-4A2A-A900-24FC8BC88B10-1024x768.jpeg\" alt=\"\" class=\"wp-image-2602\" srcset=\"http:\/\/wolfsreise.d-l-w.de\/wp-content\/uploads\/2019\/09\/02BC8A09-AF3E-4A2A-A900-24FC8BC88B10-1024x768.jpeg 1024w, http:\/\/wolfsreise.d-l-w.de\/wp-content\/uploads\/2019\/09\/02BC8A09-AF3E-4A2A-A900-24FC8BC88B10-150x113.jpeg 150w, http:\/\/wolfsreise.d-l-w.de\/wp-content\/uploads\/2019\/09\/02BC8A09-AF3E-4A2A-A900-24FC8BC88B10-300x225.jpeg 300w, http:\/\/wolfsreise.d-l-w.de\/wp-content\/uploads\/2019\/09\/02BC8A09-AF3E-4A2A-A900-24FC8BC88B10-768x576.jpeg 768w, http:\/\/wolfsreise.d-l-w.de\/wp-content\/uploads\/2019\/09\/02BC8A09-AF3E-4A2A-A900-24FC8BC88B10.jpeg 2048w\" sizes=\"(max-width: 767px) 89vw, (max-width: 1000px) 54vw, (max-width: 1071px) 543px, 580px\" \/><figcaption>Salies de B\u00e9arn<\/figcaption><\/figure>\n\n\n\n<p>Der erste Zeltplatz ist ebenso \u00f6de, ohne Baum und gr\u00fcn. Wir verlasen ihn sofort wieder und fahren weiter bis Estella. Erstaunt \u00fcber die Morbidit\u00e4t der Stadt, die vielen leeren Gesch\u00e4fte, dunkle Gassen mit schr\u00e4gen Gestalten, finden wir doch noch eine nette Tapabar und vers\u00f6hnen uns mit dem Ort. An sich sehr sch\u00f6ne H\u00e4user, brauchen dringend neues Leben.<\/p>\n\n\n\n<figure class=\"wp-block-image\"><img loading=\"lazy\" decoding=\"async\" width=\"1024\" height=\"768\" src=\"http:\/\/wolfsreise.d-l-w.de\/wp-content\/uploads\/2019\/09\/D02B1623-C46F-4DC9-AEBD-45484304CC0E-1024x768.jpeg\" alt=\"\" class=\"wp-image-2603\" srcset=\"http:\/\/wolfsreise.d-l-w.de\/wp-content\/uploads\/2019\/09\/D02B1623-C46F-4DC9-AEBD-45484304CC0E-1024x768.jpeg 1024w, http:\/\/wolfsreise.d-l-w.de\/wp-content\/uploads\/2019\/09\/D02B1623-C46F-4DC9-AEBD-45484304CC0E-150x113.jpeg 150w, http:\/\/wolfsreise.d-l-w.de\/wp-content\/uploads\/2019\/09\/D02B1623-C46F-4DC9-AEBD-45484304CC0E-300x225.jpeg 300w, http:\/\/wolfsreise.d-l-w.de\/wp-content\/uploads\/2019\/09\/D02B1623-C46F-4DC9-AEBD-45484304CC0E-768x576.jpeg 768w, http:\/\/wolfsreise.d-l-w.de\/wp-content\/uploads\/2019\/09\/D02B1623-C46F-4DC9-AEBD-45484304CC0E.jpeg 2048w\" sizes=\"(max-width: 767px) 89vw, (max-width: 1000px) 54vw, (max-width: 1071px) 543px, 580px\" \/><figcaption>Haro wunderbarer Barock <\/figcaption><\/figure>\n\n\n\n<figure class=\"wp-block-image\"><img loading=\"lazy\" decoding=\"async\" width=\"768\" height=\"1024\" src=\"http:\/\/wolfsreise.d-l-w.de\/wp-content\/uploads\/2019\/09\/F910A190-91EC-4212-A743-7EED4965DAFA-e1569409054553-768x1024.jpeg\" alt=\"\" class=\"wp-image-2604\" srcset=\"http:\/\/wolfsreise.d-l-w.de\/wp-content\/uploads\/2019\/09\/F910A190-91EC-4212-A743-7EED4965DAFA-e1569409054553-768x1024.jpeg 768w, http:\/\/wolfsreise.d-l-w.de\/wp-content\/uploads\/2019\/09\/F910A190-91EC-4212-A743-7EED4965DAFA-e1569409054553-113x150.jpeg 113w, http:\/\/wolfsreise.d-l-w.de\/wp-content\/uploads\/2019\/09\/F910A190-91EC-4212-A743-7EED4965DAFA-e1569409054553-225x300.jpeg 225w\" sizes=\"(max-width: 767px) 89vw, (max-width: 1000px) 54vw, (max-width: 1071px) 543px, 580px\" \/><figcaption>Haro braucht neue M\u00e4nner!<\/figcaption><\/figure>\n\n\n\n<p>Ein Reminiszenz an Ulli f\u00fchrt uns nach Logro\u00f1o aufs Weinfest, auf das die ganze Stadtbev\u00f6lkerung zu pilgern scheint. Und es ist der Tag des Stierkampfes.<\/p>\n\n\n\n<figure class=\"wp-block-image\"><img loading=\"lazy\" decoding=\"async\" width=\"1024\" height=\"768\" src=\"http:\/\/wolfsreise.d-l-w.de\/wp-content\/uploads\/2019\/09\/AA15C9D3-6399-46E0-ACCD-5F2C4BF0D0B0-1024x768.jpeg\" alt=\"\" class=\"wp-image-2607\" srcset=\"http:\/\/wolfsreise.d-l-w.de\/wp-content\/uploads\/2019\/09\/AA15C9D3-6399-46E0-ACCD-5F2C4BF0D0B0-1024x768.jpeg 1024w, http:\/\/wolfsreise.d-l-w.de\/wp-content\/uploads\/2019\/09\/AA15C9D3-6399-46E0-ACCD-5F2C4BF0D0B0-150x113.jpeg 150w, http:\/\/wolfsreise.d-l-w.de\/wp-content\/uploads\/2019\/09\/AA15C9D3-6399-46E0-ACCD-5F2C4BF0D0B0-300x225.jpeg 300w, http:\/\/wolfsreise.d-l-w.de\/wp-content\/uploads\/2019\/09\/AA15C9D3-6399-46E0-ACCD-5F2C4BF0D0B0-768x576.jpeg 768w\" sizes=\"(max-width: 767px) 89vw, (max-width: 1000px) 54vw, (max-width: 1071px) 543px, 580px\" \/><figcaption>Kampflos? Niemals!<\/figcaption><\/figure>\n\n\n\n<figure class=\"wp-block-image\"><img loading=\"lazy\" decoding=\"async\" width=\"1024\" height=\"768\" src=\"http:\/\/wolfsreise.d-l-w.de\/wp-content\/uploads\/2019\/09\/592455AB-8EE6-491F-A049-33B2824256C0-1024x768.jpeg\" alt=\"\" class=\"wp-image-2611\" srcset=\"http:\/\/wolfsreise.d-l-w.de\/wp-content\/uploads\/2019\/09\/592455AB-8EE6-491F-A049-33B2824256C0-1024x768.jpeg 1024w, http:\/\/wolfsreise.d-l-w.de\/wp-content\/uploads\/2019\/09\/592455AB-8EE6-491F-A049-33B2824256C0-150x113.jpeg 150w, http:\/\/wolfsreise.d-l-w.de\/wp-content\/uploads\/2019\/09\/592455AB-8EE6-491F-A049-33B2824256C0-300x225.jpeg 300w, http:\/\/wolfsreise.d-l-w.de\/wp-content\/uploads\/2019\/09\/592455AB-8EE6-491F-A049-33B2824256C0-768x576.jpeg 768w\" sizes=\"(max-width: 767px) 89vw, (max-width: 1000px) 54vw, (max-width: 1071px) 543px, 580px\" \/><figcaption>Keine Bierflaschen, lecker F\u00fc\u00dfe im Feuer.<\/figcaption><\/figure>\n\n\n\n<p>Das W\u00fcrth-Museum Spanien ist ein Muss. Wer so viel Geld mit Schrauben gemacht hat, kann sich auch einen Kusttempel leisten. Au\u00dfer uns ist noch ein weiteres Paar da! Das wars!<\/p>\n\n\n\n<figure class=\"wp-block-image\"><img loading=\"lazy\" decoding=\"async\" width=\"1024\" height=\"768\" src=\"http:\/\/wolfsreise.d-l-w.de\/wp-content\/uploads\/2019\/09\/72E1EF62-B35F-4A28-8AB4-0641622CFB98-1024x768.jpeg\" alt=\"\" class=\"wp-image-2605\" srcset=\"http:\/\/wolfsreise.d-l-w.de\/wp-content\/uploads\/2019\/09\/72E1EF62-B35F-4A28-8AB4-0641622CFB98-1024x768.jpeg 1024w, http:\/\/wolfsreise.d-l-w.de\/wp-content\/uploads\/2019\/09\/72E1EF62-B35F-4A28-8AB4-0641622CFB98-150x113.jpeg 150w, http:\/\/wolfsreise.d-l-w.de\/wp-content\/uploads\/2019\/09\/72E1EF62-B35F-4A28-8AB4-0641622CFB98-300x225.jpeg 300w, http:\/\/wolfsreise.d-l-w.de\/wp-content\/uploads\/2019\/09\/72E1EF62-B35F-4A28-8AB4-0641622CFB98-768x576.jpeg 768w\" sizes=\"(max-width: 767px) 89vw, (max-width: 1000px) 54vw, (max-width: 1071px) 543px, 580px\" \/><figcaption>Sabala 1956: in the supermarket, wo sonst?<\/figcaption><\/figure>\n\n\n\n<p>Rioja &#8211; Mehr als Wein, wohl kaum; ein weinseliger Campingplatz in Haro.<\/p>\n","protected":false},"excerpt":{"rendered":"<p>Den erstem spanischen Kaffee (eindeutig besser als der franz\u00f6sische) trinken wir in Salies de B\u00e9arn und \u00fcberlegen kurz ob wir da bleiben sollen, weil es so ein h\u00fcbsches St\u00e4dtchen ist. Salz k\u00f6nnen wir leider nicht kaufen, es ist Samstag Mittag. Wir sind auf dem Weg nach Santiago de Compostella. Wir eindeutig nicht, aber die Masse &hellip; <\/p>\n<p class=\"link-more\"><a href=\"http:\/\/wolfsreise.d-l-w.de\/?p=2612\" class=\"more-link\"><span class=\"screen-reader-text\">\u201eNach Spanien durch die Pyren\u00e4en\u201c<\/span> weiterlesen<\/a><\/p>\n","protected":false},"author":2,"featured_media":0,"comment_status":"open","ping_status":"open","sticky":false,"template":"","format":"standard","meta":{"footnotes":""},"categories":[9],"tags":[],"class_list":["post-2612","post","type-post","status-publish","format-standard","hentry","category-europa-2019"],"_links":{"self":[{"href":"http:\/\/wolfsreise.d-l-w.de\/index.php?rest_route=\/wp\/v2\/posts\/2612"}],"collection":[{"href":"http:\/\/wolfsreise.d-l-w.de\/index.php?rest_route=\/wp\/v2\/posts"}],"about":[{"href":"http:\/\/wolfsreise.d-l-w.de\/index.php?rest_route=\/wp\/v2\/types\/post"}],"author":[{"embeddable":true,"href":"http:\/\/wolfsreise.d-l-w.de\/index.php?rest_route=\/wp\/v2\/users\/2"}],"replies":[{"embeddable":true,"href":"http:\/\/wolfsreise.d-l-w.de\/index.php?rest_route=%2Fwp%2Fv2%2Fcomments&post=2612"}],"version-history":[{"count":10,"href":"http:\/\/wolfsreise.d-l-w.de\/index.php?rest_route=\/wp\/v2\/posts\/2612\/revisions"}],"predecessor-version":[{"id":2782,"href":"http:\/\/wolfsreise.d-l-w.de\/index.php?rest_route=\/wp\/v2\/posts\/2612\/revisions\/2782"}],"wp:attachment":[{"href":"http:\/\/wolfsreise.d-l-w.de\/index.php?rest_route=%2Fwp%2Fv2%2Fmedia&parent=2612"}],"wp:term":[{"taxonomy":"category","embeddable":true,"href":"http:\/\/wolfsreise.d-l-w.de\/index.php?rest_route=%2Fwp%2Fv2%2Fcategories&post=2612"},{"taxonomy":"post_tag","embeddable":true,"href":"http:\/\/wolfsreise.d-l-w.de\/index.php?rest_route=%2Fwp%2Fv2%2Ftags&post=2612"}],"curies":[{"name":"wp","href":"https:\/\/api.w.org\/{rel}","templated":true}]}}