{"id":260,"date":"2015-03-26T18:41:18","date_gmt":"2015-03-26T17:41:18","guid":{"rendered":"http:\/\/wolfsreise.d-l-w.de\/?p=260"},"modified":"2018-06-22T15:40:06","modified_gmt":"2018-06-22T13:40:06","slug":"geschichte-wiegt-schwer-pflanzenzuechter-noch-mehr","status":"publish","type":"post","link":"http:\/\/wolfsreise.d-l-w.de\/?p=260","title":{"rendered":"Geschichte wiegt schwer, Pflanzenb\u00fccher noch mehr"},"content":{"rendered":"<p>Weil Evora ja eigentlich ein kleines Dorf ist und fast jeder jeden kennt, treffe sogar ich eine der Professorinnen zuf\u00e4lligerweise auf dem Platz der Kathedrale. Sie zieht mich gleich mit zu ihrem Auto, weil sie morgen nicht in der Uni ist und irgendwo ihr neues Buch pr\u00e4sentieren muss. Ich hatte sie gebeten mich in ihremPflanzenb\u00fccher schauen zu lassen und nun stehe ich mit einem drei Kilo Pflanzenbuch unterm Arm da, das B\u00e4ume und Str\u00e4ucher Portugals listet. Ein dickes, schwerwiegendes Geschenk. Vielleicht ist es hier schon wie im arabischen. Kaum findet man etwas sch\u00f6n oder interessant, schon bekommt f<i>rau<\/i> es geschenkt. Es gilt vorsichtig zu sein.<\/p>\n<p>Dann stolpere ich ganz zuf\u00e4llig \u00fcber die Grundmauern der alten R\u00f6mer. Von der &#8222;Hauptseite&#8220; waren sie schon zu sehen, gro\u00dfe Fenster, verschlossene T\u00fcr und null Hinweis, dass es,auch reingeht. Aber auf der R\u00fcckseite, die vermutlich einst die Vorderdeite des Palastes der HERREN (und Damen) von Bougos war, geht&#8217;s tats\u00e4chlich rein &#8211; noch immer ohne Hinweis, denn gleichzeitig ist das Ministerium f\u00fcr Kultur dort untergebracht. Die gelangweilten Empfangsdamen nehmen mich freundlich an die Hand und ich kann mich selbst in die r\u00f6mischen Grabkammern st\u00fcrzen. Erkl\u00e4rungen gibt&#8217;s auf Portugiesisch, also keine!<\/p>\n<p>&nbsp;<img decoding=\"async\" src=\"http:\/\/wolfsreise.d-l-w.de\/wp-content\/uploads\/2015\/03\/IMG_0197.jpg\" alt=\"\">&nbsp;<span style=\"line-height: 28px;\">&nbsp;<\/span><\/p>\n<p><img decoding=\"async\" src=\"http:\/\/wolfsreise.d-l-w.de\/wp-content\/uploads\/2015\/03\/IMG_0201.jpg\" alt=\"\">&nbsp;<\/p>\n<p><i>Da sind sie, die alten R\u00f6mer und Obelix hat den Schutt, der dar\u00fcber lag, weggeschafft<\/i><\/p>\n<p>Die Mauern sind bestimmt 15 m hoch aus gleichm\u00e4\u00dfig behauenen Steinhudern, f\u00fcr die Ewigkeit. Da kann man schon mal einen dicken Palazzo daraufstellen.<\/p>\n<p><\/p>\n","protected":false},"excerpt":{"rendered":"<p>Weil Evora ja eigentlich ein kleines Dorf ist und fast jeder jeden kennt, treffe sogar ich eine der Professorinnen zuf\u00e4lligerweise auf dem Platz der Kathedrale. Sie zieht mich gleich mit zu ihrem Auto, weil sie morgen nicht in der Uni ist und irgendwo ihr neues Buch pr\u00e4sentieren muss. Ich hatte sie gebeten mich in ihremPflanzenb\u00fccher &hellip; <\/p>\n<p class=\"link-more\"><a href=\"http:\/\/wolfsreise.d-l-w.de\/?p=260\" class=\"more-link\"><span class=\"screen-reader-text\">\u201eGeschichte wiegt schwer, Pflanzenb\u00fccher noch mehr\u201c<\/span> weiterlesen<\/a><\/p>\n","protected":false},"author":2,"featured_media":0,"comment_status":"open","ping_status":"open","sticky":false,"template":"","format":"standard","meta":{"footnotes":""},"categories":[8],"tags":[],"class_list":["post-260","post","type-post","status-publish","format-standard","hentry","category-portugal"],"_links":{"self":[{"href":"http:\/\/wolfsreise.d-l-w.de\/index.php?rest_route=\/wp\/v2\/posts\/260"}],"collection":[{"href":"http:\/\/wolfsreise.d-l-w.de\/index.php?rest_route=\/wp\/v2\/posts"}],"about":[{"href":"http:\/\/wolfsreise.d-l-w.de\/index.php?rest_route=\/wp\/v2\/types\/post"}],"author":[{"embeddable":true,"href":"http:\/\/wolfsreise.d-l-w.de\/index.php?rest_route=\/wp\/v2\/users\/2"}],"replies":[{"embeddable":true,"href":"http:\/\/wolfsreise.d-l-w.de\/index.php?rest_route=%2Fwp%2Fv2%2Fcomments&post=260"}],"version-history":[{"count":2,"href":"http:\/\/wolfsreise.d-l-w.de\/index.php?rest_route=\/wp\/v2\/posts\/260\/revisions"}],"predecessor-version":[{"id":262,"href":"http:\/\/wolfsreise.d-l-w.de\/index.php?rest_route=\/wp\/v2\/posts\/260\/revisions\/262"}],"wp:attachment":[{"href":"http:\/\/wolfsreise.d-l-w.de\/index.php?rest_route=%2Fwp%2Fv2%2Fmedia&parent=260"}],"wp:term":[{"taxonomy":"category","embeddable":true,"href":"http:\/\/wolfsreise.d-l-w.de\/index.php?rest_route=%2Fwp%2Fv2%2Fcategories&post=260"},{"taxonomy":"post_tag","embeddable":true,"href":"http:\/\/wolfsreise.d-l-w.de\/index.php?rest_route=%2Fwp%2Fv2%2Ftags&post=260"}],"curies":[{"name":"wp","href":"https:\/\/api.w.org\/{rel}","templated":true}]}}