{"id":2552,"date":"2019-09-24T18:46:01","date_gmt":"2019-09-24T16:46:01","guid":{"rendered":"http:\/\/wolfsreise.d-l-w.de\/?p=2552"},"modified":"2019-09-26T22:34:07","modified_gmt":"2019-09-26T20:34:07","slug":"auf-nach-albi-und-aubin-die-pyrenaeen","status":"publish","type":"post","link":"http:\/\/wolfsreise.d-l-w.de\/?p=2552","title":{"rendered":"Auf nach Albi und ab in die Pyren\u00e4en"},"content":{"rendered":"\n<p>Wir k\u00f6nnen uns nicht trennen. Ruth, Moni, Conni, Paul, Hans, Theis und wir starten gemeinsam und wollen uns in Albi die Kathedrale und das Toulouse-Lautrec Museum reinziehen. Zuvor zeigen Hans und Moni Lieblingspl\u00e4tze ihrer \u201eSommerheimat\u201c, die wir alle lieben und immer wieder sehen wollen. Z.B. all diese kleinen Bergst\u00e4dtchen mit uralten Br\u00fccken, verwinkelten Gassen und steilen Aufstiegen, die Ruth mit Bravour und tapfer bew\u00e4ltigt. <\/p>\n\n\n\n<figure class=\"wp-block-image\"><img loading=\"lazy\" decoding=\"async\" width=\"1024\" height=\"768\" src=\"http:\/\/wolfsreise.d-l-w.de\/wp-content\/uploads\/2019\/09\/6F5B9734-61E0-4A87-A207-D88B736F21BC-1024x768.jpeg\" alt=\"\" class=\"wp-image-2555\" srcset=\"http:\/\/wolfsreise.d-l-w.de\/wp-content\/uploads\/2019\/09\/6F5B9734-61E0-4A87-A207-D88B736F21BC-1024x768.jpeg 1024w, http:\/\/wolfsreise.d-l-w.de\/wp-content\/uploads\/2019\/09\/6F5B9734-61E0-4A87-A207-D88B736F21BC-150x113.jpeg 150w, http:\/\/wolfsreise.d-l-w.de\/wp-content\/uploads\/2019\/09\/6F5B9734-61E0-4A87-A207-D88B736F21BC-300x225.jpeg 300w, http:\/\/wolfsreise.d-l-w.de\/wp-content\/uploads\/2019\/09\/6F5B9734-61E0-4A87-A207-D88B736F21BC-768x576.jpeg 768w, http:\/\/wolfsreise.d-l-w.de\/wp-content\/uploads\/2019\/09\/6F5B9734-61E0-4A87-A207-D88B736F21BC.jpeg 2048w\" sizes=\"(max-width: 767px) 89vw, (max-width: 1000px) 54vw, (max-width: 1071px) 543px, 580px\" \/><figcaption>Sch\u00f6ner geht\u2019s kaum, aber bergauf die glatten Steine der Br\u00fccke zu besteigen, erfordert Geschick und Kraft. Wir st\u00e4rken uns zuvor mit Kaffee.<\/figcaption><\/figure>\n\n\n\n<figure class=\"wp-block-image\"><img loading=\"lazy\" decoding=\"async\" width=\"1024\" height=\"768\" src=\"http:\/\/wolfsreise.d-l-w.de\/wp-content\/uploads\/2019\/09\/1F55E4B6-E87F-4997-BFFA-2A5CC65EAEA9-1024x768.jpeg\" alt=\"\" class=\"wp-image-2557\" srcset=\"http:\/\/wolfsreise.d-l-w.de\/wp-content\/uploads\/2019\/09\/1F55E4B6-E87F-4997-BFFA-2A5CC65EAEA9-1024x768.jpeg 1024w, http:\/\/wolfsreise.d-l-w.de\/wp-content\/uploads\/2019\/09\/1F55E4B6-E87F-4997-BFFA-2A5CC65EAEA9-150x113.jpeg 150w, http:\/\/wolfsreise.d-l-w.de\/wp-content\/uploads\/2019\/09\/1F55E4B6-E87F-4997-BFFA-2A5CC65EAEA9-300x225.jpeg 300w, http:\/\/wolfsreise.d-l-w.de\/wp-content\/uploads\/2019\/09\/1F55E4B6-E87F-4997-BFFA-2A5CC65EAEA9-768x576.jpeg 768w, http:\/\/wolfsreise.d-l-w.de\/wp-content\/uploads\/2019\/09\/1F55E4B6-E87F-4997-BFFA-2A5CC65EAEA9.jpeg 2048w\" sizes=\"(max-width: 767px) 89vw, (max-width: 1000px) 54vw, (max-width: 1071px) 543px, 580px\" \/><figcaption> Der Tarn und jede Menge Landschaft &#8211; nur paddeln ist sch\u00f6ner.<\/figcaption><\/figure>\n\n\n\n<figure class=\"wp-block-image\"><img loading=\"lazy\" decoding=\"async\" width=\"1024\" height=\"768\" src=\"http:\/\/wolfsreise.d-l-w.de\/wp-content\/uploads\/2019\/09\/5E02B269-59B9-4C7F-800B-71779A4F0AD4-1024x768.jpeg\" alt=\"\" class=\"wp-image-2560\" srcset=\"http:\/\/wolfsreise.d-l-w.de\/wp-content\/uploads\/2019\/09\/5E02B269-59B9-4C7F-800B-71779A4F0AD4-1024x768.jpeg 1024w, http:\/\/wolfsreise.d-l-w.de\/wp-content\/uploads\/2019\/09\/5E02B269-59B9-4C7F-800B-71779A4F0AD4-150x113.jpeg 150w, http:\/\/wolfsreise.d-l-w.de\/wp-content\/uploads\/2019\/09\/5E02B269-59B9-4C7F-800B-71779A4F0AD4-300x225.jpeg 300w, http:\/\/wolfsreise.d-l-w.de\/wp-content\/uploads\/2019\/09\/5E02B269-59B9-4C7F-800B-71779A4F0AD4-768x576.jpeg 768w, http:\/\/wolfsreise.d-l-w.de\/wp-content\/uploads\/2019\/09\/5E02B269-59B9-4C7F-800B-71779A4F0AD4.jpeg 2048w\" sizes=\"(max-width: 767px) 89vw, (max-width: 1000px) 54vw, (max-width: 1071px) 543px, 580px\" \/><figcaption>Sperrwerk am Tarn und der edf-Luxustagungsort. Automatisch duschen und Fr\u00f6sche \u00e4rgern. Auch campen ist m\u00f6glich. Ein sch\u00f6ner Ort f\u00fcr ein anderes Mal.<\/figcaption><\/figure>\n\n\n\n<p>Wir starten mit drei Gef\u00e4hrten nach Albi. Das Kleine von Hans und Moni, das etwas gr\u00f6\u00dfere Auto von uns und das Wohnschiff von Theis und Ruth. In Albi zw\u00e4ngen sich R und T durch die Innenstadt, die ganz unverst\u00e4ndlich nicht verkehrsberuhigt ist, durch enge Kurven zum Stellplatz, an der Kathedrale vorbei, aber gl\u00fccklicherweise mit noch zwei freien Pl\u00e4tzen. Wir sind sp\u00e4t dran und \u201erennen\u201c in das Bauwerk, das jeder gesehen haben muss, so spektakul\u00e4r wie es ist. <\/p>\n\n\n\n<figure class=\"wp-block-image\"><img loading=\"lazy\" decoding=\"async\" width=\"1024\" height=\"768\" src=\"http:\/\/wolfsreise.d-l-w.de\/wp-content\/uploads\/2019\/09\/970C0F68-5D13-49E1-94BE-4206BBED63FA-1024x768.jpeg\" alt=\"\" class=\"wp-image-2570\" srcset=\"http:\/\/wolfsreise.d-l-w.de\/wp-content\/uploads\/2019\/09\/970C0F68-5D13-49E1-94BE-4206BBED63FA-1024x768.jpeg 1024w, http:\/\/wolfsreise.d-l-w.de\/wp-content\/uploads\/2019\/09\/970C0F68-5D13-49E1-94BE-4206BBED63FA-150x113.jpeg 150w, http:\/\/wolfsreise.d-l-w.de\/wp-content\/uploads\/2019\/09\/970C0F68-5D13-49E1-94BE-4206BBED63FA-300x225.jpeg 300w, http:\/\/wolfsreise.d-l-w.de\/wp-content\/uploads\/2019\/09\/970C0F68-5D13-49E1-94BE-4206BBED63FA-768x576.jpeg 768w, http:\/\/wolfsreise.d-l-w.de\/wp-content\/uploads\/2019\/09\/970C0F68-5D13-49E1-94BE-4206BBED63FA.jpeg 2048w\" sizes=\"(max-width: 767px) 89vw, (max-width: 1000px) 54vw, (max-width: 1071px) 543px, 580px\" \/><figcaption>Was macht der bl\u00f6de Zug vor diesem hinreissenden Geb\u00e4ude? Die Bisch\u00f6fe werden sich im Grab umdrehen<\/figcaption><\/figure>\n\n\n\n<figure class=\"wp-block-image\"><img loading=\"lazy\" decoding=\"async\" width=\"768\" height=\"1024\" src=\"http:\/\/wolfsreise.d-l-w.de\/wp-content\/uploads\/2019\/09\/5A8A3E85-2C7C-4E9A-A618-DFC650F94C3B-e1569096259768-768x1024.jpeg\" alt=\"\" class=\"wp-image-2569\" srcset=\"http:\/\/wolfsreise.d-l-w.de\/wp-content\/uploads\/2019\/09\/5A8A3E85-2C7C-4E9A-A618-DFC650F94C3B-e1569096259768-768x1024.jpeg 768w, http:\/\/wolfsreise.d-l-w.de\/wp-content\/uploads\/2019\/09\/5A8A3E85-2C7C-4E9A-A618-DFC650F94C3B-e1569096259768-113x150.jpeg 113w, http:\/\/wolfsreise.d-l-w.de\/wp-content\/uploads\/2019\/09\/5A8A3E85-2C7C-4E9A-A618-DFC650F94C3B-e1569096259768-225x300.jpeg 225w, http:\/\/wolfsreise.d-l-w.de\/wp-content\/uploads\/2019\/09\/5A8A3E85-2C7C-4E9A-A618-DFC650F94C3B-e1569096259768.jpeg 1536w\" sizes=\"(max-width: 767px) 89vw, (max-width: 1000px) 54vw, (max-width: 1071px) 543px, 580px\" \/><figcaption>Die rosa Kathedrale mit filigranem Eingang aus gekl\u00f6ppeltem Sandstein &#8211; sp\u00e4tgotisch.<\/figcaption><\/figure>\n\n\n\n<figure class=\"wp-block-image\"><img loading=\"lazy\" decoding=\"async\" width=\"768\" height=\"1024\" src=\"http:\/\/wolfsreise.d-l-w.de\/wp-content\/uploads\/2019\/09\/8AE5B772-5701-45CF-AF80-1A54B02BDF7E-768x1024.jpeg\" alt=\"\" class=\"wp-image-2564\" srcset=\"http:\/\/wolfsreise.d-l-w.de\/wp-content\/uploads\/2019\/09\/8AE5B772-5701-45CF-AF80-1A54B02BDF7E-768x1024.jpeg 768w, http:\/\/wolfsreise.d-l-w.de\/wp-content\/uploads\/2019\/09\/8AE5B772-5701-45CF-AF80-1A54B02BDF7E-113x150.jpeg 113w, http:\/\/wolfsreise.d-l-w.de\/wp-content\/uploads\/2019\/09\/8AE5B772-5701-45CF-AF80-1A54B02BDF7E-225x300.jpeg 225w, http:\/\/wolfsreise.d-l-w.de\/wp-content\/uploads\/2019\/09\/8AE5B772-5701-45CF-AF80-1A54B02BDF7E.jpeg 1536w\" sizes=\"(max-width: 767px) 89vw, (max-width: 1000px) 54vw, (max-width: 1071px) 543px, 580px\" \/><figcaption>Sch\u00f6ner k\u00f6nnen Monster aus dem 15. Jahrhundert kaum sein, auf, auf in den Himmel, aber nur die Auserw\u00e4hlten.<\/figcaption><\/figure>\n\n\n\n<figure class=\"wp-block-image\"><img loading=\"lazy\" decoding=\"async\" width=\"1024\" height=\"768\" src=\"http:\/\/wolfsreise.d-l-w.de\/wp-content\/uploads\/2019\/09\/373C6243-C7B5-4FBC-B52B-E752669B648A-e1569098296444-1024x768.jpeg\" alt=\"\" class=\"wp-image-2580\" srcset=\"http:\/\/wolfsreise.d-l-w.de\/wp-content\/uploads\/2019\/09\/373C6243-C7B5-4FBC-B52B-E752669B648A-e1569098296444-1024x768.jpeg 1024w, http:\/\/wolfsreise.d-l-w.de\/wp-content\/uploads\/2019\/09\/373C6243-C7B5-4FBC-B52B-E752669B648A-e1569098296444-150x113.jpeg 150w, http:\/\/wolfsreise.d-l-w.de\/wp-content\/uploads\/2019\/09\/373C6243-C7B5-4FBC-B52B-E752669B648A-e1569098296444-300x225.jpeg 300w, http:\/\/wolfsreise.d-l-w.de\/wp-content\/uploads\/2019\/09\/373C6243-C7B5-4FBC-B52B-E752669B648A-e1569098296444-768x576.jpeg 768w\" sizes=\"(max-width: 767px) 89vw, (max-width: 1000px) 54vw, (max-width: 1071px) 543px, 580px\" \/><figcaption>Bei Nacht sind alle Katzen grau &#8211; die Kathedrale bleibt strahlend sch\u00f6n in rosa.<\/figcaption><\/figure>\n\n\n\n<figure class=\"wp-block-image\"><img loading=\"lazy\" decoding=\"async\" width=\"1024\" height=\"768\" src=\"http:\/\/wolfsreise.d-l-w.de\/wp-content\/uploads\/2019\/09\/FAFC002D-27F3-48F0-BB4D-50949078929E-1024x768.jpeg\" alt=\"\" class=\"wp-image-2572\" srcset=\"http:\/\/wolfsreise.d-l-w.de\/wp-content\/uploads\/2019\/09\/FAFC002D-27F3-48F0-BB4D-50949078929E-1024x768.jpeg 1024w, http:\/\/wolfsreise.d-l-w.de\/wp-content\/uploads\/2019\/09\/FAFC002D-27F3-48F0-BB4D-50949078929E-150x113.jpeg 150w, http:\/\/wolfsreise.d-l-w.de\/wp-content\/uploads\/2019\/09\/FAFC002D-27F3-48F0-BB4D-50949078929E-300x225.jpeg 300w, http:\/\/wolfsreise.d-l-w.de\/wp-content\/uploads\/2019\/09\/FAFC002D-27F3-48F0-BB4D-50949078929E-768x576.jpeg 768w, http:\/\/wolfsreise.d-l-w.de\/wp-content\/uploads\/2019\/09\/FAFC002D-27F3-48F0-BB4D-50949078929E.jpeg 2048w\" sizes=\"(max-width: 767px) 89vw, (max-width: 1000px) 54vw, (max-width: 1071px) 543px, 580px\" \/><figcaption>Darauf  schaute der fast unfehlbare Bischof von Albi, wenn er seine  Stadt sehen wollte.<\/figcaption><\/figure>\n\n\n\n<p>Nach einem letzten gemeinsamen Getr\u00e4nk, Tanken und Sicherungen im Bus von Theis finden und tauschen, m\u00fcssen auch wir uns trennen. Die Wege scheiden sich. Theis und Ruth wollen an die K\u00fcste des Atlantiks, wir biegen zusammen in die Pyren\u00e4en ab. Zwei kurze Tage, wandern zu Kaskaden, am ersten Tag eine, am zweiten zwei. Einen dritten Tag gibt es nicht &#8230;<\/p>\n\n\n\n<p>Und weil wir uns so schlecht trennen k\u00f6nnen, sto\u00dfen Maria und Klaus zu uns, um am ersten Tag in den Pyren\u00e4en mit zu wandern. Am Abend essen wir im D\u00f6rfchen Seixt hervorragend Dinge, die wir nicht kannten. Das amuse gueule ist eine dicke Bohnensuppe, eine ganze Sch\u00fcssel voll. Foie gras (selbstverst\u00e4ndlich ohne Maria, Tierdoktor) in Sahne mit gestocktem Ei, dicke Lammstelzen mit Bohnen und Kartoffel und viel Knoblauch. Das st\u00e4rkt f\u00fcr den n\u00e4chsten Tag.<\/p>\n","protected":false},"excerpt":{"rendered":"<p>Wir k\u00f6nnen uns nicht trennen. Ruth, Moni, Conni, Paul, Hans, Theis und wir starten gemeinsam und wollen uns in Albi die Kathedrale und das Toulouse-Lautrec Museum reinziehen. Zuvor zeigen Hans und Moni Lieblingspl\u00e4tze ihrer \u201eSommerheimat\u201c, die wir alle lieben und immer wieder sehen wollen. Z.B. all diese kleinen Bergst\u00e4dtchen mit uralten Br\u00fccken, verwinkelten Gassen und &hellip; <\/p>\n<p class=\"link-more\"><a href=\"http:\/\/wolfsreise.d-l-w.de\/?p=2552\" class=\"more-link\"><span class=\"screen-reader-text\">\u201eAuf nach Albi und ab in die Pyren\u00e4en\u201c<\/span> weiterlesen<\/a><\/p>\n","protected":false},"author":2,"featured_media":0,"comment_status":"open","ping_status":"open","sticky":false,"template":"","format":"standard","meta":{"footnotes":""},"categories":[9],"tags":[],"class_list":["post-2552","post","type-post","status-publish","format-standard","hentry","category-europa-2019"],"_links":{"self":[{"href":"http:\/\/wolfsreise.d-l-w.de\/index.php?rest_route=\/wp\/v2\/posts\/2552"}],"collection":[{"href":"http:\/\/wolfsreise.d-l-w.de\/index.php?rest_route=\/wp\/v2\/posts"}],"about":[{"href":"http:\/\/wolfsreise.d-l-w.de\/index.php?rest_route=\/wp\/v2\/types\/post"}],"author":[{"embeddable":true,"href":"http:\/\/wolfsreise.d-l-w.de\/index.php?rest_route=\/wp\/v2\/users\/2"}],"replies":[{"embeddable":true,"href":"http:\/\/wolfsreise.d-l-w.de\/index.php?rest_route=%2Fwp%2Fv2%2Fcomments&post=2552"}],"version-history":[{"count":23,"href":"http:\/\/wolfsreise.d-l-w.de\/index.php?rest_route=\/wp\/v2\/posts\/2552\/revisions"}],"predecessor-version":[{"id":2645,"href":"http:\/\/wolfsreise.d-l-w.de\/index.php?rest_route=\/wp\/v2\/posts\/2552\/revisions\/2645"}],"wp:attachment":[{"href":"http:\/\/wolfsreise.d-l-w.de\/index.php?rest_route=%2Fwp%2Fv2%2Fmedia&parent=2552"}],"wp:term":[{"taxonomy":"category","embeddable":true,"href":"http:\/\/wolfsreise.d-l-w.de\/index.php?rest_route=%2Fwp%2Fv2%2Fcategories&post=2552"},{"taxonomy":"post_tag","embeddable":true,"href":"http:\/\/wolfsreise.d-l-w.de\/index.php?rest_route=%2Fwp%2Fv2%2Ftags&post=2552"}],"curies":[{"name":"wp","href":"https:\/\/api.w.org\/{rel}","templated":true}]}}